{"id":42790,"date":"2023-07-08T13:23:41","date_gmt":"2023-07-08T16:23:41","guid":{"rendered":"https:\/\/temucotelevision.cl\/web\/?p=42790"},"modified":"2023-07-08T18:15:45","modified_gmt":"2023-07-08T21:15:45","slug":"pas-de-danse-se-estrenara-en-el-teatro-municipal-de-temuco","status":"publish","type":"post","link":"https:\/\/temucotelevision.cl\/web\/2023\/07\/08\/pas-de-danse-se-estrenara-en-el-teatro-municipal-de-temuco\/","title":{"rendered":"Pas de Danse se estrenar\u00e1 en el Teatro Municipal de Temuco"},"content":{"rendered":"<div class=\"pvc_clear\"><\/div><p id=\"pvc_stats_42790\" class=\"pvc_stats total_only  \" data-element-id=\"42790\" style=\"\"><i class=\"pvc-stats-icon large\" aria-hidden=\"true\"><svg aria-hidden=\"true\" focusable=\"false\" data-prefix=\"far\" data-icon=\"chart-bar\" role=\"img\" xmlns=\"http:\/\/www.w3.org\/2000\/svg\" viewBox=\"0 0 512 512\" class=\"svg-inline--fa fa-chart-bar fa-w-16 fa-2x\"><path fill=\"currentColor\" d=\"M396.8 352h22.4c6.4 0 12.8-6.4 12.8-12.8V108.8c0-6.4-6.4-12.8-12.8-12.8h-22.4c-6.4 0-12.8 6.4-12.8 12.8v230.4c0 6.4 6.4 12.8 12.8 12.8zm-192 0h22.4c6.4 0 12.8-6.4 12.8-12.8V140.8c0-6.4-6.4-12.8-12.8-12.8h-22.4c-6.4 0-12.8 6.4-12.8 12.8v198.4c0 6.4 6.4 12.8 12.8 12.8zm96 0h22.4c6.4 0 12.8-6.4 12.8-12.8V204.8c0-6.4-6.4-12.8-12.8-12.8h-22.4c-6.4 0-12.8 6.4-12.8 12.8v134.4c0 6.4 6.4 12.8 12.8 12.8zM496 400H48V80c0-8.84-7.16-16-16-16H16C7.16 64 0 71.16 0 80v336c0 17.67 14.33 32 32 32h464c8.84 0 16-7.16 16-16v-16c0-8.84-7.16-16-16-16zm-387.2-48h22.4c6.4 0 12.8-6.4 12.8-12.8v-70.4c0-6.4-6.4-12.8-12.8-12.8h-22.4c-6.4 0-12.8 6.4-12.8 12.8v70.4c0 6.4 6.4 12.8 12.8 12.8z\" class=\"\"><\/path><\/svg><\/i> <img loading=\"lazy\" decoding=\"async\" width=\"16\" height=\"16\" alt=\"Loading\" src=\"https:\/\/temucotelevision.cl\/web\/wp-content\/plugins\/page-views-count\/ajax-loader-2x.gif\" border=0 \/><\/p><div class=\"pvc_clear\"><\/div>\n<p>Pas de Danse es un montaje colectivo de danza Pie Tra Pie, cuyo objetivo es transitar en la t\u00e9cnica m\u00e1s reciente. El bailar\u00edn, a trav\u00e9s de su cuerpo posee una perspectiva de 360\u00b0, donde es explorado por un s\u00f3lo frente, visto desde el escenario frontal dejando a la imaginaci\u00f3n lo que sucede a su espalda.<\/p>\n\n\n\n<p>Pas de Danse, como su nombre lo menciona, son sucesivos \u00abPasos de danza\u00bb, tr\u00e1nsito entre un\u00edsonos, tr\u00edos, d\u00faos y solos trabajados con la t\u00e9cnica moderna pura, exponiendo al cuerpo de baile a la exigencia de conciencia corporal plena, donde el espectador observa su frente en dibujos de piso din\u00e1micos entregando as\u00ed una experiencia diferente y global de la t\u00e9cnica moderna y en su ejecuci\u00f3n como tal.<\/p>\n\n\n\n<p>Esta obra dura alrededor de 45 minutos,&nbsp;bajo la direcci\u00f3n y coreograf\u00eda de Reinaldo Araneda Parra,&nbsp;Pas&nbsp;de&nbsp;Danse&nbsp;es un viaje vertiginoso, esquem\u00e1tico y ca\u00f3tico a la vez, que invita a disfrutar de una llamativa programaci\u00f3n a partir de la danza en nuestra regi\u00f3n de La Araucan\u00eda.&nbsp;<\/p>\n\n\n\n<p>Esta compa\u00f1\u00eda Pie Tra Pie dar\u00e1 una clase abierta al p\u00fablico regional el mismo viernes 14 de julio, a las 11.30 horas, en el escenario del Teatro Municipal Temuco para participar debes saber peque\u00f1as nociones b\u00e1sicas de danza. Para inscripciones escribir a&nbsp;<a>teatromunicipal@temuco.cl<\/a><\/p>\n\n\n\n<p><\/p>\n","protected":false},"excerpt":{"rendered":"<div class=\"pvc_clear\"><\/div>\n<p id=\"pvc_stats_42790\" class=\"pvc_stats total_only  \" data-element-id=\"42790\" style=\"\"><i class=\"pvc-stats-icon large\" aria-hidden=\"true\"><svg aria-hidden=\"true\" focusable=\"false\" data-prefix=\"far\" data-icon=\"chart-bar\" role=\"img\" xmlns=\"http:\/\/www.w3.org\/2000\/svg\" viewBox=\"0 0 512 512\" class=\"svg-inline--fa fa-chart-bar fa-w-16 fa-2x\"><path fill=\"currentColor\" d=\"M396.8 352h22.4c6.4 0 12.8-6.4 12.8-12.8V108.8c0-6.4-6.4-12.8-12.8-12.8h-22.4c-6.4 0-12.8 6.4-12.8 12.8v230.4c0 6.4 6.4 12.8 12.8 12.8zm-192 0h22.4c6.4 0 12.8-6.4 12.8-12.8V140.8c0-6.4-6.4-12.8-12.8-12.8h-22.4c-6.4 0-12.8 6.4-12.8 12.8v198.4c0 6.4 6.4 12.8 12.8 12.8zm96 0h22.4c6.4 0 12.8-6.4 12.8-12.8V204.8c0-6.4-6.4-12.8-12.8-12.8h-22.4c-6.4 0-12.8 6.4-12.8 12.8v134.4c0 6.4 6.4 12.8 12.8 12.8zM496 400H48V80c0-8.84-7.16-16-16-16H16C7.16 64 0 71.16 0 80v336c0 17.67 14.33 32 32 32h464c8.84 0 16-7.16 16-16v-16c0-8.84-7.16-16-16-16zm-387.2-48h22.4c6.4 0 12.8-6.4 12.8-12.8v-70.4c0-6.4-6.4-12.8-12.8-12.8h-22.4c-6.4 0-12.8 6.4-12.8 12.8v70.4c0 6.4 6.4 12.8 12.8 12.8z\" class=\"\"><\/path><\/svg><\/i> <img loading=\"lazy\" decoding=\"async\" width=\"16\" height=\"16\" alt=\"Loading\" src=\"https:\/\/temucotelevision.cl\/web\/wp-content\/plugins\/page-views-count\/ajax-loader-2x.gif\" border=0 \/><\/p>\n<div class=\"pvc_clear\"><\/div>\n<p>Pas de Danse es un montaje colectivo de danza Pie Tra Pie, cuyo objetivo es transitar en la t\u00e9cnica m\u00e1s<\/p>\n","protected":false},"author":1,"featured_media":42791,"comment_status":"open","ping_status":"open","sticky":false,"template":"","format":"standard","meta":{"colormag_page_container_layout":"default_layout","colormag_page_sidebar_layout":"default_layout","footnotes":""},"categories":[86],"tags":[6576,1176,6577,283],"class_list":["post-42790","post","type-post","status-publish","format-standard","has-post-thumbnail","hentry","category-panoramas","tag-danse","tag-danza","tag-montaje","tag-teatro"],"a3_pvc":{"activated":true,"total_views":228,"today_views":0},"_links":{"self":[{"href":"https:\/\/temucotelevision.cl\/web\/wp-json\/wp\/v2\/posts\/42790","targetHints":{"allow":["GET"]}}],"collection":[{"href":"https:\/\/temucotelevision.cl\/web\/wp-json\/wp\/v2\/posts"}],"about":[{"href":"https:\/\/temucotelevision.cl\/web\/wp-json\/wp\/v2\/types\/post"}],"author":[{"embeddable":true,"href":"https:\/\/temucotelevision.cl\/web\/wp-json\/wp\/v2\/users\/1"}],"replies":[{"embeddable":true,"href":"https:\/\/temucotelevision.cl\/web\/wp-json\/wp\/v2\/comments?post=42790"}],"version-history":[{"count":1,"href":"https:\/\/temucotelevision.cl\/web\/wp-json\/wp\/v2\/posts\/42790\/revisions"}],"predecessor-version":[{"id":42792,"href":"https:\/\/temucotelevision.cl\/web\/wp-json\/wp\/v2\/posts\/42790\/revisions\/42792"}],"wp:featuredmedia":[{"embeddable":true,"href":"https:\/\/temucotelevision.cl\/web\/wp-json\/wp\/v2\/media\/42791"}],"wp:attachment":[{"href":"https:\/\/temucotelevision.cl\/web\/wp-json\/wp\/v2\/media?parent=42790"}],"wp:term":[{"taxonomy":"category","embeddable":true,"href":"https:\/\/temucotelevision.cl\/web\/wp-json\/wp\/v2\/categories?post=42790"},{"taxonomy":"post_tag","embeddable":true,"href":"https:\/\/temucotelevision.cl\/web\/wp-json\/wp\/v2\/tags?post=42790"}],"curies":[{"name":"wp","href":"https:\/\/api.w.org\/{rel}","templated":true}]}}