{"id":42786,"date":"2023-07-08T12:31:45","date_gmt":"2023-07-08T15:31:45","guid":{"rendered":"https:\/\/temucotelevision.cl\/web\/?p=42786"},"modified":"2023-07-08T18:16:02","modified_gmt":"2023-07-08T21:16:02","slug":"nuevas-iniciativas-basadas-en-la-ia-y-analitica-impactan-el-bien-de-la-salud-vida-marina-y-las-comunidades","status":"publish","type":"post","link":"https:\/\/temucotelevision.cl\/web\/2023\/07\/08\/nuevas-iniciativas-basadas-en-la-ia-y-analitica-impactan-el-bien-de-la-salud-vida-marina-y-las-comunidades\/","title":{"rendered":"Nuevas iniciativas basadas en la IA y anal\u00edtica impactan el bien de la salud, vida marina y las comunidades"},"content":{"rendered":"<div class=\"pvc_clear\"><\/div><p id=\"pvc_stats_42786\" class=\"pvc_stats total_only  \" data-element-id=\"42786\" style=\"\"><i class=\"pvc-stats-icon large\" aria-hidden=\"true\"><svg aria-hidden=\"true\" focusable=\"false\" data-prefix=\"far\" data-icon=\"chart-bar\" role=\"img\" xmlns=\"http:\/\/www.w3.org\/2000\/svg\" viewBox=\"0 0 512 512\" class=\"svg-inline--fa fa-chart-bar fa-w-16 fa-2x\"><path fill=\"currentColor\" d=\"M396.8 352h22.4c6.4 0 12.8-6.4 12.8-12.8V108.8c0-6.4-6.4-12.8-12.8-12.8h-22.4c-6.4 0-12.8 6.4-12.8 12.8v230.4c0 6.4 6.4 12.8 12.8 12.8zm-192 0h22.4c6.4 0 12.8-6.4 12.8-12.8V140.8c0-6.4-6.4-12.8-12.8-12.8h-22.4c-6.4 0-12.8 6.4-12.8 12.8v198.4c0 6.4 6.4 12.8 12.8 12.8zm96 0h22.4c6.4 0 12.8-6.4 12.8-12.8V204.8c0-6.4-6.4-12.8-12.8-12.8h-22.4c-6.4 0-12.8 6.4-12.8 12.8v134.4c0 6.4 6.4 12.8 12.8 12.8zM496 400H48V80c0-8.84-7.16-16-16-16H16C7.16 64 0 71.16 0 80v336c0 17.67 14.33 32 32 32h464c8.84 0 16-7.16 16-16v-16c0-8.84-7.16-16-16-16zm-387.2-48h22.4c6.4 0 12.8-6.4 12.8-12.8v-70.4c0-6.4-6.4-12.8-12.8-12.8h-22.4c-6.4 0-12.8 6.4-12.8 12.8v70.4c0 6.4 6.4 12.8 12.8 12.8z\" class=\"\"><\/path><\/svg><\/i> <img loading=\"lazy\" decoding=\"async\" width=\"16\" height=\"16\" alt=\"Loading\" src=\"https:\/\/temucotelevision.cl\/web\/wp-content\/plugins\/page-views-count\/ajax-loader-2x.gif\" border=0 \/><\/p><div class=\"pvc_clear\"><\/div>\n<ul class=\"wp-block-list\"><li>Un nuevo laboratorio \u00e9tico de inteligencia artificial (IA) para la salud y la ampliaci\u00f3n del equipo de \u00e9tica de datos permitir\u00e1 respetar los derechos y valores de los pacientes.<br><\/li><li>Gracias a la tecnolog\u00eda anal\u00edtica se ha creado una infraestructura digital de ciudad inteligente para mejorar el transporte.<br><\/li><li>La inteligencia artificial est\u00e1 siendo utilizada para proteger a las tortugas marinas en peligro de extinci\u00f3n.&nbsp;<\/li><\/ul>\n\n\n\n<p>&nbsp;Sin duda, la tecnolog\u00eda y los datos presentan beneficios exponenciales no solo para el mundo empresarial sino tambi\u00e9n para mejorar la calidad de vida de las personas, preservar especies y cuidar el medio ambiente.<br><br>Es precisamente en esta l\u00ednea que SAS una vez m\u00e1s reafirma su compromiso con el uso de los datos de forma significativa (<a rel=\"noreferrer noopener\" href=\"https:\/\/www.sas.com\/en_us\/data-for-good.html\" target=\"_blank\">Data for good<\/a>) mostrando que la anal\u00edtica al servicio de la humanidad puede ayudar a resolver problemas humanitarios en todo el mundo relacionados con la pobreza, la salud, los derechos humanos, la educaci\u00f3n y el medio ambiente.&nbsp;<\/p>\n\n\n\n<p>\u201cLas acciones de la anal\u00edtica implican un gran paso para las industrias y la sociedad en general, con el desarrollo e inversiones que realizamos en IA es posible presentar nuevas e innovadoras soluciones que mejoran la vida\u201d, destaca H\u00e9ctor Cobo, VP Regional en SAS M\u00e9xico, Caribe, Centroam\u00e9rica y Per\u00fa.&nbsp;<\/p>\n\n\n\n<p>Actualmente, la compa\u00f1\u00eda colabora con organizaciones de todo el mundo que aplican los datos para lograr un impacto social positivo.<\/p>\n\n\n\n<p><strong>Innovador laboratorio de IA fomenta la \u00e9tica en la atenci\u00f3n de salud<\/strong><\/p>\n\n\n\n<p>Como parte de su compromiso con la&nbsp;<a href=\"https:\/\/www.sas.com\/en_us\/company-information\/innovation\/responsible-innovation.html\" target=\"_blank\" rel=\"noreferrer noopener\">innovaci\u00f3n responsable<\/a>, SAS ha colaborado recientemente con dos organizaciones holandesas: Erasmus University Medical Center (Erasmus MC), uno de los principales hospitales acad\u00e9micos de Europa; y Delft University of Technology (TU Delft), sede del TU Delft Digital Ethics Centre, para poner en marcha el primer Laboratorio de Inteligencia Artificial Responsable y \u00c9tica en la Asistencia Sanitaria (REAHL).<\/p>\n\n\n\n<p>El objetivo de este laboratorio es abordar los problemas y retos \u00e9ticos relacionados con el desarrollo y la aplicaci\u00f3n de las tecnolog\u00edas de IA en la atenci\u00f3n a la salud, por lo que, en colaboraci\u00f3n con un equipo multidisciplinario de expertos en IA, medicina y \u00e9tica buscan garantizar que los sistemas de inteligencia artificial sean imparciales, transparentes, responsables y respeten los derechos y valores de los pacientes, adem\u00e1s de crear un marco para la&nbsp;<a href=\"https:\/\/www.sas.com\/en_us\/software\/health.html\" target=\"_blank\" rel=\"noreferrer noopener\">IA \u00e9tica en la atenci\u00f3n a la salud<\/a>&nbsp;que sirva de modelo para centros m\u00e9dicos en todo el mundo.<\/p>\n\n\n\n<p><strong>Pr\u00e1ctica de \u00e9tica de datos para explorar la promesa de la IA<\/strong><\/p>\n\n\n\n<p>La explosi\u00f3n de la IA generativa en forma de ChatGPT, Google Bard y otros ha reavivado el debate en torno a la IA en la sociedad. Para explorar las aplicaciones positivas de la IA, SAS ha ampliado recientemente la Pr\u00e1ctica de \u00c9tica de Datos mediante la integraci\u00f3n del equipo Data for Good de la empresa.<\/p>\n\n\n\n<p>El equipo de SAS Data for Good buscar\u00e1 oportunidades de asociarse con organizaciones para aplicar la IA a causas que mejoren la sociedad. Por ejemplo, el equipo ha colaborado anteriormente con organizaciones sin fines de lucro para luchar contra la destrucci\u00f3n de la selva tropical en Brasil y explorar la discriminaci\u00f3n en materia de vivienda en la ciudad de Nueva York.<\/p>\n\n\n\n<p><strong>IA y anal\u00edtica avanzada: impulsando ciudades inteligentes y sostenibles<\/strong><\/p>\n\n\n\n<p>La tecnolog\u00eda anal\u00edtica e IA permiten a las organizaciones ser m\u00e1s sostenibles, reducir las emisiones y desarrollar operaciones m\u00e1s inteligentes y eficientes.&nbsp;<br><br>&#8220;Un futuro sostenible requiere soluciones basadas en la ciencia y los datos para hacer frente al cambio clim\u00e1tico y adaptarse a sus efectos. Ciudades y organizaciones innovadoras y resilientes est\u00e1n aplicando nuestra anal\u00edtica para apoyar un ma\u00f1ana m\u00e1s verde, ya sea reduciendo la congesti\u00f3n del tr\u00e1fico u optimizando el uso de la energ\u00eda\u201d, destaca Jim Goodnight, CEO de SAS.<\/p>\n\n\n\n<p>Tal es el caso de Estambul, capital de Turqu\u00eda, que, debido al vertiginoso aumento de su poblaci\u00f3n (16 millones de habitantes), comenz\u00f3 a saturar la red de transportes de la ciudad. Por lo que, el Ayuntamiento Metropolitano de Estambul (IMM) recurri\u00f3 a la compa\u00f1\u00eda anal\u00edtica para crear una infraestructura digital de ciudad inteligente, con la cual los ingenieros y planificadores de la ciudad puedan comprender, prever y gestionar mejor los problemas de tr\u00e1fico de la ciudad.&nbsp;<\/p>\n\n\n\n<p>El nuevo sistema analiza datos hist\u00f3ricos de tr\u00e1fico e incorpora fuentes de datos en directo procedentes de una red cada vez m\u00e1s fortalecida, a trav\u00e9s de datos generados en c\u00e1maras de tr\u00e1fico, sensores y aplicaciones m\u00f3viles para optimizar rutas, mejorar servicios y ofrecer una mejor calidad de vida.<\/p>\n\n\n\n<p><strong>Protegiendo a las tortugas marinas en peligro de extinci\u00f3n en Gal\u00e1pagos con IA impulsada por la comunidad global<\/strong><\/p>\n\n\n\n<p>Como organizaci\u00f3n dedicada a la innovaci\u00f3n responsable y al uso de la tecnolog\u00eda para impulsar un cambio positivo, SAS aplicar\u00e1 la Inteligencia Artificial (IA) y el machine learning para ayudar a proteger a las tortugas marinas en peligro de extinci\u00f3n. La compa\u00f1\u00eda est\u00e1 trabajando con el Centro de Estudios de Gal\u00e1pagos (CGS) de la UNC para avanzar en la investigaci\u00f3n de varias iniciativas en las islas y analizar as\u00ed datos y recopilar informaci\u00f3n que les ayude a comprender entornos de todo el mundo que se enfrentan a retos similares<\/p>\n\n\n\n<p>Conociendo los patrones del tibur\u00f3n martillo para su conservaci\u00f3n. Los tiburones martillo suelen realizar desplazamientos nocturnos mar adentro y es necesario comprender mejor qu\u00e9 impulsa estos movimientos. El&nbsp;<a href=\"https:\/\/blogs.sas.com\/content\/sascom\/2023\/05\/01\/visualizing-new-ways-to-protect-sharks-with-data-and-analytics\/\" target=\"_blank\" rel=\"noreferrer noopener\">proyecto del tibur\u00f3n martillo<\/a>&nbsp;se centra en la presencia o ausencia de estos tiburones en alta mar y en la costa, y en determinar si sus movimientos son sincr\u00f3nicos y\/o r\u00edtmicos. Esta informaci\u00f3n puede ayudar a delimitar las zonas de conservaci\u00f3n, as\u00ed como las pr\u00e1cticas pesqueras y tur\u00edsticas sostenibles.&nbsp;<br><\/p>\n\n\n\n<p>Preservando el fitoplancton.&nbsp; Como base energ\u00e9tica y de recursos de todas las redes alimentarias del planeta, comprender tanto la dispersi\u00f3n espacial y temporal, como las interacciones comunitarias de las poblaciones de fitoplancton es imperativo para la conservaci\u00f3n. El objetivo del&nbsp;<a href=\"https:\/\/blogs.sas.com\/content\/sascom\/2023\/05\/03\/how-sas-helps-galapagos-researchers-learn-more-about-phytoplankton-populations\" target=\"_blank\" rel=\"noreferrer noopener\">proyecto&nbsp;<\/a>es comprender los factores f\u00edsicos, qu\u00edmicos y biol\u00f3gicos que influyen en estos peque\u00f1os pero poderosos organismos.<br><br>Los cambios de temperatura de los oc\u00e9anos, las condiciones meteorol\u00f3gicas y la actividad humana influyen en el mundo marino que los alberga. Ser capaces de predecir los cambios en la base de la cadena alimentaria puede aportar informaci\u00f3n sobre el impacto del cambio clim\u00e1tico en toda la vida marina y, a su vez, en las poblaciones humanas que dependen de ella.<\/p>\n\n\n\n<p>\u201cEstas iniciativas demuestran que nuestra innovaci\u00f3n e IA responsable y c\u00f3mo aportamos en una mejora continua a trav\u00e9s de colaboraciones que impacten el bien com\u00fan apoyados por la tecnolog\u00eda anal\u00edtica\u201d, destac\u00f3 H\u00e9ctor Cobo, VP Regional en SAS M\u00e9xico, Caribe, Centroam\u00e9rica y Per\u00fa.&nbsp;<\/p>\n\n\n\n<p><a href=\"http:\/\/www.sas.com\/about\" target=\"_blank\" rel=\"noreferrer noopener\"><strong>Acerca de SAS<\/strong><\/a><\/p>\n\n\n\n<p>SAS es el l\u00edder en anal\u00edtica. A trav\u00e9s de software y servicios innovadores, SAS capacita e inspira a los clientes de todo el mundo para transformar los datos en inteligencia. SAS le da THE POWER TO KNOW\u00ae.<\/p>\n\n\n\n<p><em>SAS y todos los dem\u00e1s nombres de productos o servicios de SAS Institute Inc. son marcas registradas o marcas comerciales de SAS Institute Inc. en EE.UU. y otros pa\u00edses. \u00ae indica que est\u00e1 registrado en los Estados Unidos. Otros nombres de marcas y productos son marcas comerciales de sus respectivas compa\u00f1\u00edas. Copyright \u00a9 2021 SAS Institute Inc. Todos los derechos reservados.<\/em><\/p>\n","protected":false},"excerpt":{"rendered":"<div class=\"pvc_clear\"><\/div>\n<p id=\"pvc_stats_42786\" class=\"pvc_stats total_only  \" data-element-id=\"42786\" style=\"\"><i class=\"pvc-stats-icon large\" aria-hidden=\"true\"><svg aria-hidden=\"true\" focusable=\"false\" data-prefix=\"far\" data-icon=\"chart-bar\" role=\"img\" xmlns=\"http:\/\/www.w3.org\/2000\/svg\" viewBox=\"0 0 512 512\" class=\"svg-inline--fa fa-chart-bar fa-w-16 fa-2x\"><path fill=\"currentColor\" d=\"M396.8 352h22.4c6.4 0 12.8-6.4 12.8-12.8V108.8c0-6.4-6.4-12.8-12.8-12.8h-22.4c-6.4 0-12.8 6.4-12.8 12.8v230.4c0 6.4 6.4 12.8 12.8 12.8zm-192 0h22.4c6.4 0 12.8-6.4 12.8-12.8V140.8c0-6.4-6.4-12.8-12.8-12.8h-22.4c-6.4 0-12.8 6.4-12.8 12.8v198.4c0 6.4 6.4 12.8 12.8 12.8zm96 0h22.4c6.4 0 12.8-6.4 12.8-12.8V204.8c0-6.4-6.4-12.8-12.8-12.8h-22.4c-6.4 0-12.8 6.4-12.8 12.8v134.4c0 6.4 6.4 12.8 12.8 12.8zM496 400H48V80c0-8.84-7.16-16-16-16H16C7.16 64 0 71.16 0 80v336c0 17.67 14.33 32 32 32h464c8.84 0 16-7.16 16-16v-16c0-8.84-7.16-16-16-16zm-387.2-48h22.4c6.4 0 12.8-6.4 12.8-12.8v-70.4c0-6.4-6.4-12.8-12.8-12.8h-22.4c-6.4 0-12.8 6.4-12.8 12.8v70.4c0 6.4 6.4 12.8 12.8 12.8z\" class=\"\"><\/path><\/svg><\/i> <img loading=\"lazy\" decoding=\"async\" width=\"16\" height=\"16\" alt=\"Loading\" src=\"https:\/\/temucotelevision.cl\/web\/wp-content\/plugins\/page-views-count\/ajax-loader-2x.gif\" border=0 \/><\/p>\n<div class=\"pvc_clear\"><\/div>\n<p>Un nuevo laboratorio \u00e9tico de inteligencia artificial (IA) para la salud y la ampliaci\u00f3n del equipo de \u00e9tica de datos<\/p>\n","protected":false},"author":1,"featured_media":42787,"comment_status":"open","ping_status":"open","sticky":false,"template":"","format":"standard","meta":{"colormag_page_container_layout":"default_layout","colormag_page_sidebar_layout":"default_layout","footnotes":""},"categories":[101,18],"tags":[],"class_list":["post-42786","post","type-post","status-publish","format-standard","has-post-thumbnail","hentry","category-actualidad","category-nacional"],"a3_pvc":{"activated":true,"total_views":498,"today_views":0},"_links":{"self":[{"href":"https:\/\/temucotelevision.cl\/web\/wp-json\/wp\/v2\/posts\/42786","targetHints":{"allow":["GET"]}}],"collection":[{"href":"https:\/\/temucotelevision.cl\/web\/wp-json\/wp\/v2\/posts"}],"about":[{"href":"https:\/\/temucotelevision.cl\/web\/wp-json\/wp\/v2\/types\/post"}],"author":[{"embeddable":true,"href":"https:\/\/temucotelevision.cl\/web\/wp-json\/wp\/v2\/users\/1"}],"replies":[{"embeddable":true,"href":"https:\/\/temucotelevision.cl\/web\/wp-json\/wp\/v2\/comments?post=42786"}],"version-history":[{"count":2,"href":"https:\/\/temucotelevision.cl\/web\/wp-json\/wp\/v2\/posts\/42786\/revisions"}],"predecessor-version":[{"id":42800,"href":"https:\/\/temucotelevision.cl\/web\/wp-json\/wp\/v2\/posts\/42786\/revisions\/42800"}],"wp:featuredmedia":[{"embeddable":true,"href":"https:\/\/temucotelevision.cl\/web\/wp-json\/wp\/v2\/media\/42787"}],"wp:attachment":[{"href":"https:\/\/temucotelevision.cl\/web\/wp-json\/wp\/v2\/media?parent=42786"}],"wp:term":[{"taxonomy":"category","embeddable":true,"href":"https:\/\/temucotelevision.cl\/web\/wp-json\/wp\/v2\/categories?post=42786"},{"taxonomy":"post_tag","embeddable":true,"href":"https:\/\/temucotelevision.cl\/web\/wp-json\/wp\/v2\/tags?post=42786"}],"curies":[{"name":"wp","href":"https:\/\/api.w.org\/{rel}","templated":true}]}}