{"id":42775,"date":"2023-07-08T12:06:52","date_gmt":"2023-07-08T15:06:52","guid":{"rendered":"https:\/\/temucotelevision.cl\/web\/?p=42775"},"modified":"2023-07-08T18:16:44","modified_gmt":"2023-07-08T21:16:44","slug":"con-exito-finaliza-ejercicio-de-evacuacion-aeromedica-de-la-jefatura-de-la-defensa-nacional-de-la-araucania-en-conjunto-con-el-hospital-regional-de-temuco","status":"publish","type":"post","link":"https:\/\/temucotelevision.cl\/web\/2023\/07\/08\/con-exito-finaliza-ejercicio-de-evacuacion-aeromedica-de-la-jefatura-de-la-defensa-nacional-de-la-araucania-en-conjunto-con-el-hospital-regional-de-temuco\/","title":{"rendered":"Con \u00e9xito finaliza Ejercicio de Evacuaci\u00f3n Aerom\u00e9dica de la\u00a0Jefatura de la Defensa Nacional de La Araucan\u00eda en conjunto con el Hospital Regional de Temuco"},"content":{"rendered":"<div class=\"pvc_clear\"><\/div><p id=\"pvc_stats_42775\" class=\"pvc_stats total_only  \" data-element-id=\"42775\" style=\"\"><i class=\"pvc-stats-icon large\" aria-hidden=\"true\"><svg aria-hidden=\"true\" focusable=\"false\" data-prefix=\"far\" data-icon=\"chart-bar\" role=\"img\" xmlns=\"http:\/\/www.w3.org\/2000\/svg\" viewBox=\"0 0 512 512\" class=\"svg-inline--fa fa-chart-bar fa-w-16 fa-2x\"><path fill=\"currentColor\" d=\"M396.8 352h22.4c6.4 0 12.8-6.4 12.8-12.8V108.8c0-6.4-6.4-12.8-12.8-12.8h-22.4c-6.4 0-12.8 6.4-12.8 12.8v230.4c0 6.4 6.4 12.8 12.8 12.8zm-192 0h22.4c6.4 0 12.8-6.4 12.8-12.8V140.8c0-6.4-6.4-12.8-12.8-12.8h-22.4c-6.4 0-12.8 6.4-12.8 12.8v198.4c0 6.4 6.4 12.8 12.8 12.8zm96 0h22.4c6.4 0 12.8-6.4 12.8-12.8V204.8c0-6.4-6.4-12.8-12.8-12.8h-22.4c-6.4 0-12.8 6.4-12.8 12.8v134.4c0 6.4 6.4 12.8 12.8 12.8zM496 400H48V80c0-8.84-7.16-16-16-16H16C7.16 64 0 71.16 0 80v336c0 17.67 14.33 32 32 32h464c8.84 0 16-7.16 16-16v-16c0-8.84-7.16-16-16-16zm-387.2-48h22.4c6.4 0 12.8-6.4 12.8-12.8v-70.4c0-6.4-6.4-12.8-12.8-12.8h-22.4c-6.4 0-12.8 6.4-12.8 12.8v70.4c0 6.4 6.4 12.8 12.8 12.8z\" class=\"\"><\/path><\/svg><\/i> <img loading=\"lazy\" decoding=\"async\" width=\"16\" height=\"16\" alt=\"Loading\" src=\"https:\/\/temucotelevision.cl\/web\/wp-content\/plugins\/page-views-count\/ajax-loader-2x.gif\" border=0 \/><\/p><div class=\"pvc_clear\"><\/div>\n<p>En el marco de las actividades de coordinaci\u00f3n y colaboraci\u00f3n con instituciones y organismos de la Regi\u00f3n, la Jefatura de la Defensa Nacional (JDN) de la Regi\u00f3n de La Araucan\u00eda, planific\u00f3 un ejercicio de Evacuaci\u00f3n Aerom\u00e9dica en conjunto con el Hospital Dr. Hern\u00e1n Henr\u00edquez Aravena de la Ciudad de Temuco.&nbsp;<\/p>\n\n\n\n<p>Se trata de un ejercicio donde se pusieron a prueba las capacidades humanas, a\u00e9reas y terrestres, los procedimientos t\u00e1ctico t\u00e9cnico para atender y trasladar a un herido por un proyectil bal\u00edstico.&nbsp;<\/p>\n\n\n\n<p>Para el General de Brigada, Rafael Cabrera O., Jefe de la Defensa Nacional de La Araucan\u00eda, se\u00f1al\u00f3 que el ejercicio \u201c<em>ten\u00eda como prop\u00f3sito poder realizar una evacuaci\u00f3n aerom\u00e9dica. Se realizaron todas las coordinaciones en forma previa con el equipo m\u00e9dico. Tuvimos una atenci\u00f3n de primer nivel, muy coordinada, de manera integrada, lo que permiti\u00f3 poder evaluar cada una de las capacidades, para tener la tranquilidad de atender a nuestro personal en caso de requerirlo, en las mejores condiciones\u201d.<\/em><\/p>\n\n\n\n<p>La llamada de emergencia para la Evacuaci\u00f3n Aerom\u00e9dica, se realiz\u00f3 desde la comuna de Victoria al Puesto de Mando de la Jefatura de Defensa Nacional La Araucan\u00eda, activando los protocolos establecidos para atender este tipo de situaciones, la que consider\u00f3 movilizar un helic\u00f3ptero MD-530 del Ej\u00e9rcito de Chile, aeronave que principalmente realiza patrullajes diurnos, operaciones de reconocimientos y traslados de operadores de Fuerzas Especiales.&nbsp;<\/p>\n\n\n\n<p>Al mismo tiempo, los profesionales de la salud del Hospital Regional de Temuco comenzaron con los procesos de atenci\u00f3n para recibir a un herido con condici\u00f3n de politrauma, que llegaba al helipuerto, para ser traslado y atendido por el Servicio de Urgencia de Adulto del hospital.&nbsp;<\/p>\n\n\n\n<p><em>\u201cEste ejercicio es muy positivo. Siempre atender a un paciente con politrauma es algo complejo y se echan a andar una serie de mecanismos y procesos que son en cadena. As\u00ed que, tener la oportunidad de simular esto, en un tiempo real es un tremendo beneficio para nosotros porque nos permite adelantar errores que pueden ocurrir en el futuro con la idea de corregirlos para evitarlos en caso de que fuera necesario<\/em>\u201d, coment\u00f3 el Jefe del Servicio de Urgencias, Dr. Nicol\u00e1s Rojas M.<\/p>\n\n\n\n<p>Para la Jefatura de la Defensa Nacional, este ejercicio permiti\u00f3 medir y mantener el alistamiento operacional, contar con una fuerza militar en condiciones de cumplir las misiones y tareas propias del Estado de Excepci\u00f3n Constitucional de Emergencia.<\/p>\n\n\n\n<p>Finalmente, la JDN manifiesta su compromiso de continuar trabajando en coordinaci\u00f3n con las diferentes autoridades y organismos de la Regi\u00f3n de La Araucan\u00eda.&nbsp;<\/p>\n\n\n\n<figure class=\"wp-block-image size-large\"><img loading=\"lazy\" decoding=\"async\" width=\"1024\" height=\"578\" src=\"https:\/\/temucotelevision.cl\/web\/wp-content\/uploads\/2023\/07\/HERIDO-2-1024x578.jpg\" alt=\"\" class=\"wp-image-42777\" srcset=\"https:\/\/temucotelevision.cl\/web\/wp-content\/uploads\/2023\/07\/HERIDO-2-1024x578.jpg 1024w, https:\/\/temucotelevision.cl\/web\/wp-content\/uploads\/2023\/07\/HERIDO-2-768x433.jpg 768w, https:\/\/temucotelevision.cl\/web\/wp-content\/uploads\/2023\/07\/HERIDO-2-1536x867.jpg 1536w, https:\/\/temucotelevision.cl\/web\/wp-content\/uploads\/2023\/07\/HERIDO-2-2048x1155.jpg 2048w\" sizes=\"auto, (max-width: 1024px) 100vw, 1024px\" \/><\/figure>\n\n\n\n<figure class=\"wp-block-image size-large\"><img loading=\"lazy\" decoding=\"async\" width=\"1024\" height=\"576\" src=\"https:\/\/temucotelevision.cl\/web\/wp-content\/uploads\/2023\/07\/CAMILLA-1024x576.png\" alt=\"\" class=\"wp-image-42778\" srcset=\"https:\/\/temucotelevision.cl\/web\/wp-content\/uploads\/2023\/07\/CAMILLA-1024x576.png 1024w, https:\/\/temucotelevision.cl\/web\/wp-content\/uploads\/2023\/07\/CAMILLA-768x432.png 768w, https:\/\/temucotelevision.cl\/web\/wp-content\/uploads\/2023\/07\/CAMILLA-1536x864.png 1536w, https:\/\/temucotelevision.cl\/web\/wp-content\/uploads\/2023\/07\/CAMILLA.png 1920w\" sizes=\"auto, (max-width: 1024px) 100vw, 1024px\" \/><\/figure>\n","protected":false},"excerpt":{"rendered":"<div class=\"pvc_clear\"><\/div>\n<p id=\"pvc_stats_42775\" class=\"pvc_stats total_only  \" data-element-id=\"42775\" style=\"\"><i class=\"pvc-stats-icon large\" aria-hidden=\"true\"><svg aria-hidden=\"true\" focusable=\"false\" data-prefix=\"far\" data-icon=\"chart-bar\" role=\"img\" xmlns=\"http:\/\/www.w3.org\/2000\/svg\" viewBox=\"0 0 512 512\" class=\"svg-inline--fa fa-chart-bar fa-w-16 fa-2x\"><path fill=\"currentColor\" d=\"M396.8 352h22.4c6.4 0 12.8-6.4 12.8-12.8V108.8c0-6.4-6.4-12.8-12.8-12.8h-22.4c-6.4 0-12.8 6.4-12.8 12.8v230.4c0 6.4 6.4 12.8 12.8 12.8zm-192 0h22.4c6.4 0 12.8-6.4 12.8-12.8V140.8c0-6.4-6.4-12.8-12.8-12.8h-22.4c-6.4 0-12.8 6.4-12.8 12.8v198.4c0 6.4 6.4 12.8 12.8 12.8zm96 0h22.4c6.4 0 12.8-6.4 12.8-12.8V204.8c0-6.4-6.4-12.8-12.8-12.8h-22.4c-6.4 0-12.8 6.4-12.8 12.8v134.4c0 6.4 6.4 12.8 12.8 12.8zM496 400H48V80c0-8.84-7.16-16-16-16H16C7.16 64 0 71.16 0 80v336c0 17.67 14.33 32 32 32h464c8.84 0 16-7.16 16-16v-16c0-8.84-7.16-16-16-16zm-387.2-48h22.4c6.4 0 12.8-6.4 12.8-12.8v-70.4c0-6.4-6.4-12.8-12.8-12.8h-22.4c-6.4 0-12.8 6.4-12.8 12.8v70.4c0 6.4 6.4 12.8 12.8 12.8z\" class=\"\"><\/path><\/svg><\/i> <img loading=\"lazy\" decoding=\"async\" width=\"16\" height=\"16\" alt=\"Loading\" src=\"https:\/\/temucotelevision.cl\/web\/wp-content\/plugins\/page-views-count\/ajax-loader-2x.gif\" border=0 \/><\/p>\n<div class=\"pvc_clear\"><\/div>\n<p>En el marco de las actividades de coordinaci\u00f3n y colaboraci\u00f3n con instituciones y organismos de la Regi\u00f3n, la Jefatura de<\/p>\n","protected":false},"author":1,"featured_media":42776,"comment_status":"open","ping_status":"open","sticky":false,"template":"","format":"standard","meta":{"colormag_page_container_layout":"default_layout","colormag_page_sidebar_layout":"default_layout","footnotes":""},"categories":[14],"tags":[6575,2709,6574,128],"class_list":["post-42775","post","type-post","status-publish","format-standard","has-post-thumbnail","hentry","category-temuco","tag-aeromedica","tag-defensa","tag-ejercicio","tag-hospital"],"a3_pvc":{"activated":true,"total_views":406,"today_views":0},"_links":{"self":[{"href":"https:\/\/temucotelevision.cl\/web\/wp-json\/wp\/v2\/posts\/42775","targetHints":{"allow":["GET"]}}],"collection":[{"href":"https:\/\/temucotelevision.cl\/web\/wp-json\/wp\/v2\/posts"}],"about":[{"href":"https:\/\/temucotelevision.cl\/web\/wp-json\/wp\/v2\/types\/post"}],"author":[{"embeddable":true,"href":"https:\/\/temucotelevision.cl\/web\/wp-json\/wp\/v2\/users\/1"}],"replies":[{"embeddable":true,"href":"https:\/\/temucotelevision.cl\/web\/wp-json\/wp\/v2\/comments?post=42775"}],"version-history":[{"count":1,"href":"https:\/\/temucotelevision.cl\/web\/wp-json\/wp\/v2\/posts\/42775\/revisions"}],"predecessor-version":[{"id":42779,"href":"https:\/\/temucotelevision.cl\/web\/wp-json\/wp\/v2\/posts\/42775\/revisions\/42779"}],"wp:featuredmedia":[{"embeddable":true,"href":"https:\/\/temucotelevision.cl\/web\/wp-json\/wp\/v2\/media\/42776"}],"wp:attachment":[{"href":"https:\/\/temucotelevision.cl\/web\/wp-json\/wp\/v2\/media?parent=42775"}],"wp:term":[{"taxonomy":"category","embeddable":true,"href":"https:\/\/temucotelevision.cl\/web\/wp-json\/wp\/v2\/categories?post=42775"},{"taxonomy":"post_tag","embeddable":true,"href":"https:\/\/temucotelevision.cl\/web\/wp-json\/wp\/v2\/tags?post=42775"}],"curies":[{"name":"wp","href":"https:\/\/api.w.org\/{rel}","templated":true}]}}