{"id":42585,"date":"2023-07-02T20:15:28","date_gmt":"2023-07-02T23:15:28","guid":{"rendered":"https:\/\/temucotelevision.cl\/web\/?p=42585"},"modified":"2023-07-02T20:15:29","modified_gmt":"2023-07-02T23:15:29","slug":"senadora-carmen-gloria-aravena-y-caso-convenio-con-fundaciones-hay-que-extirpar-el-cancer-de-la-corrupcion-al-interior-del-estado-para-evitar-que-continue-haciendo-metastas","status":"publish","type":"post","link":"https:\/\/temucotelevision.cl\/web\/2023\/07\/02\/senadora-carmen-gloria-aravena-y-caso-convenio-con-fundaciones-hay-que-extirpar-el-cancer-de-la-corrupcion-al-interior-del-estado-para-evitar-que-continue-haciendo-metastas\/","title":{"rendered":"Senadora Carmen Gloria Aravena y \u201cCaso Convenio\u201d con fundaciones: \u201cHay que extirpar el c\u00e1ncer de la corrupci\u00f3n al interior del Estado para evitar que contin\u00fae haciendo met\u00e1stasis\u201d"},"content":{"rendered":"<div class=\"pvc_clear\"><\/div><p id=\"pvc_stats_42585\" class=\"pvc_stats total_only  \" data-element-id=\"42585\" style=\"\"><i class=\"pvc-stats-icon large\" aria-hidden=\"true\"><svg aria-hidden=\"true\" focusable=\"false\" data-prefix=\"far\" data-icon=\"chart-bar\" role=\"img\" xmlns=\"http:\/\/www.w3.org\/2000\/svg\" viewBox=\"0 0 512 512\" class=\"svg-inline--fa fa-chart-bar fa-w-16 fa-2x\"><path fill=\"currentColor\" d=\"M396.8 352h22.4c6.4 0 12.8-6.4 12.8-12.8V108.8c0-6.4-6.4-12.8-12.8-12.8h-22.4c-6.4 0-12.8 6.4-12.8 12.8v230.4c0 6.4 6.4 12.8 12.8 12.8zm-192 0h22.4c6.4 0 12.8-6.4 12.8-12.8V140.8c0-6.4-6.4-12.8-12.8-12.8h-22.4c-6.4 0-12.8 6.4-12.8 12.8v198.4c0 6.4 6.4 12.8 12.8 12.8zm96 0h22.4c6.4 0 12.8-6.4 12.8-12.8V204.8c0-6.4-6.4-12.8-12.8-12.8h-22.4c-6.4 0-12.8 6.4-12.8 12.8v134.4c0 6.4 6.4 12.8 12.8 12.8zM496 400H48V80c0-8.84-7.16-16-16-16H16C7.16 64 0 71.16 0 80v336c0 17.67 14.33 32 32 32h464c8.84 0 16-7.16 16-16v-16c0-8.84-7.16-16-16-16zm-387.2-48h22.4c6.4 0 12.8-6.4 12.8-12.8v-70.4c0-6.4-6.4-12.8-12.8-12.8h-22.4c-6.4 0-12.8 6.4-12.8 12.8v70.4c0 6.4 6.4 12.8 12.8 12.8z\" class=\"\"><\/path><\/svg><\/i> <img loading=\"lazy\" decoding=\"async\" width=\"16\" height=\"16\" alt=\"Loading\" src=\"https:\/\/temucotelevision.cl\/web\/wp-content\/plugins\/page-views-count\/ajax-loader-2x.gif\" border=0 \/><\/p><div class=\"pvc_clear\"><\/div>\n<ul class=\"wp-block-list\"><li><em>La parlamentaria republicana por La Araucan\u00eda considera que el problema es m\u00e1s profundo que este caso puntual, porque a su juicio, tiene que ver en c\u00f3mo se concibe en Chile al aparato estatal, afirmando que algunos sectores pol\u00edticos y grupos de inter\u00e9s lo asumen como una agencia de empleo y una caja pagadora de favores, \u201cy es ah\u00ed donde nace todo foco de corrupci\u00f3n\u201d.<\/em><\/li><\/ul>\n\n\n\n<p class=\"wp-block-paragraph\"><strong>\u00a0<\/strong>La senadora del Partido Republicano, Carmen Gloria Aravena se refiri\u00f3 a la investigaci\u00f3n que est\u00e1 llevando adelante el Ministerio P\u00fablico por el traspaso, v\u00eda directa, de millonarios recursos p\u00fablicos a fundaciones vinculadas a personeros de Revoluci\u00f3n Democr\u00e1tica, la principal colectividad del actual gobierno, y donde se indagan posibles delitos de cohecho y fraude al fisco.<\/p>\n\n\n\n<p class=\"wp-block-paragraph\">Al respecto, la legisladora por La Araucan\u00eda indic\u00f3 que lo ocurrido es un hecho delicado que debe ser investigado con la mayor rigurosidad y llegar hasta el fondo porque est\u00e1 en juego la fe p\u00fablica y los recursos de todos los chilenos. \u201cEs fundamental que el Ministerio P\u00fablico determine si en este caso ha habido delitos y si hay m\u00e1s entidades involucradas en el traspaso de recursos desde el Estado a fundaciones, y determinar en qu\u00e9 se usaron esos recursos, ya que hay fundadas sospechas de que se instal\u00f3 una maquinaria para extraer fondos p\u00fablicos destinados a proselitismo en favor del Apruebo. Eso es materia que la Fiscal\u00eda debe investigar, porque se tratar\u00eda de un grave foco de corrupci\u00f3n\u201d.<\/p>\n\n\n\n<p class=\"wp-block-paragraph\">La congresista agreg\u00f3 que \u201ceste es el riesgo cuando se ingresa a la pol\u00edtica siendo maximalista o erigi\u00e9ndose como una suerte de censor moral, como ha sido el discurso del Frente Amplio desde que es parte de la actividad pol\u00edtica. Porque de comprobarse que hubo il\u00edcitos en la entrega de estos recursos a fundaciones vinculadas a Revoluci\u00f3n Democr\u00e1tica, se cae completamente todo ese discurso de superioridad moral\u201d, puntualiz\u00f3 Aravena.<\/p>\n\n\n\n<p class=\"wp-block-paragraph\">Pero la senadora va m\u00e1s all\u00e1 de este episodio puntual, porque a su juicio, el problema de fondo es c\u00f3mo se concibe en Chile al estado y su rol en la sociedad, \u201cya que algunos sectores pol\u00edticos y grupos inter\u00e9s lo ven b\u00e1sicamente como una agencia de empleo y una caja pagadora de favores, mirada que precisamente alienta el surgimiento de focos de corrupci\u00f3n, porque hay quienes sienten que el Estado les pertenece y no se conciben fuera de \u00e9l\u201d.<\/p>\n\n\n\n<p class=\"wp-block-paragraph\">Carmen Gloria Aravena enfatiz\u00f3 en la necesidad de \u201cextirpar el c\u00e1ncer de la corrupci\u00f3n al interior del Estado, para evitar que contin\u00fae haciendo met\u00e1stasis\u201d, o de lo contrario se puede ver afectada irremediablemente la institucionalidad y la democracia. No podemos permitir que este flagelo contin\u00fae avanzando, o de lo contrario se carcomer\u00e1 por dentro la estructura institucional del pa\u00eds\u201d.<\/p>\n","protected":false},"excerpt":{"rendered":"<div class=\"pvc_clear\"><\/div>\n<p id=\"pvc_stats_42585\" class=\"pvc_stats total_only  \" data-element-id=\"42585\" style=\"\"><i class=\"pvc-stats-icon large\" aria-hidden=\"true\"><svg aria-hidden=\"true\" focusable=\"false\" data-prefix=\"far\" data-icon=\"chart-bar\" role=\"img\" xmlns=\"http:\/\/www.w3.org\/2000\/svg\" viewBox=\"0 0 512 512\" class=\"svg-inline--fa fa-chart-bar fa-w-16 fa-2x\"><path fill=\"currentColor\" d=\"M396.8 352h22.4c6.4 0 12.8-6.4 12.8-12.8V108.8c0-6.4-6.4-12.8-12.8-12.8h-22.4c-6.4 0-12.8 6.4-12.8 12.8v230.4c0 6.4 6.4 12.8 12.8 12.8zm-192 0h22.4c6.4 0 12.8-6.4 12.8-12.8V140.8c0-6.4-6.4-12.8-12.8-12.8h-22.4c-6.4 0-12.8 6.4-12.8 12.8v198.4c0 6.4 6.4 12.8 12.8 12.8zm96 0h22.4c6.4 0 12.8-6.4 12.8-12.8V204.8c0-6.4-6.4-12.8-12.8-12.8h-22.4c-6.4 0-12.8 6.4-12.8 12.8v134.4c0 6.4 6.4 12.8 12.8 12.8zM496 400H48V80c0-8.84-7.16-16-16-16H16C7.16 64 0 71.16 0 80v336c0 17.67 14.33 32 32 32h464c8.84 0 16-7.16 16-16v-16c0-8.84-7.16-16-16-16zm-387.2-48h22.4c6.4 0 12.8-6.4 12.8-12.8v-70.4c0-6.4-6.4-12.8-12.8-12.8h-22.4c-6.4 0-12.8 6.4-12.8 12.8v70.4c0 6.4 6.4 12.8 12.8 12.8z\" class=\"\"><\/path><\/svg><\/i> <img loading=\"lazy\" decoding=\"async\" width=\"16\" height=\"16\" alt=\"Loading\" src=\"https:\/\/temucotelevision.cl\/web\/wp-content\/plugins\/page-views-count\/ajax-loader-2x.gif\" border=0 \/><\/p>\n<div class=\"pvc_clear\"><\/div>\n<p>La parlamentaria republicana por La Araucan\u00eda considera que el problema es m\u00e1s profundo que este caso puntual, porque a su<\/p>\n","protected":false},"author":1,"featured_media":40756,"comment_status":"open","ping_status":"open","sticky":false,"template":"","format":"standard","meta":{"colormag_page_container_layout":"default_layout","colormag_page_sidebar_layout":"default_layout","advanced_seo_description":"","jetpack_seo_html_title":"","jetpack_seo_noindex":false,"jetpack_seo_schema_type":"","_jetpack_newsletter_access":"","_jetpack_dont_email_post_to_subs":false,"_jetpack_newsletter_tier_id":0,"_jetpack_memberships_contains_paywalled_content":false,"_jetpack_feature_clip_id":0,"_jetpack_memberships_contains_paid_content":false,"footnotes":"","jetpack_publicize_message":"","jetpack_publicize_feature_enabled":true,"jetpack_social_post_already_shared":false,"jetpack_social_options":{"image_generator_settings":{"template":"highway","default_image_id":0,"font":"","enabled":false},"version":2},"jetpack_post_was_ever_published":false},"categories":[84],"tags":[208,6561,2065],"class_list":["post-42585","post","type-post","status-publish","format-standard","has-post-thumbnail","hentry","category-politica","tag-estado","tag-fundaciones","tag-senadora"],"a3_pvc":{"activated":true,"total_views":94,"today_views":0},"jetpack_publicize_connections":[],"jetpack_sharing_enabled":true,"jetpack_likes_enabled":true,"jetpack_featured_media_url":"https:\/\/temucotelevision.cl\/web\/wp-content\/uploads\/2023\/04\/Senadora-1.jpg","_links":{"self":[{"href":"https:\/\/temucotelevision.cl\/web\/wp-json\/wp\/v2\/posts\/42585","targetHints":{"allow":["GET"]}}],"collection":[{"href":"https:\/\/temucotelevision.cl\/web\/wp-json\/wp\/v2\/posts"}],"about":[{"href":"https:\/\/temucotelevision.cl\/web\/wp-json\/wp\/v2\/types\/post"}],"author":[{"embeddable":true,"href":"https:\/\/temucotelevision.cl\/web\/wp-json\/wp\/v2\/users\/1"}],"replies":[{"embeddable":true,"href":"https:\/\/temucotelevision.cl\/web\/wp-json\/wp\/v2\/comments?post=42585"}],"version-history":[{"count":1,"href":"https:\/\/temucotelevision.cl\/web\/wp-json\/wp\/v2\/posts\/42585\/revisions"}],"predecessor-version":[{"id":42586,"href":"https:\/\/temucotelevision.cl\/web\/wp-json\/wp\/v2\/posts\/42585\/revisions\/42586"}],"wp:featuredmedia":[{"embeddable":true,"href":"https:\/\/temucotelevision.cl\/web\/wp-json\/wp\/v2\/media\/40756"}],"wp:attachment":[{"href":"https:\/\/temucotelevision.cl\/web\/wp-json\/wp\/v2\/media?parent=42585"}],"wp:term":[{"taxonomy":"category","embeddable":true,"href":"https:\/\/temucotelevision.cl\/web\/wp-json\/wp\/v2\/categories?post=42585"},{"taxonomy":"post_tag","embeddable":true,"href":"https:\/\/temucotelevision.cl\/web\/wp-json\/wp\/v2\/tags?post=42585"}],"curies":[{"name":"wp","href":"https:\/\/api.w.org\/{rel}","templated":true}]}}