{"id":42562,"date":"2023-07-01T18:12:47","date_gmt":"2023-07-01T21:12:47","guid":{"rendered":"https:\/\/temucotelevision.cl\/web\/?p=42562"},"modified":"2023-07-01T18:12:48","modified_gmt":"2023-07-01T21:12:48","slug":"senador-cast-respalda-a-sebastian-alvarez-como-candidato-a-alcalde-por-pucon-en-las-proximas-elecciones-municipales","status":"publish","type":"post","link":"https:\/\/temucotelevision.cl\/web\/2023\/07\/01\/senador-cast-respalda-a-sebastian-alvarez-como-candidato-a-alcalde-por-pucon-en-las-proximas-elecciones-municipales\/","title":{"rendered":"Senador Cast respalda a Sebasti\u00e1n \u00c1lvarez como candidato a alcalde por Puc\u00f3n en las pr\u00f3ximas elecciones municipales"},"content":{"rendered":"<div class=\"pvc_clear\"><\/div><p id=\"pvc_stats_42562\" class=\"pvc_stats total_only  \" data-element-id=\"42562\" style=\"\"><i class=\"pvc-stats-icon large\" aria-hidden=\"true\"><svg aria-hidden=\"true\" focusable=\"false\" data-prefix=\"far\" data-icon=\"chart-bar\" role=\"img\" xmlns=\"http:\/\/www.w3.org\/2000\/svg\" viewBox=\"0 0 512 512\" class=\"svg-inline--fa fa-chart-bar fa-w-16 fa-2x\"><path fill=\"currentColor\" d=\"M396.8 352h22.4c6.4 0 12.8-6.4 12.8-12.8V108.8c0-6.4-6.4-12.8-12.8-12.8h-22.4c-6.4 0-12.8 6.4-12.8 12.8v230.4c0 6.4 6.4 12.8 12.8 12.8zm-192 0h22.4c6.4 0 12.8-6.4 12.8-12.8V140.8c0-6.4-6.4-12.8-12.8-12.8h-22.4c-6.4 0-12.8 6.4-12.8 12.8v198.4c0 6.4 6.4 12.8 12.8 12.8zm96 0h22.4c6.4 0 12.8-6.4 12.8-12.8V204.8c0-6.4-6.4-12.8-12.8-12.8h-22.4c-6.4 0-12.8 6.4-12.8 12.8v134.4c0 6.4 6.4 12.8 12.8 12.8zM496 400H48V80c0-8.84-7.16-16-16-16H16C7.16 64 0 71.16 0 80v336c0 17.67 14.33 32 32 32h464c8.84 0 16-7.16 16-16v-16c0-8.84-7.16-16-16-16zm-387.2-48h22.4c6.4 0 12.8-6.4 12.8-12.8v-70.4c0-6.4-6.4-12.8-12.8-12.8h-22.4c-6.4 0-12.8 6.4-12.8 12.8v70.4c0 6.4 6.4 12.8 12.8 12.8z\" class=\"\"><\/path><\/svg><\/i> <img loading=\"lazy\" decoding=\"async\" width=\"16\" height=\"16\" alt=\"Loading\" src=\"https:\/\/temucotelevision.cl\/web\/wp-content\/plugins\/page-views-count\/ajax-loader-2x.gif\" border=0 \/><\/p><div class=\"pvc_clear\"><\/div>\n<p>El senador por la Araucan\u00eda, Felipe Kast, entreg\u00f3 su respaldo al candidato a alcalde por Puc\u00f3n, Sebasti\u00e1n \u00c1lvarez, en medio de un recorrido por la comuna, donde se reunieron con diversas organizaciones sociales que buscan mejorar la calidad de vida de los vecinos, a trav\u00e9s de iniciativas enfocadas en la infancia, la discapacidad y el cuidado del medio ambiente.<\/p>\n\n\n\n<p>A juicio del parlamentario, \u201cPuc\u00f3n necesita una autoridad que est\u00e9 100% en terreno, que sepa de gesti\u00f3n y est\u00e9 siempre disponible para escuchar y potenciar la labor que realiza la comunidad en beneficio de los vecinos\u201d.<\/p>\n\n\n\n<p>\u201cEstoy seguro que Sebasti\u00e1n ser\u00e1 el alcalde que la comunidad requiere. Una persona con una profunda vocaci\u00f3n social y un servidor p\u00fablico a toda prueba, que durante su carrera profesional, ha levantado innumerables causas para hacer de Puc\u00f3n un mejor lugar para vivir\u201d, complement\u00f3.<\/p>\n\n\n\n<p>El recorrido, que cont\u00f3 con una visita al Club de F\u00fatbol Los Arrayanes, donde m\u00e1s de 80 integrantes entre ni\u00f1os, j\u00f3venes y adultos, practican este deporte, continu\u00f3 m\u00e1s tarde en una casa de cuidados de adultos mayores, donde \u00c1lvarez y Kast, se comprometieron con impulsar una Rifa Solidaria en beneficio de estas organizaciones, denominada \u201cPuc\u00f3n Contigo\u201d.<\/p>\n\n\n\n<p>M\u00e1s tarde, el parlamentario junto al candidato a alcalde, acudieron a un encuentro de coordinaci\u00f3n con la agrupaci\u00f3n \u201cBandera Azul\u201d, que se encuentra impulsando para este a\u00f1o un programa piloto en la playa grande, con el objetivo de resaltar las caracter\u00edsticas de este lugar por medio de est\u00e1ndares internacionales, gracias a mejoras en la accesibilidad para personas de la tercera edad, se\u00f1al\u00e9tica, deportes, entre otros.<\/p>\n\n\n\n<p>Seg\u00fan explic\u00f3 Sebasti\u00e1n \u00c1lvarez, \u201c estamos visibilizando el trabajo de causas que muchas veces son olvidadas por las autoridades de turno, pero que afectan a miles de personas en su d\u00eda a d\u00eda. Por eso, creo que es fundamental generar estos espacios de encuentro para impulsar la labor desinteresada que realizan, y de esa forma, asegurar que puedan cumplir sus sue\u00f1os\u201d.<\/p>\n\n\n\n<p>Respecto a su candidatura a alcalde por Puc\u00f3n, el ex diputado por el distrito 23, se\u00f1al\u00f3 que \u201c Puc\u00f3n tiene las condiciones para transformarse en un polo tur\u00edstico, cultural y econ\u00f3mico para nuestra regi\u00f3n. Esa es mi meta y estoy seguro que de la mano de toda la comunidad, lo vamos a lograr\u201d.<\/p>\n\n\n\n<p>Finalmente, \u00c1lvarez agradeci\u00f3 el apoyo del senador Kast y recalc\u00f3 que \u201c la manera de fortalecernos como partido es conect\u00e1ndonos con nuestra identidad y aquellas causas sociales como los ni\u00f1os primero. Eso es lo que las personas esperan hoy\u201d.<\/p>\n","protected":false},"excerpt":{"rendered":"<div class=\"pvc_clear\"><\/div>\n<p id=\"pvc_stats_42562\" class=\"pvc_stats total_only  \" data-element-id=\"42562\" style=\"\"><i class=\"pvc-stats-icon large\" aria-hidden=\"true\"><svg aria-hidden=\"true\" focusable=\"false\" data-prefix=\"far\" data-icon=\"chart-bar\" role=\"img\" xmlns=\"http:\/\/www.w3.org\/2000\/svg\" viewBox=\"0 0 512 512\" class=\"svg-inline--fa fa-chart-bar fa-w-16 fa-2x\"><path fill=\"currentColor\" d=\"M396.8 352h22.4c6.4 0 12.8-6.4 12.8-12.8V108.8c0-6.4-6.4-12.8-12.8-12.8h-22.4c-6.4 0-12.8 6.4-12.8 12.8v230.4c0 6.4 6.4 12.8 12.8 12.8zm-192 0h22.4c6.4 0 12.8-6.4 12.8-12.8V140.8c0-6.4-6.4-12.8-12.8-12.8h-22.4c-6.4 0-12.8 6.4-12.8 12.8v198.4c0 6.4 6.4 12.8 12.8 12.8zm96 0h22.4c6.4 0 12.8-6.4 12.8-12.8V204.8c0-6.4-6.4-12.8-12.8-12.8h-22.4c-6.4 0-12.8 6.4-12.8 12.8v134.4c0 6.4 6.4 12.8 12.8 12.8zM496 400H48V80c0-8.84-7.16-16-16-16H16C7.16 64 0 71.16 0 80v336c0 17.67 14.33 32 32 32h464c8.84 0 16-7.16 16-16v-16c0-8.84-7.16-16-16-16zm-387.2-48h22.4c6.4 0 12.8-6.4 12.8-12.8v-70.4c0-6.4-6.4-12.8-12.8-12.8h-22.4c-6.4 0-12.8 6.4-12.8 12.8v70.4c0 6.4 6.4 12.8 12.8 12.8z\" class=\"\"><\/path><\/svg><\/i> <img loading=\"lazy\" decoding=\"async\" width=\"16\" height=\"16\" alt=\"Loading\" src=\"https:\/\/temucotelevision.cl\/web\/wp-content\/plugins\/page-views-count\/ajax-loader-2x.gif\" border=0 \/><\/p>\n<div class=\"pvc_clear\"><\/div>\n<p>El senador por la Araucan\u00eda, Felipe Kast, entreg\u00f3 su respaldo al candidato a alcalde por Puc\u00f3n, Sebasti\u00e1n \u00c1lvarez, en medio<\/p>\n","protected":false},"author":1,"featured_media":42564,"comment_status":"open","ping_status":"open","sticky":false,"template":"","format":"standard","meta":{"colormag_page_container_layout":"default_layout","colormag_page_sidebar_layout":"default_layout","footnotes":""},"categories":[84],"tags":[202,1938,1761,161,1261],"class_list":["post-42562","post","type-post","status-publish","format-standard","has-post-thumbnail","hentry","category-politica","tag-alcalde","tag-candidato","tag-kast","tag-pucon","tag-senador"],"a3_pvc":{"activated":true,"total_views":115,"today_views":0},"_links":{"self":[{"href":"https:\/\/temucotelevision.cl\/web\/wp-json\/wp\/v2\/posts\/42562","targetHints":{"allow":["GET"]}}],"collection":[{"href":"https:\/\/temucotelevision.cl\/web\/wp-json\/wp\/v2\/posts"}],"about":[{"href":"https:\/\/temucotelevision.cl\/web\/wp-json\/wp\/v2\/types\/post"}],"author":[{"embeddable":true,"href":"https:\/\/temucotelevision.cl\/web\/wp-json\/wp\/v2\/users\/1"}],"replies":[{"embeddable":true,"href":"https:\/\/temucotelevision.cl\/web\/wp-json\/wp\/v2\/comments?post=42562"}],"version-history":[{"count":1,"href":"https:\/\/temucotelevision.cl\/web\/wp-json\/wp\/v2\/posts\/42562\/revisions"}],"predecessor-version":[{"id":42565,"href":"https:\/\/temucotelevision.cl\/web\/wp-json\/wp\/v2\/posts\/42562\/revisions\/42565"}],"wp:featuredmedia":[{"embeddable":true,"href":"https:\/\/temucotelevision.cl\/web\/wp-json\/wp\/v2\/media\/42564"}],"wp:attachment":[{"href":"https:\/\/temucotelevision.cl\/web\/wp-json\/wp\/v2\/media?parent=42562"}],"wp:term":[{"taxonomy":"category","embeddable":true,"href":"https:\/\/temucotelevision.cl\/web\/wp-json\/wp\/v2\/categories?post=42562"},{"taxonomy":"post_tag","embeddable":true,"href":"https:\/\/temucotelevision.cl\/web\/wp-json\/wp\/v2\/tags?post=42562"}],"curies":[{"name":"wp","href":"https:\/\/api.w.org\/{rel}","templated":true}]}}