{"id":42557,"date":"2023-07-01T18:02:49","date_gmt":"2023-07-01T21:02:49","guid":{"rendered":"https:\/\/temucotelevision.cl\/web\/?p=42557"},"modified":"2023-07-01T18:02:50","modified_gmt":"2023-07-01T21:02:50","slug":"invitan-a-inscribirse-en-workshop-de-musica-electronica-en-casa-trashumantes","status":"publish","type":"post","link":"https:\/\/temucotelevision.cl\/web\/2023\/07\/01\/invitan-a-inscribirse-en-workshop-de-musica-electronica-en-casa-trashumantes\/","title":{"rendered":"Invitan a inscribirse en workshop de m\u00fasica electr\u00f3nica en Casa Trashumantes"},"content":{"rendered":"<div class=\"pvc_clear\"><\/div><p id=\"pvc_stats_42557\" class=\"pvc_stats total_only  \" data-element-id=\"42557\" style=\"\"><i class=\"pvc-stats-icon large\" aria-hidden=\"true\"><svg aria-hidden=\"true\" focusable=\"false\" data-prefix=\"far\" data-icon=\"chart-bar\" role=\"img\" xmlns=\"http:\/\/www.w3.org\/2000\/svg\" viewBox=\"0 0 512 512\" class=\"svg-inline--fa fa-chart-bar fa-w-16 fa-2x\"><path fill=\"currentColor\" d=\"M396.8 352h22.4c6.4 0 12.8-6.4 12.8-12.8V108.8c0-6.4-6.4-12.8-12.8-12.8h-22.4c-6.4 0-12.8 6.4-12.8 12.8v230.4c0 6.4 6.4 12.8 12.8 12.8zm-192 0h22.4c6.4 0 12.8-6.4 12.8-12.8V140.8c0-6.4-6.4-12.8-12.8-12.8h-22.4c-6.4 0-12.8 6.4-12.8 12.8v198.4c0 6.4 6.4 12.8 12.8 12.8zm96 0h22.4c6.4 0 12.8-6.4 12.8-12.8V204.8c0-6.4-6.4-12.8-12.8-12.8h-22.4c-6.4 0-12.8 6.4-12.8 12.8v134.4c0 6.4 6.4 12.8 12.8 12.8zM496 400H48V80c0-8.84-7.16-16-16-16H16C7.16 64 0 71.16 0 80v336c0 17.67 14.33 32 32 32h464c8.84 0 16-7.16 16-16v-16c0-8.84-7.16-16-16-16zm-387.2-48h22.4c6.4 0 12.8-6.4 12.8-12.8v-70.4c0-6.4-6.4-12.8-12.8-12.8h-22.4c-6.4 0-12.8 6.4-12.8 12.8v70.4c0 6.4 6.4 12.8 12.8 12.8z\" class=\"\"><\/path><\/svg><\/i> <img loading=\"lazy\" decoding=\"async\" width=\"16\" height=\"16\" alt=\"Loading\" src=\"https:\/\/temucotelevision.cl\/web\/wp-content\/plugins\/page-views-count\/ajax-loader-2x.gif\" border=0 \/><\/p><div class=\"pvc_clear\"><\/div>\n<p><em>La actividad liderada por los DJ Emir Esparza y Morgado de At\u00f3mica, se realizar\u00e1 el pr\u00f3ximo s\u00e1bado 22 de julio en Temuco.<\/em><\/p>\n\n\n\n<p>\u201cBeats del sur. Taller aplicado de m\u00fasica electr\u00f3nica\u201d, es el nombre del workshop que realizar\u00e1 At\u00f3mica el pr\u00f3ximo s\u00e1bado 22 de julio, de 16.30 a 20.00 horas, en Casa Trashumantes de Temuco, donde los DJ Emir Esparza y Morgado entregar\u00e1n claves sobre este g\u00e9nero musical en modalidad te\u00f3rica-pr\u00e1ctica.<\/p>\n\n\n\n<p>La iniciativa se enmarca en la l\u00ednea de Participaci\u00f3n de Trashumantes, la cual tiene como objetivo crear instancias de vinculaci\u00f3n con las comunidades art\u00edsticas y ciudadanas. As\u00ed lo explican sus directoras, Andrea Richards y Gisela Buscaglione, quienes destacan el trabajo conjunto de agrupaciones en torno al arte.&nbsp;<\/p>\n\n\n\n<p>\u201cEstamos felices de poder diversificar nuestra parrilla program\u00e1tica, a trav\u00e9s de actividades que van m\u00e1s all\u00e1 de las artes esc\u00e9nicas y que relevan el trabajo de quienes est\u00e1n generando espacios vinculados a la m\u00fasica y a la escena nocturna en La Araucan\u00eda, como lo es At\u00f3mica\u201d, se\u00f1alan.<\/p>\n\n\n\n<p>Las inscripciones estar\u00e1n abiertas hasta las 23.59 horas del viernes 14 de julio, en www.fundaciontrashumantes.cl. Pueden participar mayores de 18 a\u00f1os, con o sin experiencia previa, que quieran profundizar su b\u00fasqueda sonora con nuevos referentes, formas de escuchar y de entender la m\u00fasica electr\u00f3nica. Cupos limitados.<\/p>\n\n\n\n<p><strong>BEATS DEL SUR&nbsp;<\/strong><\/p>\n\n\n\n<p>Esta actividad, que finalizar\u00e1 con un DJ Set de At\u00f3mica para los participantes, se propone como un taller introductorio a la m\u00fasica electr\u00f3nica. \u201cSer\u00e1 un espacio de reflexi\u00f3n en el que daremos una pincelada hist\u00f3rica de los formatos musicales electr\u00f3nicos, integrando espacios te\u00f3ricos, para luego dar paso a una breve introducci\u00f3n a la pr\u00e1ctica del DJ digital\u201d, adelantan los DJ.&nbsp;<\/p>\n\n\n\n<p>Adem\u00e1s, agregan que \u201cpresentaremos los t\u00f3picos de manera visual y sonora convirtiendo la sesi\u00f3n en un espacio de \u2018escucha guiada\u2019, un viaje musical por la historia de la m\u00fasica electr\u00f3nica desde la idea de electroac\u00fastica a la m\u00fasica popular electr\u00f3nica y sus g\u00e9neros ra\u00edz, enfatizando la importancia del medio para disidencias, artistas alternativos y Chile en el mapa electr\u00f3nico\u201d.<\/p>\n","protected":false},"excerpt":{"rendered":"<div class=\"pvc_clear\"><\/div>\n<p id=\"pvc_stats_42557\" class=\"pvc_stats total_only  \" data-element-id=\"42557\" style=\"\"><i class=\"pvc-stats-icon large\" aria-hidden=\"true\"><svg aria-hidden=\"true\" focusable=\"false\" data-prefix=\"far\" data-icon=\"chart-bar\" role=\"img\" xmlns=\"http:\/\/www.w3.org\/2000\/svg\" viewBox=\"0 0 512 512\" class=\"svg-inline--fa fa-chart-bar fa-w-16 fa-2x\"><path fill=\"currentColor\" d=\"M396.8 352h22.4c6.4 0 12.8-6.4 12.8-12.8V108.8c0-6.4-6.4-12.8-12.8-12.8h-22.4c-6.4 0-12.8 6.4-12.8 12.8v230.4c0 6.4 6.4 12.8 12.8 12.8zm-192 0h22.4c6.4 0 12.8-6.4 12.8-12.8V140.8c0-6.4-6.4-12.8-12.8-12.8h-22.4c-6.4 0-12.8 6.4-12.8 12.8v198.4c0 6.4 6.4 12.8 12.8 12.8zm96 0h22.4c6.4 0 12.8-6.4 12.8-12.8V204.8c0-6.4-6.4-12.8-12.8-12.8h-22.4c-6.4 0-12.8 6.4-12.8 12.8v134.4c0 6.4 6.4 12.8 12.8 12.8zM496 400H48V80c0-8.84-7.16-16-16-16H16C7.16 64 0 71.16 0 80v336c0 17.67 14.33 32 32 32h464c8.84 0 16-7.16 16-16v-16c0-8.84-7.16-16-16-16zm-387.2-48h22.4c6.4 0 12.8-6.4 12.8-12.8v-70.4c0-6.4-6.4-12.8-12.8-12.8h-22.4c-6.4 0-12.8 6.4-12.8 12.8v70.4c0 6.4 6.4 12.8 12.8 12.8z\" class=\"\"><\/path><\/svg><\/i> <img loading=\"lazy\" decoding=\"async\" width=\"16\" height=\"16\" alt=\"Loading\" src=\"https:\/\/temucotelevision.cl\/web\/wp-content\/plugins\/page-views-count\/ajax-loader-2x.gif\" border=0 \/><\/p>\n<div class=\"pvc_clear\"><\/div>\n<p>La actividad liderada por los DJ Emir Esparza y Morgado de At\u00f3mica, se realizar\u00e1 el pr\u00f3ximo s\u00e1bado 22 de julio<\/p>\n","protected":false},"author":1,"featured_media":42560,"comment_status":"open","ping_status":"open","sticky":false,"template":"","format":"standard","meta":{"colormag_page_container_layout":"default_layout","colormag_page_sidebar_layout":"default_layout","footnotes":""},"categories":[86],"tags":[858,3400,3676,6559],"class_list":["post-42557","post","type-post","status-publish","format-standard","has-post-thumbnail","hentry","category-panoramas","tag-casa","tag-electronica","tag-trashumantes","tag-workshop"],"a3_pvc":{"activated":true,"total_views":129,"today_views":0},"_links":{"self":[{"href":"https:\/\/temucotelevision.cl\/web\/wp-json\/wp\/v2\/posts\/42557","targetHints":{"allow":["GET"]}}],"collection":[{"href":"https:\/\/temucotelevision.cl\/web\/wp-json\/wp\/v2\/posts"}],"about":[{"href":"https:\/\/temucotelevision.cl\/web\/wp-json\/wp\/v2\/types\/post"}],"author":[{"embeddable":true,"href":"https:\/\/temucotelevision.cl\/web\/wp-json\/wp\/v2\/users\/1"}],"replies":[{"embeddable":true,"href":"https:\/\/temucotelevision.cl\/web\/wp-json\/wp\/v2\/comments?post=42557"}],"version-history":[{"count":1,"href":"https:\/\/temucotelevision.cl\/web\/wp-json\/wp\/v2\/posts\/42557\/revisions"}],"predecessor-version":[{"id":42561,"href":"https:\/\/temucotelevision.cl\/web\/wp-json\/wp\/v2\/posts\/42557\/revisions\/42561"}],"wp:featuredmedia":[{"embeddable":true,"href":"https:\/\/temucotelevision.cl\/web\/wp-json\/wp\/v2\/media\/42560"}],"wp:attachment":[{"href":"https:\/\/temucotelevision.cl\/web\/wp-json\/wp\/v2\/media?parent=42557"}],"wp:term":[{"taxonomy":"category","embeddable":true,"href":"https:\/\/temucotelevision.cl\/web\/wp-json\/wp\/v2\/categories?post=42557"},{"taxonomy":"post_tag","embeddable":true,"href":"https:\/\/temucotelevision.cl\/web\/wp-json\/wp\/v2\/tags?post=42557"}],"curies":[{"name":"wp","href":"https:\/\/api.w.org\/{rel}","templated":true}]}}