{"id":42555,"date":"2023-06-30T21:58:53","date_gmt":"2023-07-01T00:58:53","guid":{"rendered":"https:\/\/temucotelevision.cl\/web\/?p=42555"},"modified":"2023-06-30T21:58:54","modified_gmt":"2023-07-01T00:58:54","slug":"plan-calle-sin-violencia-pdi-detuvo-en-sector-pedro-de-valdivia-a-mujer-profuga-de-la-justicia","status":"publish","type":"post","link":"https:\/\/temucotelevision.cl\/web\/2023\/06\/30\/plan-calle-sin-violencia-pdi-detuvo-en-sector-pedro-de-valdivia-a-mujer-profuga-de-la-justicia\/","title":{"rendered":"Plan calle sin violencia: PDI detuvo en sector Pedro de Valdivia a mujer pr\u00f3fuga de la justicia"},"content":{"rendered":"<div class=\"pvc_clear\"><\/div><p id=\"pvc_stats_42555\" class=\"pvc_stats total_only  \" data-element-id=\"42555\" style=\"\"><i class=\"pvc-stats-icon large\" aria-hidden=\"true\"><svg aria-hidden=\"true\" focusable=\"false\" data-prefix=\"far\" data-icon=\"chart-bar\" role=\"img\" xmlns=\"http:\/\/www.w3.org\/2000\/svg\" viewBox=\"0 0 512 512\" class=\"svg-inline--fa fa-chart-bar fa-w-16 fa-2x\"><path fill=\"currentColor\" d=\"M396.8 352h22.4c6.4 0 12.8-6.4 12.8-12.8V108.8c0-6.4-6.4-12.8-12.8-12.8h-22.4c-6.4 0-12.8 6.4-12.8 12.8v230.4c0 6.4 6.4 12.8 12.8 12.8zm-192 0h22.4c6.4 0 12.8-6.4 12.8-12.8V140.8c0-6.4-6.4-12.8-12.8-12.8h-22.4c-6.4 0-12.8 6.4-12.8 12.8v198.4c0 6.4 6.4 12.8 12.8 12.8zm96 0h22.4c6.4 0 12.8-6.4 12.8-12.8V204.8c0-6.4-6.4-12.8-12.8-12.8h-22.4c-6.4 0-12.8 6.4-12.8 12.8v134.4c0 6.4 6.4 12.8 12.8 12.8zM496 400H48V80c0-8.84-7.16-16-16-16H16C7.16 64 0 71.16 0 80v336c0 17.67 14.33 32 32 32h464c8.84 0 16-7.16 16-16v-16c0-8.84-7.16-16-16-16zm-387.2-48h22.4c6.4 0 12.8-6.4 12.8-12.8v-70.4c0-6.4-6.4-12.8-12.8-12.8h-22.4c-6.4 0-12.8 6.4-12.8 12.8v70.4c0 6.4 6.4 12.8 12.8 12.8z\" class=\"\"><\/path><\/svg><\/i> <img loading=\"lazy\" decoding=\"async\" width=\"16\" height=\"16\" alt=\"Loading\" src=\"https:\/\/temucotelevision.cl\/web\/wp-content\/plugins\/page-views-count\/ajax-loader-2x.gif\" border=0 \/><\/p><div class=\"pvc_clear\"><\/div>\n<p>En&nbsp;el marco del trabajo desarrollado en&nbsp;virtud al Planantidelincuencial&nbsp;&#8220;Calle sin Violencia&#8221; en&nbsp;su arista&nbsp;\u201cPr\u00f3fugos&nbsp;de la&nbsp;justicia&#8221;,&nbsp;detectives de la Brigada&nbsp;Investigadora de Robos&nbsp;(Biro)&nbsp;Temuco, detuvieron a<a><\/a>una&nbsp;mujer&nbsp;que&nbsp;manten\u00eda&nbsp;tres&nbsp;\u00f3rdenes de detenci\u00f3n vigente por&nbsp;diversos delitos contra la propiedad.<\/p>\n\n\n\n<p>El subprefecto&nbsp;Pablo Lagos, jefe de la&nbsp;Biro Temuco, precis\u00f3 que&nbsp;por investigaciones vigentes que lleva esa unidad&nbsp;\u201cse efectuaron una serie de diligencias indagatorias que dicen relaci\u00f3n con delitos contra la propiedad como robos, hurto, receptaci\u00f3n y otros que han ocurrido en el macro sector de Pedro de Valdivia\u201d.<\/p>\n\n\n\n<p>Es as\u00ed que, durante la tarde de ayer -28 de junio- \u201ca trav\u00e9s de fuentes de informaci\u00f3n abiertas, formales, como tambi\u00e9n por informaci\u00f3n residual, entregada por la propia comunidad, se logr\u00f3 la detenci\u00f3n de una mujer que manten\u00eda tres \u00f3rdenes de&nbsp;aprehensi\u00f3n pendientes&nbsp;por diversos delitos contra la propiedad y que se encontraba pr\u00f3fuga de la justicia\u201d, agreg\u00f3 el subprefecto Lagos.<\/p>\n\n\n\n<p>Por instrucci\u00f3n del fiscal de turno, la&nbsp;imputada&nbsp;fue puesta&nbsp;a disposici\u00f3n del Juzgado de Garant\u00eda de Temuco, para su respectivo control de detenci\u00f3n&nbsp;y establecer las medidas pertinentes a su situaci\u00f3n procesal.<\/p>\n\n\n\n<p>&#8220;Calle sin Violencia&#8221;<\/p>\n\n\n\n<p>El Plan&nbsp;\u201cCalles Sin Violencia\u201d&nbsp;se enmarca en la Pol\u00edtica Nacional contra el Crimen Organizado, una estrategia de largo plazo que tiene por objetivo desbaratar organizaciones criminales,&nbsp;y que&nbsp;contempla&nbsp;tres&nbsp;l\u00edneas de acci\u00f3n.&nbsp;<\/p>\n\n\n\n<p>En este contexto, la PDI, tras un informe de la Oficina de An\u00e1lisis de la Prefectura Provincial Caut\u00edn, se conform\u00f3 un grupo con dedicaci\u00f3n preferente enfocado en la tramitaci\u00f3n de las \u00f3rdenes de detenci\u00f3n vigentes de 43 pr\u00f3fugos de la justicia, de los cuales, en los dos primeros meses de funcionamiento del Plan, ya se ha detenido a la mitad de estos imputados.<\/p>\n","protected":false},"excerpt":{"rendered":"<div class=\"pvc_clear\"><\/div>\n<p id=\"pvc_stats_42555\" class=\"pvc_stats total_only  \" data-element-id=\"42555\" style=\"\"><i class=\"pvc-stats-icon large\" aria-hidden=\"true\"><svg aria-hidden=\"true\" focusable=\"false\" data-prefix=\"far\" data-icon=\"chart-bar\" role=\"img\" xmlns=\"http:\/\/www.w3.org\/2000\/svg\" viewBox=\"0 0 512 512\" class=\"svg-inline--fa fa-chart-bar fa-w-16 fa-2x\"><path fill=\"currentColor\" d=\"M396.8 352h22.4c6.4 0 12.8-6.4 12.8-12.8V108.8c0-6.4-6.4-12.8-12.8-12.8h-22.4c-6.4 0-12.8 6.4-12.8 12.8v230.4c0 6.4 6.4 12.8 12.8 12.8zm-192 0h22.4c6.4 0 12.8-6.4 12.8-12.8V140.8c0-6.4-6.4-12.8-12.8-12.8h-22.4c-6.4 0-12.8 6.4-12.8 12.8v198.4c0 6.4 6.4 12.8 12.8 12.8zm96 0h22.4c6.4 0 12.8-6.4 12.8-12.8V204.8c0-6.4-6.4-12.8-12.8-12.8h-22.4c-6.4 0-12.8 6.4-12.8 12.8v134.4c0 6.4 6.4 12.8 12.8 12.8zM496 400H48V80c0-8.84-7.16-16-16-16H16C7.16 64 0 71.16 0 80v336c0 17.67 14.33 32 32 32h464c8.84 0 16-7.16 16-16v-16c0-8.84-7.16-16-16-16zm-387.2-48h22.4c6.4 0 12.8-6.4 12.8-12.8v-70.4c0-6.4-6.4-12.8-12.8-12.8h-22.4c-6.4 0-12.8 6.4-12.8 12.8v70.4c0 6.4 6.4 12.8 12.8 12.8z\" class=\"\"><\/path><\/svg><\/i> <img loading=\"lazy\" decoding=\"async\" width=\"16\" height=\"16\" alt=\"Loading\" src=\"https:\/\/temucotelevision.cl\/web\/wp-content\/plugins\/page-views-count\/ajax-loader-2x.gif\" border=0 \/><\/p>\n<div class=\"pvc_clear\"><\/div>\n<p>En&nbsp;el marco del trabajo desarrollado en&nbsp;virtud al Planantidelincuencial&nbsp;&#8220;Calle sin Violencia&#8221; en&nbsp;su arista&nbsp;\u201cPr\u00f3fugos&nbsp;de la&nbsp;justicia&#8221;,&nbsp;detectives de la Brigada&nbsp;Investigadora de Robos&nbsp;(Biro)&nbsp;Temuco, detuvieron auna&nbsp;mujer&nbsp;que&nbsp;manten\u00eda&nbsp;tres&nbsp;\u00f3rdenes<\/p>\n","protected":false},"author":1,"featured_media":38185,"comment_status":"open","ping_status":"open","sticky":false,"template":"","format":"standard","meta":{"colormag_page_container_layout":"default_layout","colormag_page_sidebar_layout":"default_layout","footnotes":""},"categories":[16],"tags":[757,6558],"class_list":["post-42555","post","type-post","status-publish","format-standard","has-post-thumbnail","hentry","category-policial","tag-mujer","tag-profuga"],"a3_pvc":{"activated":true,"total_views":93,"today_views":0},"_links":{"self":[{"href":"https:\/\/temucotelevision.cl\/web\/wp-json\/wp\/v2\/posts\/42555","targetHints":{"allow":["GET"]}}],"collection":[{"href":"https:\/\/temucotelevision.cl\/web\/wp-json\/wp\/v2\/posts"}],"about":[{"href":"https:\/\/temucotelevision.cl\/web\/wp-json\/wp\/v2\/types\/post"}],"author":[{"embeddable":true,"href":"https:\/\/temucotelevision.cl\/web\/wp-json\/wp\/v2\/users\/1"}],"replies":[{"embeddable":true,"href":"https:\/\/temucotelevision.cl\/web\/wp-json\/wp\/v2\/comments?post=42555"}],"version-history":[{"count":1,"href":"https:\/\/temucotelevision.cl\/web\/wp-json\/wp\/v2\/posts\/42555\/revisions"}],"predecessor-version":[{"id":42556,"href":"https:\/\/temucotelevision.cl\/web\/wp-json\/wp\/v2\/posts\/42555\/revisions\/42556"}],"wp:featuredmedia":[{"embeddable":true,"href":"https:\/\/temucotelevision.cl\/web\/wp-json\/wp\/v2\/media\/38185"}],"wp:attachment":[{"href":"https:\/\/temucotelevision.cl\/web\/wp-json\/wp\/v2\/media?parent=42555"}],"wp:term":[{"taxonomy":"category","embeddable":true,"href":"https:\/\/temucotelevision.cl\/web\/wp-json\/wp\/v2\/categories?post=42555"},{"taxonomy":"post_tag","embeddable":true,"href":"https:\/\/temucotelevision.cl\/web\/wp-json\/wp\/v2\/tags?post=42555"}],"curies":[{"name":"wp","href":"https:\/\/api.w.org\/{rel}","templated":true}]}}