{"id":42552,"date":"2023-06-30T20:10:25","date_gmt":"2023-06-30T23:10:25","guid":{"rendered":"https:\/\/temucotelevision.cl\/web\/?p=42552"},"modified":"2023-06-30T20:10:26","modified_gmt":"2023-06-30T23:10:26","slug":"autoridades-se-reunen-para-enfrentar-intensas-lluvias-y-riesgos-de-inundacion-en-angol","status":"publish","type":"post","link":"https:\/\/temucotelevision.cl\/web\/2023\/06\/30\/autoridades-se-reunen-para-enfrentar-intensas-lluvias-y-riesgos-de-inundacion-en-angol\/","title":{"rendered":"Autoridades se re\u00fanen para enfrentar intensas lluvias y riesgos de inundaci\u00f3n en Angol"},"content":{"rendered":"<div class=\"pvc_clear\"><\/div><p id=\"pvc_stats_42552\" class=\"pvc_stats total_only  \" data-element-id=\"42552\" style=\"\"><i class=\"pvc-stats-icon large\" aria-hidden=\"true\"><svg aria-hidden=\"true\" focusable=\"false\" data-prefix=\"far\" data-icon=\"chart-bar\" role=\"img\" xmlns=\"http:\/\/www.w3.org\/2000\/svg\" viewBox=\"0 0 512 512\" class=\"svg-inline--fa fa-chart-bar fa-w-16 fa-2x\"><path fill=\"currentColor\" d=\"M396.8 352h22.4c6.4 0 12.8-6.4 12.8-12.8V108.8c0-6.4-6.4-12.8-12.8-12.8h-22.4c-6.4 0-12.8 6.4-12.8 12.8v230.4c0 6.4 6.4 12.8 12.8 12.8zm-192 0h22.4c6.4 0 12.8-6.4 12.8-12.8V140.8c0-6.4-6.4-12.8-12.8-12.8h-22.4c-6.4 0-12.8 6.4-12.8 12.8v198.4c0 6.4 6.4 12.8 12.8 12.8zm96 0h22.4c6.4 0 12.8-6.4 12.8-12.8V204.8c0-6.4-6.4-12.8-12.8-12.8h-22.4c-6.4 0-12.8 6.4-12.8 12.8v134.4c0 6.4 6.4 12.8 12.8 12.8zM496 400H48V80c0-8.84-7.16-16-16-16H16C7.16 64 0 71.16 0 80v336c0 17.67 14.33 32 32 32h464c8.84 0 16-7.16 16-16v-16c0-8.84-7.16-16-16-16zm-387.2-48h22.4c6.4 0 12.8-6.4 12.8-12.8v-70.4c0-6.4-6.4-12.8-12.8-12.8h-22.4c-6.4 0-12.8 6.4-12.8 12.8v70.4c0 6.4 6.4 12.8 12.8 12.8z\" class=\"\"><\/path><\/svg><\/i> <img loading=\"lazy\" decoding=\"async\" width=\"16\" height=\"16\" alt=\"Loading\" src=\"https:\/\/temucotelevision.cl\/web\/wp-content\/plugins\/page-views-count\/ajax-loader-2x.gif\" border=0 \/><\/p><div class=\"pvc_clear\"><\/div>\n<ul class=\"wp-block-list\"><li><em>En la reuni\u00f3n de planificaci\u00f3n participaron diversas entidades, tales como polic\u00edas, Concejo Municipal, encargados de Emergencia, entre otros.<\/em><\/li><\/ul>\n\n\n\n<p>Ante el pron\u00f3stico de intensas lluvias para la pr\u00f3xima semana, la Delegada Presidencial Provincial de Malleco y el alcalde de Angol participaron en una reuni\u00f3n de emergencia convocada por la Municipalidad, con el objetivo de coordinar acciones para prevenir inundaciones y da\u00f1os a la propiedad. La reuni\u00f3n cont\u00f3 adem\u00e1s con la participaci\u00f3n de diversas instituciones, tales como el Concejo Municipal de Angol, encargados de emergencia provinciales y angolinos, la Direcci\u00f3n provincial de Vialidad, Carabineros, PDI, Bomberos, representantes vecinales, entre otros.<\/p>\n\n\n\n<p>La Delegada Presidencial Provincial de Malleco, Andrea Parra, destac\u00f3 que han estado trabajando con los encargados de Emergencia de todos los municipios para asegurar un flujo de comunicaci\u00f3n constante ante probables riesgos que enfrente la provincia y adem\u00e1s, hizo hincapi\u00e9 en la importancia de que los ciudadanos eviten correr riesgos innecesarios acerc\u00e1ndose a las orillas de los r\u00edos durante las lluvias. \u201cLo que m\u00e1s le recomendamos a la ciudadan\u00eda es por supuesto que no corra riesgos innecesarios, como vimos en estos d\u00edas, en que ciudadanos se acercaban a las orillas del r\u00edo para ir a mirar la novedad de los caudales. Es un riesgo innecesario, porque puede haber derrumbes o cualquier peligro. Por favor, no sean tan curiosos y piensen en la dimensi\u00f3n de los riesgos\u201d, coment\u00f3 la Delegada Parra.<\/p>\n\n\n\n<p>Por su parte, Katia Guzm\u00e1n, directora de Desarrollo Comunitario de Angol, mencion\u00f3 que la reuni\u00f3n se centr\u00f3 en coordinar las acciones de las instituciones, &#8220;precisamente para abordar aquellas l\u00edneas de acci\u00f3n que podemos enfrentar para mejorar las condiciones y que en caso de vernos frente a una situaci\u00f3n de emergencia (&#8230;) poder saber con qu\u00e9 elementos contamos cada una de las instituciones, c\u00f3mo nos vamos a coordinar, c\u00f3mo van a quedar establecidos los turnos de emergencia&#8221;.<\/p>\n\n\n\n<p>Enrique Neira, alcalde de Angol, agradeci\u00f3 la participaci\u00f3n de todas las instituciones involucradas y asegur\u00f3 a la comunidad que se est\u00e1n tomando todas las medidas necesarias para enfrentar la situaci\u00f3n. Neira destac\u00f3 el trabajo en equipo y el compromiso de todos los participantes en la reuni\u00f3n. &#8220;La tranquilidad a nuestras vecinas y vecinos de nuestra querida comuna de Angol es que este equipo de emergencia a nivel comunal, conformado ac\u00e1 desde el municipio, est\u00e1 cumpliendo un rol fundamental para evitar las inundaciones y los anegamientos&#8221;, afirm\u00f3 el alcalde.<\/p>\n\n\n\n<p>Neira tambi\u00e9n enfatiz\u00f3 la importancia de la participaci\u00f3n ciudadana en la prevenci\u00f3n de inundaciones, instando a la comunidad a limpiar los canales de desag\u00fce y a reportar a quienes arrojen basura en los r\u00edos.<\/p>\n\n\n\n<p>Con las autoridades y la comunidad trabajando juntas, Angol se prepara para enfrentar las pr\u00f3ximas lluvias de manera coordinada y efectiva, buscando minimizar los impactos y proteger a sus habitantes.<\/p>\n","protected":false},"excerpt":{"rendered":"<div class=\"pvc_clear\"><\/div>\n<p id=\"pvc_stats_42552\" class=\"pvc_stats total_only  \" data-element-id=\"42552\" style=\"\"><i class=\"pvc-stats-icon large\" aria-hidden=\"true\"><svg aria-hidden=\"true\" focusable=\"false\" data-prefix=\"far\" data-icon=\"chart-bar\" role=\"img\" xmlns=\"http:\/\/www.w3.org\/2000\/svg\" viewBox=\"0 0 512 512\" class=\"svg-inline--fa fa-chart-bar fa-w-16 fa-2x\"><path fill=\"currentColor\" d=\"M396.8 352h22.4c6.4 0 12.8-6.4 12.8-12.8V108.8c0-6.4-6.4-12.8-12.8-12.8h-22.4c-6.4 0-12.8 6.4-12.8 12.8v230.4c0 6.4 6.4 12.8 12.8 12.8zm-192 0h22.4c6.4 0 12.8-6.4 12.8-12.8V140.8c0-6.4-6.4-12.8-12.8-12.8h-22.4c-6.4 0-12.8 6.4-12.8 12.8v198.4c0 6.4 6.4 12.8 12.8 12.8zm96 0h22.4c6.4 0 12.8-6.4 12.8-12.8V204.8c0-6.4-6.4-12.8-12.8-12.8h-22.4c-6.4 0-12.8 6.4-12.8 12.8v134.4c0 6.4 6.4 12.8 12.8 12.8zM496 400H48V80c0-8.84-7.16-16-16-16H16C7.16 64 0 71.16 0 80v336c0 17.67 14.33 32 32 32h464c8.84 0 16-7.16 16-16v-16c0-8.84-7.16-16-16-16zm-387.2-48h22.4c6.4 0 12.8-6.4 12.8-12.8v-70.4c0-6.4-6.4-12.8-12.8-12.8h-22.4c-6.4 0-12.8 6.4-12.8 12.8v70.4c0 6.4 6.4 12.8 12.8 12.8z\" class=\"\"><\/path><\/svg><\/i> <img loading=\"lazy\" decoding=\"async\" width=\"16\" height=\"16\" alt=\"Loading\" src=\"https:\/\/temucotelevision.cl\/web\/wp-content\/plugins\/page-views-count\/ajax-loader-2x.gif\" border=0 \/><\/p>\n<div class=\"pvc_clear\"><\/div>\n<p>En la reuni\u00f3n de planificaci\u00f3n participaron diversas entidades, tales como polic\u00edas, Concejo Municipal, encargados de Emergencia, entre otros. Ante el<\/p>\n","protected":false},"author":1,"featured_media":42553,"comment_status":"open","ping_status":"open","sticky":false,"template":"","format":"standard","meta":{"colormag_page_container_layout":"default_layout","colormag_page_sidebar_layout":"default_layout","footnotes":""},"categories":[15],"tags":[745,321,6557,1336],"class_list":["post-42552","post","type-post","status-publish","format-standard","has-post-thumbnail","hentry","category-la-araucania","tag-autoridades","tag-emergencia","tag-inundacion","tag-lluvias"],"a3_pvc":{"activated":true,"total_views":60,"today_views":0},"_links":{"self":[{"href":"https:\/\/temucotelevision.cl\/web\/wp-json\/wp\/v2\/posts\/42552","targetHints":{"allow":["GET"]}}],"collection":[{"href":"https:\/\/temucotelevision.cl\/web\/wp-json\/wp\/v2\/posts"}],"about":[{"href":"https:\/\/temucotelevision.cl\/web\/wp-json\/wp\/v2\/types\/post"}],"author":[{"embeddable":true,"href":"https:\/\/temucotelevision.cl\/web\/wp-json\/wp\/v2\/users\/1"}],"replies":[{"embeddable":true,"href":"https:\/\/temucotelevision.cl\/web\/wp-json\/wp\/v2\/comments?post=42552"}],"version-history":[{"count":1,"href":"https:\/\/temucotelevision.cl\/web\/wp-json\/wp\/v2\/posts\/42552\/revisions"}],"predecessor-version":[{"id":42554,"href":"https:\/\/temucotelevision.cl\/web\/wp-json\/wp\/v2\/posts\/42552\/revisions\/42554"}],"wp:featuredmedia":[{"embeddable":true,"href":"https:\/\/temucotelevision.cl\/web\/wp-json\/wp\/v2\/media\/42553"}],"wp:attachment":[{"href":"https:\/\/temucotelevision.cl\/web\/wp-json\/wp\/v2\/media?parent=42552"}],"wp:term":[{"taxonomy":"category","embeddable":true,"href":"https:\/\/temucotelevision.cl\/web\/wp-json\/wp\/v2\/categories?post=42552"},{"taxonomy":"post_tag","embeddable":true,"href":"https:\/\/temucotelevision.cl\/web\/wp-json\/wp\/v2\/tags?post=42552"}],"curies":[{"name":"wp","href":"https:\/\/api.w.org\/{rel}","templated":true}]}}