{"id":42548,"date":"2023-06-30T20:01:23","date_gmt":"2023-06-30T23:01:23","guid":{"rendered":"https:\/\/temucotelevision.cl\/web\/?p=42548"},"modified":"2023-06-30T20:01:24","modified_gmt":"2023-06-30T23:01:24","slug":"teleton-busca-mas-de-500-voluntarios-y-voluntarias-para-formar-parte-de-la-institucion-y-su-labor-por-la-rehabilitacion","status":"publish","type":"post","link":"https:\/\/temucotelevision.cl\/web\/2023\/06\/30\/teleton-busca-mas-de-500-voluntarios-y-voluntarias-para-formar-parte-de-la-institucion-y-su-labor-por-la-rehabilitacion\/","title":{"rendered":"Telet\u00f3n busca m\u00e1s de 500 voluntarios y voluntarias para formar parte de la instituci\u00f3n y su labor por la rehabilitaci\u00f3n"},"content":{"rendered":"<div class=\"pvc_clear\"><\/div><p id=\"pvc_stats_42548\" class=\"pvc_stats total_only  \" data-element-id=\"42548\" style=\"\"><i class=\"pvc-stats-icon large\" aria-hidden=\"true\"><svg aria-hidden=\"true\" focusable=\"false\" data-prefix=\"far\" data-icon=\"chart-bar\" role=\"img\" xmlns=\"http:\/\/www.w3.org\/2000\/svg\" viewBox=\"0 0 512 512\" class=\"svg-inline--fa fa-chart-bar fa-w-16 fa-2x\"><path fill=\"currentColor\" d=\"M396.8 352h22.4c6.4 0 12.8-6.4 12.8-12.8V108.8c0-6.4-6.4-12.8-12.8-12.8h-22.4c-6.4 0-12.8 6.4-12.8 12.8v230.4c0 6.4 6.4 12.8 12.8 12.8zm-192 0h22.4c6.4 0 12.8-6.4 12.8-12.8V140.8c0-6.4-6.4-12.8-12.8-12.8h-22.4c-6.4 0-12.8 6.4-12.8 12.8v198.4c0 6.4 6.4 12.8 12.8 12.8zm96 0h22.4c6.4 0 12.8-6.4 12.8-12.8V204.8c0-6.4-6.4-12.8-12.8-12.8h-22.4c-6.4 0-12.8 6.4-12.8 12.8v134.4c0 6.4 6.4 12.8 12.8 12.8zM496 400H48V80c0-8.84-7.16-16-16-16H16C7.16 64 0 71.16 0 80v336c0 17.67 14.33 32 32 32h464c8.84 0 16-7.16 16-16v-16c0-8.84-7.16-16-16-16zm-387.2-48h22.4c6.4 0 12.8-6.4 12.8-12.8v-70.4c0-6.4-6.4-12.8-12.8-12.8h-22.4c-6.4 0-12.8 6.4-12.8 12.8v70.4c0 6.4 6.4 12.8 12.8 12.8z\" class=\"\"><\/path><\/svg><\/i> <img loading=\"lazy\" decoding=\"async\" width=\"16\" height=\"16\" alt=\"Loading\" src=\"https:\/\/temucotelevision.cl\/web\/wp-content\/plugins\/page-views-count\/ajax-loader-2x.gif\" border=0 \/><\/p><div class=\"pvc_clear\"><\/div>\n<p><strong>\u2022&nbsp;&nbsp;&nbsp;&nbsp;&nbsp;&nbsp;&nbsp;<\/strong><strong>Las postulaciones estar\u00e1n abiertas hasta el 15 de julio para recibir a todas las personas mayores de 18 a\u00f1os que tengan esp\u00edritu de servicio y deseen ser parte del equipo de Gesti\u00f3n Social y Voluntariado de Telet\u00f3n.<\/strong><\/p>\n\n\n\n<p>Este s\u00e1bado 01 de julio Telet\u00f3n inici\u00f3, a nivel nacional, su segunda convocatoria anual para personas interesadas en unirse a su equipo permanente de Voluntariado.<\/p>\n\n\n\n<p>Son m\u00e1s de 500 los cupos abiertos en total en todos los institutos Telet\u00f3n de Chile, ubicados en las ciudades de Arica, Iquique, Antofagasta, Calama, Copiap\u00f3, Coquimbo, Valpara\u00edso, Santiago, Talca, Concepci\u00f3n, Temuco, Valdivia, Puerto Montt y Coyhaique.&nbsp;<\/p>\n\n\n\n<p>La postulaci\u00f3n a estas vacantes se realiza \u00edntegramente en l\u00ednea, y quienes quieran participar en la convocatoria pueden ingresar al sitio&nbsp;<a href=\"http:\/\/www.teleton.cl\/\">www.teleton.cl<\/a>, leer los requisitos y completar el formulario disponible (<a href=\"http:\/\/voluntariado-teleton.cl\/\">http:\/\/voluntariado-teleton.cl\/<\/a>).&nbsp;&nbsp;<\/p>\n\n\n\n<p>Las personas que completen la inscripci\u00f3n ser\u00e1n llamadas a las entrevistas grupales durante los meses de julio y agosto.<\/p>\n\n\n\n<p>En cada instituto existen cupos limitados en los equipos de voluntariado permanente, debido a las caracter\u00edsticas propias de cada centro.<\/p>\n\n\n\n<p><strong>Requisitos para postular<\/strong><\/p>\n\n\n\n<p>\u2022&nbsp;&nbsp;&nbsp;&nbsp;&nbsp;&nbsp;&nbsp;Tener 18 a\u00f1os cumplidos o m\u00e1s al momento de la postulaci\u00f3n (no hay l\u00edmite de edad m\u00e1xima).<\/p>\n\n\n\n<p>\u2022&nbsp;&nbsp;&nbsp;&nbsp;&nbsp;&nbsp;&nbsp;Inscribirse en el formulario disponible en&nbsp;<a href=\"http:\/\/www.teleton.cl\/\">www.teleton.cl<\/a>&nbsp;o directamente al link&nbsp;<a href=\"http:\/\/voluntariado-teleton.cl\/\">http:\/\/voluntariado-teleton.cl\/<\/a>.&nbsp;&nbsp;Este formulario es la \u00fanica v\u00eda de postulaci\u00f3n.<\/p>\n\n\n\n<p>\u2022&nbsp;&nbsp;&nbsp;&nbsp;&nbsp;&nbsp;&nbsp;Disponer de un tiempo m\u00ednimo para realizar el servicio de a lo menos tres (3) horas continuas a la semana. Esto, en horario de lunes a viernes de 09:00 a 18:00 horas, y\/o s\u00e1bados de 09:00 a 14:00 horas. Adem\u00e1s, es necesario disponer de tiempo para asistir a capacitaciones y reuniones de coordinaci\u00f3n.<\/p>\n\n\n\n<p>\u2022&nbsp;&nbsp;&nbsp;&nbsp;&nbsp;&nbsp;&nbsp;Elegir el instituto Telet\u00f3n d\u00f3nde quieres sumarte como voluntario permanente.&nbsp;<\/p>\n\n\n\n<p><strong>Proceso de selecci\u00f3n<\/strong><\/p>\n\n\n\n<p>Una vez realizada la inscripci\u00f3n, ser\u00e1s contactado v\u00eda e-mail por el equipo de Gesti\u00f3n Social y Voluntariado del instituto Telet\u00f3n al que se postul\u00f3, para invitar al postulante a participar en una entrevista grupal, la que es la primera etapa del proceso.<\/p>\n\n\n\n<p>Las personas seleccionadas, luego ser\u00e1n entrevistadas de manera individual. Quienes pasen ambas etapas, acceder\u00e1n a una inducci\u00f3n general y a una capacitaci\u00f3n espec\u00edfica para el programa comunitario o servicio al que sean asignadas, luego de lo cual ser\u00e1n ya voluntarios y voluntarias permanentes de Telet\u00f3n.<\/p>\n\n\n\n<p>Seg\u00fan las habilidades y aptitudes de cada persona, quienes resulten seleccionados ser\u00e1n destinados a los distintos programas comunitarios o servicios que realizan el Voluntariado Permanente. La labor de los voluntarios y voluntarias contempla distintos \u00e1mbitos de acci\u00f3n, que contribuyen de manera cotidiana a la rehabilitaci\u00f3n e inclusi\u00f3n social de los ni\u00f1os, ni\u00f1as y j\u00f3venes beneficiarios de Telet\u00f3n. M\u00e1s informaci\u00f3n sobre la importante tarea que cumple el Voluntariado Telet\u00f3n se encuentra disponible en el sitio web de la instituci\u00f3n (<a href=\"https:\/\/www.teleton.cl\/formas-de-ayudar\/ser-voluntario\/\">https:\/\/www.teleton.cl\/formas-de-ayudar\/ser-voluntario\/<\/a>).&nbsp;&nbsp;<\/p>\n\n\n\n<p>En este nuevo proceso de postulaci\u00f3n, las vacantes que Telet\u00f3n tiene disponibles en cada instituto son:<\/p>\n\n\n\n<figure class=\"wp-block-table\"><table><tbody><tr><td><strong>Instituto<\/strong><\/td><td><strong>Vacantes<\/strong><\/td><\/tr><tr><td>Arica<\/td><td>74<\/td><\/tr><tr><td>Iquique<\/td><td>29<\/td><\/tr><tr><td>Antofagasta<\/td><td>20<\/td><\/tr><tr><td>Calama<\/td><td>25<\/td><\/tr><tr><td>Copiap\u00f3<\/td><td>15<\/td><\/tr><tr><td>Coquimbo<\/td><td>21<\/td><\/tr><tr><td>Valpara\u00edso<\/td><td>25<\/td><\/tr><tr><td>Santiago<\/td><td>198<\/td><\/tr><tr><td>Talca<\/td><td>25<\/td><\/tr><tr><td>Concepci\u00f3n<\/td><td>15<\/td><\/tr><tr><td>Temuco<\/td><td>15<\/td><\/tr><tr><td>Valdivia<\/td><td>25<\/td><\/tr><tr><td>Puerto Montt<\/td><td>32<\/td><\/tr><tr><td>Coyhaique<\/td><td>15<\/td><\/tr><\/tbody><\/table><\/figure>\n\n\n\n<p>\u00a1Telet\u00f3n te espera para ser parte de nuestra comunidad y vivir la experiencia de ser parte del Voluntariado Telet\u00f3n!<\/p>\n","protected":false},"excerpt":{"rendered":"<div class=\"pvc_clear\"><\/div>\n<p id=\"pvc_stats_42548\" class=\"pvc_stats total_only  \" data-element-id=\"42548\" style=\"\"><i class=\"pvc-stats-icon large\" aria-hidden=\"true\"><svg aria-hidden=\"true\" focusable=\"false\" data-prefix=\"far\" data-icon=\"chart-bar\" role=\"img\" xmlns=\"http:\/\/www.w3.org\/2000\/svg\" viewBox=\"0 0 512 512\" class=\"svg-inline--fa fa-chart-bar fa-w-16 fa-2x\"><path fill=\"currentColor\" d=\"M396.8 352h22.4c6.4 0 12.8-6.4 12.8-12.8V108.8c0-6.4-6.4-12.8-12.8-12.8h-22.4c-6.4 0-12.8 6.4-12.8 12.8v230.4c0 6.4 6.4 12.8 12.8 12.8zm-192 0h22.4c6.4 0 12.8-6.4 12.8-12.8V140.8c0-6.4-6.4-12.8-12.8-12.8h-22.4c-6.4 0-12.8 6.4-12.8 12.8v198.4c0 6.4 6.4 12.8 12.8 12.8zm96 0h22.4c6.4 0 12.8-6.4 12.8-12.8V204.8c0-6.4-6.4-12.8-12.8-12.8h-22.4c-6.4 0-12.8 6.4-12.8 12.8v134.4c0 6.4 6.4 12.8 12.8 12.8zM496 400H48V80c0-8.84-7.16-16-16-16H16C7.16 64 0 71.16 0 80v336c0 17.67 14.33 32 32 32h464c8.84 0 16-7.16 16-16v-16c0-8.84-7.16-16-16-16zm-387.2-48h22.4c6.4 0 12.8-6.4 12.8-12.8v-70.4c0-6.4-6.4-12.8-12.8-12.8h-22.4c-6.4 0-12.8 6.4-12.8 12.8v70.4c0 6.4 6.4 12.8 12.8 12.8z\" class=\"\"><\/path><\/svg><\/i> <img loading=\"lazy\" decoding=\"async\" width=\"16\" height=\"16\" alt=\"Loading\" src=\"https:\/\/temucotelevision.cl\/web\/wp-content\/plugins\/page-views-count\/ajax-loader-2x.gif\" border=0 \/><\/p>\n<div class=\"pvc_clear\"><\/div>\n<p>\u2022&nbsp;&nbsp;&nbsp;&nbsp;&nbsp;&nbsp;&nbsp;Las postulaciones estar\u00e1n abiertas hasta el 15 de julio para recibir a todas las personas mayores de 18 a\u00f1os que<\/p>\n","protected":false},"author":1,"featured_media":42549,"comment_status":"open","ping_status":"open","sticky":false,"template":"","format":"standard","meta":{"colormag_page_container_layout":"default_layout","colormag_page_sidebar_layout":"default_layout","footnotes":""},"categories":[14],"tags":[545,1989,2392],"class_list":["post-42548","post","type-post","status-publish","format-standard","has-post-thumbnail","hentry","category-temuco","tag-institucion","tag-teleton","tag-voluntarios"],"a3_pvc":{"activated":true,"total_views":100,"today_views":0},"_links":{"self":[{"href":"https:\/\/temucotelevision.cl\/web\/wp-json\/wp\/v2\/posts\/42548","targetHints":{"allow":["GET"]}}],"collection":[{"href":"https:\/\/temucotelevision.cl\/web\/wp-json\/wp\/v2\/posts"}],"about":[{"href":"https:\/\/temucotelevision.cl\/web\/wp-json\/wp\/v2\/types\/post"}],"author":[{"embeddable":true,"href":"https:\/\/temucotelevision.cl\/web\/wp-json\/wp\/v2\/users\/1"}],"replies":[{"embeddable":true,"href":"https:\/\/temucotelevision.cl\/web\/wp-json\/wp\/v2\/comments?post=42548"}],"version-history":[{"count":1,"href":"https:\/\/temucotelevision.cl\/web\/wp-json\/wp\/v2\/posts\/42548\/revisions"}],"predecessor-version":[{"id":42550,"href":"https:\/\/temucotelevision.cl\/web\/wp-json\/wp\/v2\/posts\/42548\/revisions\/42550"}],"wp:featuredmedia":[{"embeddable":true,"href":"https:\/\/temucotelevision.cl\/web\/wp-json\/wp\/v2\/media\/42549"}],"wp:attachment":[{"href":"https:\/\/temucotelevision.cl\/web\/wp-json\/wp\/v2\/media?parent=42548"}],"wp:term":[{"taxonomy":"category","embeddable":true,"href":"https:\/\/temucotelevision.cl\/web\/wp-json\/wp\/v2\/categories?post=42548"},{"taxonomy":"post_tag","embeddable":true,"href":"https:\/\/temucotelevision.cl\/web\/wp-json\/wp\/v2\/tags?post=42548"}],"curies":[{"name":"wp","href":"https:\/\/api.w.org\/{rel}","templated":true}]}}