{"id":42542,"date":"2023-06-30T16:18:34","date_gmt":"2023-06-30T19:18:34","guid":{"rendered":"https:\/\/temucotelevision.cl\/web\/?p=42542"},"modified":"2023-06-30T16:19:10","modified_gmt":"2023-06-30T19:19:10","slug":"olivia-rodrigo-regresa-con-vampire-el-primer-nuevo-sencillo-de-su-proximo-album","status":"publish","type":"post","link":"https:\/\/temucotelevision.cl\/web\/2023\/06\/30\/olivia-rodrigo-regresa-con-vampire-el-primer-nuevo-sencillo-de-su-proximo-album\/","title":{"rendered":"Olivia Rodrigo regresa con &#8220;Vampire&#8221; el primer nuevo sencillo de su pr\u00f3ximo \u00e1lbum"},"content":{"rendered":"<div class=\"pvc_clear\"><\/div><p id=\"pvc_stats_42542\" class=\"pvc_stats total_only  \" data-element-id=\"42542\" style=\"\"><i class=\"pvc-stats-icon large\" aria-hidden=\"true\"><svg aria-hidden=\"true\" focusable=\"false\" data-prefix=\"far\" data-icon=\"chart-bar\" role=\"img\" xmlns=\"http:\/\/www.w3.org\/2000\/svg\" viewBox=\"0 0 512 512\" class=\"svg-inline--fa fa-chart-bar fa-w-16 fa-2x\"><path fill=\"currentColor\" d=\"M396.8 352h22.4c6.4 0 12.8-6.4 12.8-12.8V108.8c0-6.4-6.4-12.8-12.8-12.8h-22.4c-6.4 0-12.8 6.4-12.8 12.8v230.4c0 6.4 6.4 12.8 12.8 12.8zm-192 0h22.4c6.4 0 12.8-6.4 12.8-12.8V140.8c0-6.4-6.4-12.8-12.8-12.8h-22.4c-6.4 0-12.8 6.4-12.8 12.8v198.4c0 6.4 6.4 12.8 12.8 12.8zm96 0h22.4c6.4 0 12.8-6.4 12.8-12.8V204.8c0-6.4-6.4-12.8-12.8-12.8h-22.4c-6.4 0-12.8 6.4-12.8 12.8v134.4c0 6.4 6.4 12.8 12.8 12.8zM496 400H48V80c0-8.84-7.16-16-16-16H16C7.16 64 0 71.16 0 80v336c0 17.67 14.33 32 32 32h464c8.84 0 16-7.16 16-16v-16c0-8.84-7.16-16-16-16zm-387.2-48h22.4c6.4 0 12.8-6.4 12.8-12.8v-70.4c0-6.4-6.4-12.8-12.8-12.8h-22.4c-6.4 0-12.8 6.4-12.8 12.8v70.4c0 6.4 6.4 12.8 12.8 12.8z\" class=\"\"><\/path><\/svg><\/i> <img loading=\"lazy\" decoding=\"async\" width=\"16\" height=\"16\" alt=\"Loading\" src=\"https:\/\/temucotelevision.cl\/web\/wp-content\/plugins\/page-views-count\/ajax-loader-2x.gif\" border=0 \/><\/p><div class=\"pvc_clear\"><\/div>\n<p class=\"has-medium-font-size\"><strong>El esperado \u00e1lbum debut titulado\u00a0GUTS, fija su fecha de estreno para el 8 de septiembre.<\/strong><\/p>\n\n\n\n<p>Producida y coescrita con Daniel Nigro,&nbsp;<strong>\u201cvampire\u201d&nbsp;<\/strong>marca un alejamiento del minimalismo de ensue\u00f1o de \u00e9xitos anteriores como su sencillo ganador de cinco platinos \u201cdrivers&nbsp; license\u201d.<\/p>\n\n\n\n<p>Con ese fin,&nbsp;<strong>&#8220;vampire&#8221;&nbsp;<\/strong>comienza con una intensidad silenciosa antes de estallar en una epopeya m\u00e1s grande que la vida construida sobre ritmos de bater\u00eda que aceleran el pulso y un trabajo de piano magn\u00edficamente fren\u00e9tico. A medida que la pista adquiere una velocidad salvaje,&nbsp;<strong>Rodrigo<\/strong>&nbsp;revela su nueva sofisticaci\u00f3n como vocalista y letrista, hilando una historia del tipo de romance t\u00f3xico que agota tu propia fuerza vital.<\/p>\n\n\n\n<p><strong>\u201cEstaba molesta por cierta situaci\u00f3n y fui sola al estudio y me sent\u00e9 en el piano, y los acordes, la melod\u00eda y la letra simplemente brotaron de m\u00ed, casi como una experiencia extracorp\u00f3rea\u201d,\u00a0recuerda.\u00a0\u201cEs una canci\u00f3n sobre sentirse confundida y herida, y al principio pens\u00e9 que estaba destinada a ser una balada para piano. Pero cuando Dan y yo comenzamos a trabajar en ella, sobrepusimos la letra con estos grandes tambores y cambios de tempo locos. As\u00ed que ahora es como una canci\u00f3n desgarradora que puedes bailar\u201d<\/strong><\/p>\n\n\n\n<p><strong>Rodrigo y YouTube organizaron un evento de estreno de &#8220;vampire&#8221;<\/strong>\u00a0en persona en Los \u00c1ngeles. All\u00ed, Rodrigo revel\u00f3 el\u00a0<strong>desaf\u00edo #vampireOR2 Shorts\u00a0<\/strong>y celebr\u00f3 el lanzamiento del video musical oficial junto a sus fan\u00e1ticos y creadores de YouTube. M\u00e1s detalles sobre la asociaci\u00f3n exclusiva de YouTube Shorts\u00a0<a rel=\"noreferrer noopener\" href=\"https:\/\/mailing.beardmen.cl\/t\/d-l-vfhkyk-iudyhiddhh-u\/\" target=\"_blank\">AQU\u00cd.<\/a><\/p>\n\n\n\n<figure class=\"wp-block-embed is-type-video is-provider-youtube wp-block-embed-youtube wp-embed-aspect-16-9 wp-has-aspect-ratio\"><div class=\"wp-block-embed__wrapper\">\n<div class=\"epyt-video-wrapper\"><iframe loading=\"lazy\"  id=\"_ytid_44347\"  width=\"800\" height=\"450\"  data-origwidth=\"800\" data-origheight=\"450\" src=\"https:\/\/www.youtube.com\/embed\/RlPNh_PBZb4?enablejsapi=1&#038;autoplay=0&#038;cc_load_policy=0&#038;cc_lang_pref=&#038;iv_load_policy=1&#038;loop=0&#038;rel=1&#038;fs=1&#038;playsinline=0&#038;autohide=2&#038;theme=dark&#038;color=red&#038;controls=1&#038;disablekb=0&#038;\" class=\"__youtube_prefs__  epyt-is-override  no-lazyload\" title=\"YouTube player\"  allow=\"fullscreen; accelerometer; autoplay; clipboard-write; encrypted-media; gyroscope; picture-in-picture; web-share\" referrerpolicy=\"strict-origin-when-cross-origin\" allowfullscreen data-no-lazy=\"1\" data-skipgform_ajax_framebjll=\"\"><\/iframe><\/div>\n<\/div><\/figure>\n","protected":false},"excerpt":{"rendered":"<div class=\"pvc_clear\"><\/div>\n<p id=\"pvc_stats_42542\" class=\"pvc_stats total_only  \" data-element-id=\"42542\" style=\"\"><i class=\"pvc-stats-icon large\" aria-hidden=\"true\"><svg aria-hidden=\"true\" focusable=\"false\" data-prefix=\"far\" data-icon=\"chart-bar\" role=\"img\" xmlns=\"http:\/\/www.w3.org\/2000\/svg\" viewBox=\"0 0 512 512\" class=\"svg-inline--fa fa-chart-bar fa-w-16 fa-2x\"><path fill=\"currentColor\" d=\"M396.8 352h22.4c6.4 0 12.8-6.4 12.8-12.8V108.8c0-6.4-6.4-12.8-12.8-12.8h-22.4c-6.4 0-12.8 6.4-12.8 12.8v230.4c0 6.4 6.4 12.8 12.8 12.8zm-192 0h22.4c6.4 0 12.8-6.4 12.8-12.8V140.8c0-6.4-6.4-12.8-12.8-12.8h-22.4c-6.4 0-12.8 6.4-12.8 12.8v198.4c0 6.4 6.4 12.8 12.8 12.8zm96 0h22.4c6.4 0 12.8-6.4 12.8-12.8V204.8c0-6.4-6.4-12.8-12.8-12.8h-22.4c-6.4 0-12.8 6.4-12.8 12.8v134.4c0 6.4 6.4 12.8 12.8 12.8zM496 400H48V80c0-8.84-7.16-16-16-16H16C7.16 64 0 71.16 0 80v336c0 17.67 14.33 32 32 32h464c8.84 0 16-7.16 16-16v-16c0-8.84-7.16-16-16-16zm-387.2-48h22.4c6.4 0 12.8-6.4 12.8-12.8v-70.4c0-6.4-6.4-12.8-12.8-12.8h-22.4c-6.4 0-12.8 6.4-12.8 12.8v70.4c0 6.4 6.4 12.8 12.8 12.8z\" class=\"\"><\/path><\/svg><\/i> <img loading=\"lazy\" decoding=\"async\" width=\"16\" height=\"16\" alt=\"Loading\" src=\"https:\/\/temucotelevision.cl\/web\/wp-content\/plugins\/page-views-count\/ajax-loader-2x.gif\" border=0 \/><\/p>\n<div class=\"pvc_clear\"><\/div>\n<p>El esperado \u00e1lbum debut titulado\u00a0GUTS, fija su fecha de estreno para el 8 de septiembre. Producida y coescrita con Daniel<\/p>\n","protected":false},"author":143,"featured_media":42545,"comment_status":"open","ping_status":"open","sticky":false,"template":"","format":"standard","meta":{"colormag_page_container_layout":"default_layout","colormag_page_sidebar_layout":"default_layout","footnotes":""},"categories":[369],"tags":[],"class_list":["post-42542","post","type-post","status-publish","format-standard","has-post-thumbnail","hentry","category-musica"],"a3_pvc":{"activated":true,"total_views":104,"today_views":0},"_links":{"self":[{"href":"https:\/\/temucotelevision.cl\/web\/wp-json\/wp\/v2\/posts\/42542","targetHints":{"allow":["GET"]}}],"collection":[{"href":"https:\/\/temucotelevision.cl\/web\/wp-json\/wp\/v2\/posts"}],"about":[{"href":"https:\/\/temucotelevision.cl\/web\/wp-json\/wp\/v2\/types\/post"}],"author":[{"embeddable":true,"href":"https:\/\/temucotelevision.cl\/web\/wp-json\/wp\/v2\/users\/143"}],"replies":[{"embeddable":true,"href":"https:\/\/temucotelevision.cl\/web\/wp-json\/wp\/v2\/comments?post=42542"}],"version-history":[{"count":3,"href":"https:\/\/temucotelevision.cl\/web\/wp-json\/wp\/v2\/posts\/42542\/revisions"}],"predecessor-version":[{"id":42547,"href":"https:\/\/temucotelevision.cl\/web\/wp-json\/wp\/v2\/posts\/42542\/revisions\/42547"}],"wp:featuredmedia":[{"embeddable":true,"href":"https:\/\/temucotelevision.cl\/web\/wp-json\/wp\/v2\/media\/42545"}],"wp:attachment":[{"href":"https:\/\/temucotelevision.cl\/web\/wp-json\/wp\/v2\/media?parent=42542"}],"wp:term":[{"taxonomy":"category","embeddable":true,"href":"https:\/\/temucotelevision.cl\/web\/wp-json\/wp\/v2\/categories?post=42542"},{"taxonomy":"post_tag","embeddable":true,"href":"https:\/\/temucotelevision.cl\/web\/wp-json\/wp\/v2\/tags?post=42542"}],"curies":[{"name":"wp","href":"https:\/\/api.w.org\/{rel}","templated":true}]}}