{"id":41859,"date":"2023-06-07T19:15:54","date_gmt":"2023-06-07T22:15:54","guid":{"rendered":"https:\/\/temucotelevision.cl\/web\/?p=41859"},"modified":"2023-06-07T19:15:55","modified_gmt":"2023-06-07T22:15:55","slug":"tostao-presenta-el-tema-el-abogado-junto-a-leysong-buay-press-y-dela-king","status":"publish","type":"post","link":"https:\/\/temucotelevision.cl\/web\/2023\/06\/07\/tostao-presenta-el-tema-el-abogado-junto-a-leysong-buay-press-y-dela-king\/","title":{"rendered":"Tostao presenta el tema &#8220;El Abogado&#8221; junto a Leysong, Buay Press y Dela King"},"content":{"rendered":"<div class=\"pvc_clear\"><\/div><p id=\"pvc_stats_41859\" class=\"pvc_stats total_only  \" data-element-id=\"41859\" style=\"\"><i class=\"pvc-stats-icon large\" aria-hidden=\"true\"><svg aria-hidden=\"true\" focusable=\"false\" data-prefix=\"far\" data-icon=\"chart-bar\" role=\"img\" xmlns=\"http:\/\/www.w3.org\/2000\/svg\" viewBox=\"0 0 512 512\" class=\"svg-inline--fa fa-chart-bar fa-w-16 fa-2x\"><path fill=\"currentColor\" d=\"M396.8 352h22.4c6.4 0 12.8-6.4 12.8-12.8V108.8c0-6.4-6.4-12.8-12.8-12.8h-22.4c-6.4 0-12.8 6.4-12.8 12.8v230.4c0 6.4 6.4 12.8 12.8 12.8zm-192 0h22.4c6.4 0 12.8-6.4 12.8-12.8V140.8c0-6.4-6.4-12.8-12.8-12.8h-22.4c-6.4 0-12.8 6.4-12.8 12.8v198.4c0 6.4 6.4 12.8 12.8 12.8zm96 0h22.4c6.4 0 12.8-6.4 12.8-12.8V204.8c0-6.4-6.4-12.8-12.8-12.8h-22.4c-6.4 0-12.8 6.4-12.8 12.8v134.4c0 6.4 6.4 12.8 12.8 12.8zM496 400H48V80c0-8.84-7.16-16-16-16H16C7.16 64 0 71.16 0 80v336c0 17.67 14.33 32 32 32h464c8.84 0 16-7.16 16-16v-16c0-8.84-7.16-16-16-16zm-387.2-48h22.4c6.4 0 12.8-6.4 12.8-12.8v-70.4c0-6.4-6.4-12.8-12.8-12.8h-22.4c-6.4 0-12.8 6.4-12.8 12.8v70.4c0 6.4 6.4 12.8 12.8 12.8z\" class=\"\"><\/path><\/svg><\/i> <img loading=\"lazy\" decoding=\"async\" width=\"16\" height=\"16\" alt=\"Loading\" src=\"https:\/\/temucotelevision.cl\/web\/wp-content\/plugins\/page-views-count\/ajax-loader-2x.gif\" border=0 \/><\/p><div class=\"pvc_clear\"><\/div>\n<p><\/p>\n\n\n\n<p><\/p>\n\n\n\n<p>Tostao, cantante y compositor, reconocido a nivel internacional como uno de los integrantes de la aclamada agrupaci\u00f3n colombiana ChocQuibTown, presenta su nueva apuesta musical \u201c<strong>El Abogado\u201d<\/strong>, una canci\u00f3n que invita a bailar y gozar en medio de una declaratoria sensual. Junto a los talentos del pac\u00edfico colombiano Leysong, Buay Press y Dela King. Tostao sigue exaltando y posicionando con este tema el ritmo ex\u00f3tico, fusi\u00f3n de los sonidos del folclor afro-latino con el g\u00e9nero urbano, que ha tomado mucha fuerza en la industria musical.<\/p>\n\n\n\n<p>El videoes una pieza colorida en la que el baile es protagonista. Con la realizaci\u00f3n de Replay Production y bajo la direcci\u00f3n de Janki Mart\u00ednez, el clip deja ver a los artistas haciendo la interpretaci\u00f3n del tema mientras el cuerpo de baile muestra su sabrosura, invitando a bailar al espectador. Una mujer en medio de la iluminaci\u00f3n al estilo claroscuro, atrapa la mirada con su esbelta silueta, al mismo tiempo que los pasos del ritmo ex\u00f3tico definen la cadencia del audiovisual.<\/p>\n\n\n\n<p>Este tema pertenece al proyecto como solista de Tostao, que llevar\u00e1 el nombre de&nbsp;<strong>\u201cEx\u00f3tico Pal Mundo\u201d<\/strong>, que apoya y proyecta a los nuevos talentos de la regi\u00f3n pac\u00edfica colombiana; otros \u00e9xitos como&nbsp;<strong>\u201cTraficando Ex\u00f3tico\u201d y \u201cLa Temperatura<\/strong>\u201d, hacen parte de esta importante iniciativa musical.<\/p>\n\n\n\n<p>La canci\u00f3n fue rabada en Medell\u00edn, Colombia, en La 19 Estudios -Dj Zaa Estudios. El tema propone un manifiesto de amor lleno de picard\u00eda.<\/p>\n\n\n\n<p><\/p>\n\n\n\n<figure class=\"wp-block-embed is-type-video is-provider-youtube wp-block-embed-youtube wp-embed-aspect-16-9 wp-has-aspect-ratio\"><div class=\"wp-block-embed__wrapper\">\n<div class=\"epyt-video-wrapper\"><iframe loading=\"lazy\"  id=\"_ytid_35435\"  width=\"800\" height=\"450\"  data-origwidth=\"800\" data-origheight=\"450\" src=\"https:\/\/www.youtube.com\/embed\/8qggRdi6_FU?enablejsapi=1&#038;autoplay=0&#038;cc_load_policy=0&#038;cc_lang_pref=&#038;iv_load_policy=1&#038;loop=0&#038;rel=1&#038;fs=1&#038;playsinline=0&#038;autohide=2&#038;theme=dark&#038;color=red&#038;controls=1&#038;disablekb=0&#038;\" class=\"__youtube_prefs__  epyt-is-override  no-lazyload\" title=\"YouTube player\"  allow=\"fullscreen; accelerometer; autoplay; clipboard-write; encrypted-media; gyroscope; picture-in-picture; web-share\" referrerpolicy=\"strict-origin-when-cross-origin\" allowfullscreen data-no-lazy=\"1\" data-skipgform_ajax_framebjll=\"\"><\/iframe><\/div>\n<\/div><\/figure>\n","protected":false},"excerpt":{"rendered":"<div class=\"pvc_clear\"><\/div>\n<p id=\"pvc_stats_41859\" class=\"pvc_stats total_only  \" data-element-id=\"41859\" style=\"\"><i class=\"pvc-stats-icon large\" aria-hidden=\"true\"><svg aria-hidden=\"true\" focusable=\"false\" data-prefix=\"far\" data-icon=\"chart-bar\" role=\"img\" xmlns=\"http:\/\/www.w3.org\/2000\/svg\" viewBox=\"0 0 512 512\" class=\"svg-inline--fa fa-chart-bar fa-w-16 fa-2x\"><path fill=\"currentColor\" d=\"M396.8 352h22.4c6.4 0 12.8-6.4 12.8-12.8V108.8c0-6.4-6.4-12.8-12.8-12.8h-22.4c-6.4 0-12.8 6.4-12.8 12.8v230.4c0 6.4 6.4 12.8 12.8 12.8zm-192 0h22.4c6.4 0 12.8-6.4 12.8-12.8V140.8c0-6.4-6.4-12.8-12.8-12.8h-22.4c-6.4 0-12.8 6.4-12.8 12.8v198.4c0 6.4 6.4 12.8 12.8 12.8zm96 0h22.4c6.4 0 12.8-6.4 12.8-12.8V204.8c0-6.4-6.4-12.8-12.8-12.8h-22.4c-6.4 0-12.8 6.4-12.8 12.8v134.4c0 6.4 6.4 12.8 12.8 12.8zM496 400H48V80c0-8.84-7.16-16-16-16H16C7.16 64 0 71.16 0 80v336c0 17.67 14.33 32 32 32h464c8.84 0 16-7.16 16-16v-16c0-8.84-7.16-16-16-16zm-387.2-48h22.4c6.4 0 12.8-6.4 12.8-12.8v-70.4c0-6.4-6.4-12.8-12.8-12.8h-22.4c-6.4 0-12.8 6.4-12.8 12.8v70.4c0 6.4 6.4 12.8 12.8 12.8z\" class=\"\"><\/path><\/svg><\/i> <img loading=\"lazy\" decoding=\"async\" width=\"16\" height=\"16\" alt=\"Loading\" src=\"https:\/\/temucotelevision.cl\/web\/wp-content\/plugins\/page-views-count\/ajax-loader-2x.gif\" border=0 \/><\/p>\n<div class=\"pvc_clear\"><\/div>\n<p>Tostao, cantante y compositor, reconocido a nivel internacional como uno de los integrantes de la aclamada agrupaci\u00f3n colombiana ChocQuibTown, presenta<\/p>\n","protected":false},"author":143,"featured_media":41860,"comment_status":"open","ping_status":"open","sticky":false,"template":"","format":"standard","meta":{"colormag_page_container_layout":"default_layout","colormag_page_sidebar_layout":"default_layout","footnotes":""},"categories":[369],"tags":[],"class_list":["post-41859","post","type-post","status-publish","format-standard","has-post-thumbnail","hentry","category-musica"],"a3_pvc":{"activated":true,"total_views":19,"today_views":0},"_links":{"self":[{"href":"https:\/\/temucotelevision.cl\/web\/wp-json\/wp\/v2\/posts\/41859","targetHints":{"allow":["GET"]}}],"collection":[{"href":"https:\/\/temucotelevision.cl\/web\/wp-json\/wp\/v2\/posts"}],"about":[{"href":"https:\/\/temucotelevision.cl\/web\/wp-json\/wp\/v2\/types\/post"}],"author":[{"embeddable":true,"href":"https:\/\/temucotelevision.cl\/web\/wp-json\/wp\/v2\/users\/143"}],"replies":[{"embeddable":true,"href":"https:\/\/temucotelevision.cl\/web\/wp-json\/wp\/v2\/comments?post=41859"}],"version-history":[{"count":2,"href":"https:\/\/temucotelevision.cl\/web\/wp-json\/wp\/v2\/posts\/41859\/revisions"}],"predecessor-version":[{"id":41862,"href":"https:\/\/temucotelevision.cl\/web\/wp-json\/wp\/v2\/posts\/41859\/revisions\/41862"}],"wp:featuredmedia":[{"embeddable":true,"href":"https:\/\/temucotelevision.cl\/web\/wp-json\/wp\/v2\/media\/41860"}],"wp:attachment":[{"href":"https:\/\/temucotelevision.cl\/web\/wp-json\/wp\/v2\/media?parent=41859"}],"wp:term":[{"taxonomy":"category","embeddable":true,"href":"https:\/\/temucotelevision.cl\/web\/wp-json\/wp\/v2\/categories?post=41859"},{"taxonomy":"post_tag","embeddable":true,"href":"https:\/\/temucotelevision.cl\/web\/wp-json\/wp\/v2\/tags?post=41859"}],"curies":[{"name":"wp","href":"https:\/\/api.w.org\/{rel}","templated":true}]}}