{"id":41852,"date":"2023-06-07T17:47:17","date_gmt":"2023-06-07T20:47:17","guid":{"rendered":"https:\/\/temucotelevision.cl\/web\/?p=41852"},"modified":"2023-06-07T17:47:48","modified_gmt":"2023-06-07T20:47:48","slug":"greyvi-la-artista-centroamericana-presenta-el-bar","status":"publish","type":"post","link":"https:\/\/temucotelevision.cl\/web\/2023\/06\/07\/greyvi-la-artista-centroamericana-presenta-el-bar\/","title":{"rendered":"Greyvi, la artista centroamericana, presenta &#8220;El bar&#8221;"},"content":{"rendered":"<div class=\"pvc_clear\"><\/div><p id=\"pvc_stats_41852\" class=\"pvc_stats total_only  \" data-element-id=\"41852\" style=\"\"><i class=\"pvc-stats-icon large\" aria-hidden=\"true\"><svg aria-hidden=\"true\" focusable=\"false\" data-prefix=\"far\" data-icon=\"chart-bar\" role=\"img\" xmlns=\"http:\/\/www.w3.org\/2000\/svg\" viewBox=\"0 0 512 512\" class=\"svg-inline--fa fa-chart-bar fa-w-16 fa-2x\"><path fill=\"currentColor\" d=\"M396.8 352h22.4c6.4 0 12.8-6.4 12.8-12.8V108.8c0-6.4-6.4-12.8-12.8-12.8h-22.4c-6.4 0-12.8 6.4-12.8 12.8v230.4c0 6.4 6.4 12.8 12.8 12.8zm-192 0h22.4c6.4 0 12.8-6.4 12.8-12.8V140.8c0-6.4-6.4-12.8-12.8-12.8h-22.4c-6.4 0-12.8 6.4-12.8 12.8v198.4c0 6.4 6.4 12.8 12.8 12.8zm96 0h22.4c6.4 0 12.8-6.4 12.8-12.8V204.8c0-6.4-6.4-12.8-12.8-12.8h-22.4c-6.4 0-12.8 6.4-12.8 12.8v134.4c0 6.4 6.4 12.8 12.8 12.8zM496 400H48V80c0-8.84-7.16-16-16-16H16C7.16 64 0 71.16 0 80v336c0 17.67 14.33 32 32 32h464c8.84 0 16-7.16 16-16v-16c0-8.84-7.16-16-16-16zm-387.2-48h22.4c6.4 0 12.8-6.4 12.8-12.8v-70.4c0-6.4-6.4-12.8-12.8-12.8h-22.4c-6.4 0-12.8 6.4-12.8 12.8v70.4c0 6.4 6.4 12.8 12.8 12.8z\" class=\"\"><\/path><\/svg><\/i> <img loading=\"lazy\" decoding=\"async\" width=\"16\" height=\"16\" alt=\"Loading\" src=\"https:\/\/temucotelevision.cl\/web\/wp-content\/plugins\/page-views-count\/ajax-loader-2x.gif\" border=0 \/><\/p><div class=\"pvc_clear\"><\/div>\n<p><\/p>\n\n\n\n<p class=\"has-medium-font-size\"><strong>Greyvi, la talentosa artista centroamericana, se complace en presentar el video musical de su esperado tema &#8220;El bar&#8221;. Esta canci\u00f3n, que combina elementos del pop y g\u00e9nero urbano, cautivar\u00e1 a los amantes de la m\u00fasica a nivel internacional.<\/strong><\/p>\n\n\n\n<p>Dirigido por Jes\u00fas Figueroa y producido por Billy Mu\u00f1oz, el video musical es una obra maestra de realidad virtual visualmente impactante. Con colores vibrantes, visuales caricaturescos y efectos especiales hipn\u00f3ticos de la mano de Jeisson Cruz, el video lleva a los espectadores a un cautivador viaje al fondo del mar. Cada escena ha sido cuidadosamente elaborada para transmitir la esencia \u00fanica de &#8220;El bar&#8221; y resaltar la creatividad de Greyvi como artista.<\/p>\n\n\n\n<p>Este lanzamiento marca el comienzo de un emocionante nuevo cap\u00edtulo en la carrera de Greyvi. Recientemente, celebr\u00f3 el lanzamiento de su primer EP, titulado &#8220;Soy Greyvi&#8221;, en el lujoso lugar\u00a0<strong>&#8220;THE SHRUBBERY&#8221;<\/strong>\u00a0en el<strong>\u00a0East Miami Hotel.\u00a0<\/strong>El EP incluye una selecci\u00f3n de los \u00e9xitos m\u00e1s destacados de Greyvi, como &#8220;El Bar&#8221;, &#8220;Perreito&#8221;, &#8220;Bubalu&#8221;, &#8220;La Vuelta&#8221;, &#8220;Despu\u00e9s de las 12&#8221; y &#8220;Perzik&#8221;, los cuales han alcanzado el primer puesto en varios pa\u00edses.<\/p>\n\n\n\n<p>El evento de lanzamiento del\u00a0<strong>EP,<\/strong>\u00a0conducido por el reconocido Tony Dandrades, atrajo a destacadas personalidades de la industria musical, artistas e influencers, quienes brindaron un apoyo incondicional a Greyvi. Este evento emblem\u00e1tico consolida la presencia de Greyvi en la industria musical mientras emprende su trayectoria desde Estados Unidos. Adem\u00e1s, el EP ha sido postulado para consideraci\u00f3n en los prestigiosos premios<strong>\u00a0&#8220;Latin Grammy&#8221;<\/strong>.<\/p>\n\n\n\n<p>La selecci\u00f3n de canciones en el EP es un compendio de vivencias y recuerdos personales de Greyvi, lo que demuestra su talento excepcional a una temprana edad.<\/p>\n\n\n\n<figure class=\"wp-block-embed is-type-video is-provider-youtube wp-block-embed-youtube wp-embed-aspect-16-9 wp-has-aspect-ratio\"><div class=\"wp-block-embed__wrapper\">\n<div class=\"epyt-video-wrapper\"><iframe loading=\"lazy\"  id=\"_ytid_37216\"  width=\"800\" height=\"450\"  data-origwidth=\"800\" data-origheight=\"450\" src=\"https:\/\/www.youtube.com\/embed\/4FRA2qVwCiU?enablejsapi=1&#038;autoplay=0&#038;cc_load_policy=0&#038;cc_lang_pref=&#038;iv_load_policy=1&#038;loop=0&#038;rel=1&#038;fs=1&#038;playsinline=0&#038;autohide=2&#038;theme=dark&#038;color=red&#038;controls=1&#038;disablekb=0&#038;\" class=\"__youtube_prefs__  epyt-is-override  no-lazyload\" title=\"YouTube player\"  allow=\"fullscreen; accelerometer; autoplay; clipboard-write; encrypted-media; gyroscope; picture-in-picture; web-share\" referrerpolicy=\"strict-origin-when-cross-origin\" allowfullscreen data-no-lazy=\"1\" data-skipgform_ajax_framebjll=\"\"><\/iframe><\/div>\n<\/div><\/figure>\n","protected":false},"excerpt":{"rendered":"<div class=\"pvc_clear\"><\/div>\n<p id=\"pvc_stats_41852\" class=\"pvc_stats total_only  \" data-element-id=\"41852\" style=\"\"><i class=\"pvc-stats-icon large\" aria-hidden=\"true\"><svg aria-hidden=\"true\" focusable=\"false\" data-prefix=\"far\" data-icon=\"chart-bar\" role=\"img\" xmlns=\"http:\/\/www.w3.org\/2000\/svg\" viewBox=\"0 0 512 512\" class=\"svg-inline--fa fa-chart-bar fa-w-16 fa-2x\"><path fill=\"currentColor\" d=\"M396.8 352h22.4c6.4 0 12.8-6.4 12.8-12.8V108.8c0-6.4-6.4-12.8-12.8-12.8h-22.4c-6.4 0-12.8 6.4-12.8 12.8v230.4c0 6.4 6.4 12.8 12.8 12.8zm-192 0h22.4c6.4 0 12.8-6.4 12.8-12.8V140.8c0-6.4-6.4-12.8-12.8-12.8h-22.4c-6.4 0-12.8 6.4-12.8 12.8v198.4c0 6.4 6.4 12.8 12.8 12.8zm96 0h22.4c6.4 0 12.8-6.4 12.8-12.8V204.8c0-6.4-6.4-12.8-12.8-12.8h-22.4c-6.4 0-12.8 6.4-12.8 12.8v134.4c0 6.4 6.4 12.8 12.8 12.8zM496 400H48V80c0-8.84-7.16-16-16-16H16C7.16 64 0 71.16 0 80v336c0 17.67 14.33 32 32 32h464c8.84 0 16-7.16 16-16v-16c0-8.84-7.16-16-16-16zm-387.2-48h22.4c6.4 0 12.8-6.4 12.8-12.8v-70.4c0-6.4-6.4-12.8-12.8-12.8h-22.4c-6.4 0-12.8 6.4-12.8 12.8v70.4c0 6.4 6.4 12.8 12.8 12.8z\" class=\"\"><\/path><\/svg><\/i> <img loading=\"lazy\" decoding=\"async\" width=\"16\" height=\"16\" alt=\"Loading\" src=\"https:\/\/temucotelevision.cl\/web\/wp-content\/plugins\/page-views-count\/ajax-loader-2x.gif\" border=0 \/><\/p>\n<div class=\"pvc_clear\"><\/div>\n<p>Greyvi, la talentosa artista centroamericana, se complace en presentar el video musical de su esperado tema &#8220;El bar&#8221;. Esta canci\u00f3n,<\/p>\n","protected":false},"author":143,"featured_media":41853,"comment_status":"open","ping_status":"open","sticky":false,"template":"","format":"standard","meta":{"colormag_page_container_layout":"default_layout","colormag_page_sidebar_layout":"default_layout","footnotes":""},"categories":[369],"tags":[],"class_list":["post-41852","post","type-post","status-publish","format-standard","has-post-thumbnail","hentry","category-musica"],"a3_pvc":{"activated":true,"total_views":105,"today_views":0},"_links":{"self":[{"href":"https:\/\/temucotelevision.cl\/web\/wp-json\/wp\/v2\/posts\/41852","targetHints":{"allow":["GET"]}}],"collection":[{"href":"https:\/\/temucotelevision.cl\/web\/wp-json\/wp\/v2\/posts"}],"about":[{"href":"https:\/\/temucotelevision.cl\/web\/wp-json\/wp\/v2\/types\/post"}],"author":[{"embeddable":true,"href":"https:\/\/temucotelevision.cl\/web\/wp-json\/wp\/v2\/users\/143"}],"replies":[{"embeddable":true,"href":"https:\/\/temucotelevision.cl\/web\/wp-json\/wp\/v2\/comments?post=41852"}],"version-history":[{"count":2,"href":"https:\/\/temucotelevision.cl\/web\/wp-json\/wp\/v2\/posts\/41852\/revisions"}],"predecessor-version":[{"id":41855,"href":"https:\/\/temucotelevision.cl\/web\/wp-json\/wp\/v2\/posts\/41852\/revisions\/41855"}],"wp:featuredmedia":[{"embeddable":true,"href":"https:\/\/temucotelevision.cl\/web\/wp-json\/wp\/v2\/media\/41853"}],"wp:attachment":[{"href":"https:\/\/temucotelevision.cl\/web\/wp-json\/wp\/v2\/media?parent=41852"}],"wp:term":[{"taxonomy":"category","embeddable":true,"href":"https:\/\/temucotelevision.cl\/web\/wp-json\/wp\/v2\/categories?post=41852"},{"taxonomy":"post_tag","embeddable":true,"href":"https:\/\/temucotelevision.cl\/web\/wp-json\/wp\/v2\/tags?post=41852"}],"curies":[{"name":"wp","href":"https:\/\/api.w.org\/{rel}","templated":true}]}}