{"id":41850,"date":"2023-06-07T14:42:46","date_gmt":"2023-06-07T17:42:46","guid":{"rendered":"https:\/\/temucotelevision.cl\/web\/?p=41850"},"modified":"2023-06-07T14:42:47","modified_gmt":"2023-06-07T17:42:47","slug":"diputado-jorge-rathgeb-por-modificaciones-al-estado-de-excepcion-por-fin-el-gobierno-entendio-que-se-requiere-mayor-seguridad","status":"publish","type":"post","link":"https:\/\/temucotelevision.cl\/web\/2023\/06\/07\/diputado-jorge-rathgeb-por-modificaciones-al-estado-de-excepcion-por-fin-el-gobierno-entendio-que-se-requiere-mayor-seguridad\/","title":{"rendered":"Diputado Jorge Rathgeb por modificaciones al Estado de Excepci\u00f3n: \u201cPor fin el Gobierno entendi\u00f3 que se requiere mayor seguridad\u201d"},"content":{"rendered":"<div class=\"pvc_clear\"><\/div><p id=\"pvc_stats_41850\" class=\"pvc_stats total_only  \" data-element-id=\"41850\" style=\"\"><i class=\"pvc-stats-icon large\" aria-hidden=\"true\"><svg aria-hidden=\"true\" focusable=\"false\" data-prefix=\"far\" data-icon=\"chart-bar\" role=\"img\" xmlns=\"http:\/\/www.w3.org\/2000\/svg\" viewBox=\"0 0 512 512\" class=\"svg-inline--fa fa-chart-bar fa-w-16 fa-2x\"><path fill=\"currentColor\" d=\"M396.8 352h22.4c6.4 0 12.8-6.4 12.8-12.8V108.8c0-6.4-6.4-12.8-12.8-12.8h-22.4c-6.4 0-12.8 6.4-12.8 12.8v230.4c0 6.4 6.4 12.8 12.8 12.8zm-192 0h22.4c6.4 0 12.8-6.4 12.8-12.8V140.8c0-6.4-6.4-12.8-12.8-12.8h-22.4c-6.4 0-12.8 6.4-12.8 12.8v198.4c0 6.4 6.4 12.8 12.8 12.8zm96 0h22.4c6.4 0 12.8-6.4 12.8-12.8V204.8c0-6.4-6.4-12.8-12.8-12.8h-22.4c-6.4 0-12.8 6.4-12.8 12.8v134.4c0 6.4 6.4 12.8 12.8 12.8zM496 400H48V80c0-8.84-7.16-16-16-16H16C7.16 64 0 71.16 0 80v336c0 17.67 14.33 32 32 32h464c8.84 0 16-7.16 16-16v-16c0-8.84-7.16-16-16-16zm-387.2-48h22.4c6.4 0 12.8-6.4 12.8-12.8v-70.4c0-6.4-6.4-12.8-12.8-12.8h-22.4c-6.4 0-12.8 6.4-12.8 12.8v70.4c0 6.4 6.4 12.8 12.8 12.8z\" class=\"\"><\/path><\/svg><\/i> <img loading=\"lazy\" decoding=\"async\" width=\"16\" height=\"16\" alt=\"Loading\" src=\"https:\/\/temucotelevision.cl\/web\/wp-content\/plugins\/page-views-count\/ajax-loader-2x.gif\" border=0 \/><\/p><div class=\"pvc_clear\"><\/div>\n<p><strong>El congresista que hab\u00eda condicionado su voto a favor de la iniciativa si no exist\u00eda una modificaci\u00f3n en las atribuciones de las Fuerzas Armadas, se\u00f1al\u00f3 que las autoridades de Interior despu\u00e9s de un a\u00f1o, por fin pudieron escuchar.<\/strong><\/p>\n\n\n\n<p>El Congreso a trav\u00e9s de ambas C\u00e1maras decidi\u00f3 prorrogar el Estado de Excepci\u00f3n que rige para las provincias de Biob\u00edo, Arauco, Malleco y Caut\u00edn, esta vez con algunas modificaciones, espec\u00edficamente en el actuar y atribuciones de las Fuerzas Armadas.<\/p>\n\n\n\n<p>El diputado de Renovaci\u00f3n Nacional por La Araucan\u00eda y presidente regional de la colectividad, Jorge Rathgeb, quien en la previa hab\u00eda se\u00f1alado que esperaba que el Gobierno realizara algunos cambios para combatir los delitos de manera m\u00e1s certera, vot\u00f3 a favor de la iniciativa, luego que se formularan algunas sustituciones en el articulado.<\/p>\n\n\n\n<p>Rathgeb, se\u00f1al\u00f3 que por fin las autoridades de Interior escucharon las peticiones realizadas durante semanas y repararon en que la violencia ha recrudecido, algo que queda de manifiesto con el ataque incendiario que afect\u00f3 a una escuela rural en Victoria o lo que han vivido funcionarios p\u00fablicos en el \u00faltimo tiempo.<\/p>\n\n\n\n<p>Para el legislador, era esencial que el Gobierno cambiara su actitud y que dejara la sordera que hab\u00eda imperado en las anteriores renovaciones.<\/p>\n\n\n\n<p>&#8220;Por fin el gobierno nos escuch\u00f3 en el sentido de dejar de lado este Estado de Excepci\u00f3n acotado, y tener un decreto sin letra chica, donde las facultades que tienen las Fuerzas Armadas ya van a ser sin ninguna restricci\u00f3n. Esperamos que se siga avanzando en este tema y que las medidas que se puedan tomar por las Fuerzas Armadas y de orden finalmente consigan la paz y la tranquilidad en la regi\u00f3n de La Araucan\u00eda, o al menos vayamos avanzando en ello\u201d, coment\u00f3 el diputado Rathgeb.<\/p>\n\n\n\n<p>Jorge Rathgeb tambi\u00e9n insisti\u00f3 en la necesidad de escuchar testimonios de testigos o vecinos de las v\u00edctimas considerando que pueden aportar elementos que ayudar\u00edan a esclarecer varios de los hechos de violencia que se han vivido en La Araucan\u00eda.<\/p>\n","protected":false},"excerpt":{"rendered":"<div class=\"pvc_clear\"><\/div>\n<p id=\"pvc_stats_41850\" class=\"pvc_stats total_only  \" data-element-id=\"41850\" style=\"\"><i class=\"pvc-stats-icon large\" aria-hidden=\"true\"><svg aria-hidden=\"true\" focusable=\"false\" data-prefix=\"far\" data-icon=\"chart-bar\" role=\"img\" xmlns=\"http:\/\/www.w3.org\/2000\/svg\" viewBox=\"0 0 512 512\" class=\"svg-inline--fa fa-chart-bar fa-w-16 fa-2x\"><path fill=\"currentColor\" d=\"M396.8 352h22.4c6.4 0 12.8-6.4 12.8-12.8V108.8c0-6.4-6.4-12.8-12.8-12.8h-22.4c-6.4 0-12.8 6.4-12.8 12.8v230.4c0 6.4 6.4 12.8 12.8 12.8zm-192 0h22.4c6.4 0 12.8-6.4 12.8-12.8V140.8c0-6.4-6.4-12.8-12.8-12.8h-22.4c-6.4 0-12.8 6.4-12.8 12.8v198.4c0 6.4 6.4 12.8 12.8 12.8zm96 0h22.4c6.4 0 12.8-6.4 12.8-12.8V204.8c0-6.4-6.4-12.8-12.8-12.8h-22.4c-6.4 0-12.8 6.4-12.8 12.8v134.4c0 6.4 6.4 12.8 12.8 12.8zM496 400H48V80c0-8.84-7.16-16-16-16H16C7.16 64 0 71.16 0 80v336c0 17.67 14.33 32 32 32h464c8.84 0 16-7.16 16-16v-16c0-8.84-7.16-16-16-16zm-387.2-48h22.4c6.4 0 12.8-6.4 12.8-12.8v-70.4c0-6.4-6.4-12.8-12.8-12.8h-22.4c-6.4 0-12.8 6.4-12.8 12.8v70.4c0 6.4 6.4 12.8 12.8 12.8z\" class=\"\"><\/path><\/svg><\/i> <img loading=\"lazy\" decoding=\"async\" width=\"16\" height=\"16\" alt=\"Loading\" src=\"https:\/\/temucotelevision.cl\/web\/wp-content\/plugins\/page-views-count\/ajax-loader-2x.gif\" border=0 \/><\/p>\n<div class=\"pvc_clear\"><\/div>\n<p>El congresista que hab\u00eda condicionado su voto a favor de la iniciativa si no exist\u00eda una modificaci\u00f3n en las atribuciones<\/p>\n","protected":false},"author":1,"featured_media":41756,"comment_status":"open","ping_status":"open","sticky":false,"template":"","format":"standard","meta":{"colormag_page_container_layout":"default_layout","colormag_page_sidebar_layout":"default_layout","footnotes":""},"categories":[84],"tags":[154,4437,399],"class_list":["post-41850","post","type-post","status-publish","format-standard","has-post-thumbnail","hentry","category-politica","tag-diputado","tag-estado-de-excepcion","tag-seguridad"],"a3_pvc":{"activated":true,"total_views":70,"today_views":0},"_links":{"self":[{"href":"https:\/\/temucotelevision.cl\/web\/wp-json\/wp\/v2\/posts\/41850","targetHints":{"allow":["GET"]}}],"collection":[{"href":"https:\/\/temucotelevision.cl\/web\/wp-json\/wp\/v2\/posts"}],"about":[{"href":"https:\/\/temucotelevision.cl\/web\/wp-json\/wp\/v2\/types\/post"}],"author":[{"embeddable":true,"href":"https:\/\/temucotelevision.cl\/web\/wp-json\/wp\/v2\/users\/1"}],"replies":[{"embeddable":true,"href":"https:\/\/temucotelevision.cl\/web\/wp-json\/wp\/v2\/comments?post=41850"}],"version-history":[{"count":1,"href":"https:\/\/temucotelevision.cl\/web\/wp-json\/wp\/v2\/posts\/41850\/revisions"}],"predecessor-version":[{"id":41851,"href":"https:\/\/temucotelevision.cl\/web\/wp-json\/wp\/v2\/posts\/41850\/revisions\/41851"}],"wp:featuredmedia":[{"embeddable":true,"href":"https:\/\/temucotelevision.cl\/web\/wp-json\/wp\/v2\/media\/41756"}],"wp:attachment":[{"href":"https:\/\/temucotelevision.cl\/web\/wp-json\/wp\/v2\/media?parent=41850"}],"wp:term":[{"taxonomy":"category","embeddable":true,"href":"https:\/\/temucotelevision.cl\/web\/wp-json\/wp\/v2\/categories?post=41850"},{"taxonomy":"post_tag","embeddable":true,"href":"https:\/\/temucotelevision.cl\/web\/wp-json\/wp\/v2\/tags?post=41850"}],"curies":[{"name":"wp","href":"https:\/\/api.w.org\/{rel}","templated":true}]}}