{"id":41843,"date":"2023-06-07T14:38:04","date_gmt":"2023-06-07T17:38:04","guid":{"rendered":"https:\/\/temucotelevision.cl\/web\/?p=41843"},"modified":"2023-06-07T14:38:05","modified_gmt":"2023-06-07T17:38:05","slug":"ch-aco-lanza-version-2023-de-la-feria-en-la-araucania","status":"publish","type":"post","link":"https:\/\/temucotelevision.cl\/web\/2023\/06\/07\/ch-aco-lanza-version-2023-de-la-feria-en-la-araucania\/","title":{"rendered":"Ch.ACO lanza versi\u00f3n 2023 de la Feria en La Araucan\u00eda\u00a0\u00a0\u00a0\u00a0\u00a0\u00a0\u00a0\u00a0\u00a0\u00a0\u00a0\u00a0\u00a0\u00a0\u00a0\u00a0\u00a0\u00a0\u00a0\u00a0\u00a0\u00a0\u00a0\u00a0\u00a0\u00a0\u00a0\u00a0\u00a0\u00a0\u00a0\u00a0\u00a0\u00a0\u00a0\u00a0\u00a0\u00a0\u00a0\u00a0\u00a0\u00a0\u00a0\u00a0\u00a0\u00a0\u00a0\u00a0\u00a0\u00a0\u00a0\u00a0\u00a0\u00a0\u00a0\u00a0\u00a0\u00a0\u00a0\u00a0\u00a0\u00a0\u00a0\u00a0\u00a0\u00a0\u00a0\u00a0\u00a0\u00a0\u00a0\u00a0\u00a0\u00a0\u00a0\u00a0\u00a0\u00a0\u00a0\u00a0\u00a0\u00a0\u00a0\u00a0\u00a0\u00a0\u00a0\u00a0\u00a0"},"content":{"rendered":"<div class=\"pvc_clear\"><\/div><p id=\"pvc_stats_41843\" class=\"pvc_stats total_only  \" data-element-id=\"41843\" style=\"\"><i class=\"pvc-stats-icon large\" aria-hidden=\"true\"><svg aria-hidden=\"true\" focusable=\"false\" data-prefix=\"far\" data-icon=\"chart-bar\" role=\"img\" xmlns=\"http:\/\/www.w3.org\/2000\/svg\" viewBox=\"0 0 512 512\" class=\"svg-inline--fa fa-chart-bar fa-w-16 fa-2x\"><path fill=\"currentColor\" d=\"M396.8 352h22.4c6.4 0 12.8-6.4 12.8-12.8V108.8c0-6.4-6.4-12.8-12.8-12.8h-22.4c-6.4 0-12.8 6.4-12.8 12.8v230.4c0 6.4 6.4 12.8 12.8 12.8zm-192 0h22.4c6.4 0 12.8-6.4 12.8-12.8V140.8c0-6.4-6.4-12.8-12.8-12.8h-22.4c-6.4 0-12.8 6.4-12.8 12.8v198.4c0 6.4 6.4 12.8 12.8 12.8zm96 0h22.4c6.4 0 12.8-6.4 12.8-12.8V204.8c0-6.4-6.4-12.8-12.8-12.8h-22.4c-6.4 0-12.8 6.4-12.8 12.8v134.4c0 6.4 6.4 12.8 12.8 12.8zM496 400H48V80c0-8.84-7.16-16-16-16H16C7.16 64 0 71.16 0 80v336c0 17.67 14.33 32 32 32h464c8.84 0 16-7.16 16-16v-16c0-8.84-7.16-16-16-16zm-387.2-48h22.4c6.4 0 12.8-6.4 12.8-12.8v-70.4c0-6.4-6.4-12.8-12.8-12.8h-22.4c-6.4 0-12.8 6.4-12.8 12.8v70.4c0 6.4 6.4 12.8 12.8 12.8z\" class=\"\"><\/path><\/svg><\/i> <img loading=\"lazy\" decoding=\"async\" width=\"16\" height=\"16\" alt=\"Loading\" src=\"https:\/\/temucotelevision.cl\/web\/wp-content\/plugins\/page-views-count\/ajax-loader-2x.gif\" border=0 \/><\/p><div class=\"pvc_clear\"><\/div>\n<ul class=\"wp-block-list\"><li>Con la participaci\u00f3n del alcalde de Temuco, Roberto Neira y la directora de Ch.ACO Elodie Fulton, la Feria de Arte Contempor\u00e1neo m\u00e1s importante de Chile oficializar\u00e1 su nueva versi\u00f3n en un encuentro con\u00a0\u00a0acad\u00e9micos, gestores y artistas en el Museo Ferroviario de Temuco.<\/li><li><\/li><li>Ch.ACO 14 se realizar\u00e1 entre el 8 y 12 de noviembre de 2023 en los exteriores del Teatro La C\u00fapula del Parque O\u2019Higgins, en Santiago. Galer\u00edas y proyectos de arte de todo el pa\u00eds pueden postular hasta el 30 junio en www.feriachaco.cl\u00a0<\/li><\/ul>\n\n\n\n<p>&nbsp;&nbsp;&nbsp;&nbsp;&nbsp;&nbsp;&nbsp;&nbsp;&nbsp;&nbsp;&nbsp;&nbsp;&nbsp;&nbsp;&nbsp;&nbsp;&nbsp;&nbsp;&nbsp;&nbsp;&nbsp;&nbsp;&nbsp;&nbsp;&nbsp;&nbsp;&nbsp;&nbsp;&nbsp;&nbsp;&nbsp;&nbsp;&nbsp;&nbsp;&nbsp;&nbsp;&nbsp;&nbsp;&nbsp;&nbsp;&nbsp;&nbsp;<br>&nbsp;&nbsp;&nbsp;&nbsp;&nbsp;&nbsp;&nbsp;Por primera vez en sus 15 a\u00f1os de historia, Ch.ACO -la feria de arte m\u00e1s importante de Chile- presentar\u00e1 su versi\u00f3n 2023&nbsp;&nbsp;en la regi\u00f3n de la Araucan\u00eda. Artistas de la zona, autoridades regionales, agentes culturales, estudiantes y acad\u00e9micos universitarios tendr\u00e1n un encuentro el lunes 12 y martes 13 de junio en Temuco para conocer, de primera fuente, los detalles de la pr\u00f3xima edici\u00f3n de la feria e instalar una instancia de di\u00e1logo sobre la gesti\u00f3n y circulaci\u00f3n de arte.&nbsp;&nbsp;<\/p>\n\n\n\n<p>\u201cCh.ACO es una plataforma que siempre ha buscado congregar e invitar a diferentes eslabones del arte. Estar en Temuco es parte de lo que hemos llamado \u201cMovimiento\u201d, una permanente conexi\u00f3n con los artistas a lo largo de Chile que sigue poniendo en circulaci\u00f3n las part\u00edculas del ecosistema, como galer\u00edas, museos, artistas, compradores y gestores de las manifestaciones art\u00edsticas\u201d, explica Elodie Fulton, directora de Ch.ACO.&nbsp;<\/p>\n\n\n\n<p>La actividad principal se realizar\u00e1 el&nbsp;<strong>lunes 12 de junio a las 11 hrs.<\/strong>&nbsp;con una charla abierta al p\u00fablico en el&nbsp;<strong>Museo Ferroviario Pablo Neruda&nbsp;<\/strong>de Temuco, espacio ciudadano que da cabida en la actualidad a diversas expresiones del arte y la cultura. El alcalde de Temuco,&nbsp;<strong>Roberto Neira<\/strong>, dar\u00e1 la bienvenida junto con la directora de Ch.ACO,&nbsp;<strong>Elodie Fulton,&nbsp;<\/strong>quien<strong>&nbsp;<\/strong>presentar\u00e1 la nueva edici\u00f3n de la feria. Para estimular la participaci\u00f3n de los artistas de la regi\u00f3n, desde el Ministerio de las Culturas se entregar\u00e1n detalles de los mecanismos de apoyo a postulaci\u00f3n existentes.<\/p>\n\n\n\n<p>Luego se realizar\u00e1 una conversaci\u00f3n sobre gesti\u00f3n, comercializaci\u00f3n y circulaci\u00f3n de arte desde la Araucan\u00eda. Participar\u00e1n en el panel el acad\u00e9mico&nbsp;<strong>Carlos Rivera<\/strong>, director de la carrera de Artes Visuales de la Universidad Cat\u00f3lica de Temuco (UCT),&nbsp;<strong>Maria Paz Salvadores,&nbsp;<\/strong>directora del Centro Cultural Casa Varas, quien compartir\u00e1 su experiencia como expositora en la \u00faltima edici\u00f3n de Ch.ACO, el artista mapuche&nbsp;<strong>Pablo Lincura,&nbsp;<\/strong>quien estar\u00e1 en la pr\u00f3xima edici\u00f3n de la feria&nbsp;<strong>y Elodie Fulton<\/strong>.<\/p>\n\n\n\n<p><strong>Sobre la feria Ch.ACO 14<\/strong><\/p>\n\n\n\n<p>Las inmediaciones del Teatro La C\u00fapula en el Parque O\u2019Higgins en Santiago ser\u00e1n el hogar de la pr\u00f3xima edici\u00f3n de Ch.ACO entre el 8 y 12 de noviembre de 2023. La feria reunir\u00e1 a importantes agentes de las artes a nivel nacional e internacional ofreciendo un espacio de encuentro entre las galer\u00edas y el p\u00fablico, y en su programaci\u00f3n habr\u00e1 charlas y conferencias, entre otras actividades que se anunciar\u00e1n pr\u00f3ximamente.&nbsp;<br>&nbsp;&nbsp;&nbsp;&nbsp;&nbsp;&nbsp;&nbsp;&nbsp;&nbsp;&nbsp;&nbsp;&nbsp;&nbsp;&nbsp;&nbsp;&nbsp;&nbsp;&nbsp;&nbsp;&nbsp;&nbsp;&nbsp;&nbsp;&nbsp;&nbsp;&nbsp;&nbsp;&nbsp;&nbsp;&nbsp;&nbsp;&nbsp;&nbsp;&nbsp;&nbsp;&nbsp;&nbsp;&nbsp;&nbsp;&nbsp;&nbsp;&nbsp;&nbsp;&nbsp;&nbsp;&nbsp;&nbsp;&nbsp;&nbsp;&nbsp;&nbsp;&nbsp;&nbsp;&nbsp;&nbsp;&nbsp;&nbsp;&nbsp;&nbsp;&nbsp;&nbsp;&nbsp;&nbsp;&nbsp;&nbsp;&nbsp;&nbsp;&nbsp;&nbsp;&nbsp;&nbsp;&nbsp;&nbsp;&nbsp;&nbsp;&nbsp;&nbsp;&nbsp;&nbsp;&nbsp;&nbsp;&nbsp;&nbsp;&nbsp;&nbsp;&nbsp;&nbsp;&nbsp;&nbsp;&nbsp;&nbsp;&nbsp;&nbsp;&nbsp;&nbsp;&nbsp;&nbsp;&nbsp;&nbsp;&nbsp;&nbsp;&nbsp;&nbsp;&nbsp;&nbsp;&nbsp;&nbsp;&nbsp;&nbsp;&nbsp;&nbsp;&nbsp;&nbsp;&nbsp;&nbsp;&nbsp;&nbsp;&nbsp;&nbsp;&nbsp;&nbsp;&nbsp;&nbsp;&nbsp;&nbsp;&nbsp;&nbsp;&nbsp;&nbsp;&nbsp;<br>&nbsp;&nbsp;&nbsp;&nbsp;&nbsp;&nbsp;&nbsp;Ch.ACO se consolida como un movimiento en torno a las artes, que busca conectar a los diferentes agentes del arte y consolidar el sistema en torno a sus mentes creativas. \u201cCh.ACO es una plataforma generosa para muchas industrias que muestra a Chile como un pa\u00eds donde se piensa y se produce constantemente, donde los artistas no se sienten aislados y tienen una gran posibilidad de mostrarse hacia el mundo&#8221; dice su directora Elodie Fulton.&nbsp;<\/p>\n\n\n\n<p>La postulaci\u00f3n para las galer\u00edas nacionales e internacionales y para proyectos de artistas emergentes organizados termina el pr\u00f3ximo 30 de junio de 2023. M\u00e1s informaci\u00f3n y postulaciones en www.feriachaco.cl.<\/p>\n\n\n\n<figure class=\"wp-block-image size-large\"><img loading=\"lazy\" decoding=\"async\" width=\"1024\" height=\"683\" src=\"https:\/\/temucotelevision.cl\/web\/wp-content\/uploads\/2023\/06\/CHACO-FOTOS-POR-ESTUDIO-CC-0195-1-1024x683.jpg\" alt=\"\" class=\"wp-image-41845\" srcset=\"https:\/\/temucotelevision.cl\/web\/wp-content\/uploads\/2023\/06\/CHACO-FOTOS-POR-ESTUDIO-CC-0195-1-1024x683.jpg 1024w, https:\/\/temucotelevision.cl\/web\/wp-content\/uploads\/2023\/06\/CHACO-FOTOS-POR-ESTUDIO-CC-0195-1-768x513.jpg 768w, https:\/\/temucotelevision.cl\/web\/wp-content\/uploads\/2023\/06\/CHACO-FOTOS-POR-ESTUDIO-CC-0195-1-1536x1025.jpg 1536w, https:\/\/temucotelevision.cl\/web\/wp-content\/uploads\/2023\/06\/CHACO-FOTOS-POR-ESTUDIO-CC-0195-1-2048x1367.jpg 2048w\" sizes=\"auto, (max-width: 1024px) 100vw, 1024px\" \/><\/figure>\n","protected":false},"excerpt":{"rendered":"<div class=\"pvc_clear\"><\/div>\n<p id=\"pvc_stats_41843\" class=\"pvc_stats total_only  \" data-element-id=\"41843\" style=\"\"><i class=\"pvc-stats-icon large\" aria-hidden=\"true\"><svg aria-hidden=\"true\" focusable=\"false\" data-prefix=\"far\" data-icon=\"chart-bar\" role=\"img\" xmlns=\"http:\/\/www.w3.org\/2000\/svg\" viewBox=\"0 0 512 512\" class=\"svg-inline--fa fa-chart-bar fa-w-16 fa-2x\"><path fill=\"currentColor\" d=\"M396.8 352h22.4c6.4 0 12.8-6.4 12.8-12.8V108.8c0-6.4-6.4-12.8-12.8-12.8h-22.4c-6.4 0-12.8 6.4-12.8 12.8v230.4c0 6.4 6.4 12.8 12.8 12.8zm-192 0h22.4c6.4 0 12.8-6.4 12.8-12.8V140.8c0-6.4-6.4-12.8-12.8-12.8h-22.4c-6.4 0-12.8 6.4-12.8 12.8v198.4c0 6.4 6.4 12.8 12.8 12.8zm96 0h22.4c6.4 0 12.8-6.4 12.8-12.8V204.8c0-6.4-6.4-12.8-12.8-12.8h-22.4c-6.4 0-12.8 6.4-12.8 12.8v134.4c0 6.4 6.4 12.8 12.8 12.8zM496 400H48V80c0-8.84-7.16-16-16-16H16C7.16 64 0 71.16 0 80v336c0 17.67 14.33 32 32 32h464c8.84 0 16-7.16 16-16v-16c0-8.84-7.16-16-16-16zm-387.2-48h22.4c6.4 0 12.8-6.4 12.8-12.8v-70.4c0-6.4-6.4-12.8-12.8-12.8h-22.4c-6.4 0-12.8 6.4-12.8 12.8v70.4c0 6.4 6.4 12.8 12.8 12.8z\" class=\"\"><\/path><\/svg><\/i> <img loading=\"lazy\" decoding=\"async\" width=\"16\" height=\"16\" alt=\"Loading\" src=\"https:\/\/temucotelevision.cl\/web\/wp-content\/plugins\/page-views-count\/ajax-loader-2x.gif\" border=0 \/><\/p>\n<div class=\"pvc_clear\"><\/div>\n<p>Con la participaci\u00f3n del alcalde de Temuco, Roberto Neira y la directora de Ch.ACO Elodie Fulton, la Feria de Arte<\/p>\n","protected":false},"author":1,"featured_media":41844,"comment_status":"open","ping_status":"open","sticky":false,"template":"","format":"standard","meta":{"colormag_page_container_layout":"default_layout","colormag_page_sidebar_layout":"default_layout","footnotes":""},"categories":[86],"tags":[281,6507,257,529],"class_list":["post-41843","post","type-post","status-publish","format-standard","has-post-thumbnail","hentry","category-panoramas","tag-arte","tag-ch-aco","tag-feria","tag-museo"],"a3_pvc":{"activated":true,"total_views":105,"today_views":0},"_links":{"self":[{"href":"https:\/\/temucotelevision.cl\/web\/wp-json\/wp\/v2\/posts\/41843","targetHints":{"allow":["GET"]}}],"collection":[{"href":"https:\/\/temucotelevision.cl\/web\/wp-json\/wp\/v2\/posts"}],"about":[{"href":"https:\/\/temucotelevision.cl\/web\/wp-json\/wp\/v2\/types\/post"}],"author":[{"embeddable":true,"href":"https:\/\/temucotelevision.cl\/web\/wp-json\/wp\/v2\/users\/1"}],"replies":[{"embeddable":true,"href":"https:\/\/temucotelevision.cl\/web\/wp-json\/wp\/v2\/comments?post=41843"}],"version-history":[{"count":1,"href":"https:\/\/temucotelevision.cl\/web\/wp-json\/wp\/v2\/posts\/41843\/revisions"}],"predecessor-version":[{"id":41846,"href":"https:\/\/temucotelevision.cl\/web\/wp-json\/wp\/v2\/posts\/41843\/revisions\/41846"}],"wp:featuredmedia":[{"embeddable":true,"href":"https:\/\/temucotelevision.cl\/web\/wp-json\/wp\/v2\/media\/41844"}],"wp:attachment":[{"href":"https:\/\/temucotelevision.cl\/web\/wp-json\/wp\/v2\/media?parent=41843"}],"wp:term":[{"taxonomy":"category","embeddable":true,"href":"https:\/\/temucotelevision.cl\/web\/wp-json\/wp\/v2\/categories?post=41843"},{"taxonomy":"post_tag","embeddable":true,"href":"https:\/\/temucotelevision.cl\/web\/wp-json\/wp\/v2\/tags?post=41843"}],"curies":[{"name":"wp","href":"https:\/\/api.w.org\/{rel}","templated":true}]}}