{"id":41841,"date":"2023-06-07T14:00:20","date_gmt":"2023-06-07T17:00:20","guid":{"rendered":"https:\/\/temucotelevision.cl\/web\/?p=41841"},"modified":"2023-06-07T14:00:22","modified_gmt":"2023-06-07T17:00:22","slug":"senadora-carmen-gloria-aravena-por-cambios-a-decreto-de-estado-de-excepcion-y-declaracion-de-fiscal-nacional-sobre-necesidad-de-reformular-ley-antiterrorista","status":"publish","type":"post","link":"https:\/\/temucotelevision.cl\/web\/2023\/06\/07\/senadora-carmen-gloria-aravena-por-cambios-a-decreto-de-estado-de-excepcion-y-declaracion-de-fiscal-nacional-sobre-necesidad-de-reformular-ley-antiterrorista\/","title":{"rendered":"<em>Senadora Carmen Gloria Aravena por cambios a decreto de Estado de Excepci\u00f3n y declaraci\u00f3n de Fiscal Nacional sobre necesidad de reformular Ley Antiterrorista<\/em>"},"content":{"rendered":"<div class=\"pvc_clear\"><\/div><p id=\"pvc_stats_41841\" class=\"pvc_stats total_only  \" data-element-id=\"41841\" style=\"\"><i class=\"pvc-stats-icon large\" aria-hidden=\"true\"><svg aria-hidden=\"true\" focusable=\"false\" data-prefix=\"far\" data-icon=\"chart-bar\" role=\"img\" xmlns=\"http:\/\/www.w3.org\/2000\/svg\" viewBox=\"0 0 512 512\" class=\"svg-inline--fa fa-chart-bar fa-w-16 fa-2x\"><path fill=\"currentColor\" d=\"M396.8 352h22.4c6.4 0 12.8-6.4 12.8-12.8V108.8c0-6.4-6.4-12.8-12.8-12.8h-22.4c-6.4 0-12.8 6.4-12.8 12.8v230.4c0 6.4 6.4 12.8 12.8 12.8zm-192 0h22.4c6.4 0 12.8-6.4 12.8-12.8V140.8c0-6.4-6.4-12.8-12.8-12.8h-22.4c-6.4 0-12.8 6.4-12.8 12.8v198.4c0 6.4 6.4 12.8 12.8 12.8zm96 0h22.4c6.4 0 12.8-6.4 12.8-12.8V204.8c0-6.4-6.4-12.8-12.8-12.8h-22.4c-6.4 0-12.8 6.4-12.8 12.8v134.4c0 6.4 6.4 12.8 12.8 12.8zM496 400H48V80c0-8.84-7.16-16-16-16H16C7.16 64 0 71.16 0 80v336c0 17.67 14.33 32 32 32h464c8.84 0 16-7.16 16-16v-16c0-8.84-7.16-16-16-16zm-387.2-48h22.4c6.4 0 12.8-6.4 12.8-12.8v-70.4c0-6.4-6.4-12.8-12.8-12.8h-22.4c-6.4 0-12.8 6.4-12.8 12.8v70.4c0 6.4 6.4 12.8 12.8 12.8z\" class=\"\"><\/path><\/svg><\/i> <img loading=\"lazy\" decoding=\"async\" width=\"16\" height=\"16\" alt=\"Loading\" src=\"https:\/\/temucotelevision.cl\/web\/wp-content\/plugins\/page-views-count\/ajax-loader-2x.gif\" border=0 \/><\/p><div class=\"pvc_clear\"><\/div>\n<p>Valoro que se haya realizado este ajuste, porque permitir\u00e1 un mayor despliegue y coordinaci\u00f3n de las fuerzas policiales y Fuerzas Armadas que resguardan la Macrozona Sur, especialmente en un tema clave como es que patrullen en caminos interiores y no s\u00f3lo en la ruta 5.<\/p>\n\n\n\n<p>Hay v\u00edas internas, por ejemplo, en torno a Temucuicui, por donde se mueven las org\u00e1nicas radicales, que nadie se atreve a usar, y donde el Estado debe tener presencia y control de esas zonas.<\/p>\n\n\n\n<p>Tambi\u00e9n es positivo que se entregue mejor equipamiento para prevenir hechos de violencia y realizar un mejor control nocturno, y la posibilidad que los jefes de defensa puedan operar y tomar decisiones con mayor libertad.<\/p>\n\n\n\n<p>De igual forma, esto no ser\u00e1 suficiente. Insisto en que se requiere avanzar en la la modernizaci\u00f3n y aplicaci\u00f3n de la ley antiterrorista, y as\u00ed lo ha se\u00f1alado el propio Fiscal Nacional, entendiendo la importancia que tiene esa norma. Tambi\u00e9n se debe mejorar el sistema de inteligencia y aprobar los proyectos de la agenda de seguridad.<\/p>\n","protected":false},"excerpt":{"rendered":"<div class=\"pvc_clear\"><\/div>\n<p id=\"pvc_stats_41841\" class=\"pvc_stats total_only  \" data-element-id=\"41841\" style=\"\"><i class=\"pvc-stats-icon large\" aria-hidden=\"true\"><svg aria-hidden=\"true\" focusable=\"false\" data-prefix=\"far\" data-icon=\"chart-bar\" role=\"img\" xmlns=\"http:\/\/www.w3.org\/2000\/svg\" viewBox=\"0 0 512 512\" class=\"svg-inline--fa fa-chart-bar fa-w-16 fa-2x\"><path fill=\"currentColor\" d=\"M396.8 352h22.4c6.4 0 12.8-6.4 12.8-12.8V108.8c0-6.4-6.4-12.8-12.8-12.8h-22.4c-6.4 0-12.8 6.4-12.8 12.8v230.4c0 6.4 6.4 12.8 12.8 12.8zm-192 0h22.4c6.4 0 12.8-6.4 12.8-12.8V140.8c0-6.4-6.4-12.8-12.8-12.8h-22.4c-6.4 0-12.8 6.4-12.8 12.8v198.4c0 6.4 6.4 12.8 12.8 12.8zm96 0h22.4c6.4 0 12.8-6.4 12.8-12.8V204.8c0-6.4-6.4-12.8-12.8-12.8h-22.4c-6.4 0-12.8 6.4-12.8 12.8v134.4c0 6.4 6.4 12.8 12.8 12.8zM496 400H48V80c0-8.84-7.16-16-16-16H16C7.16 64 0 71.16 0 80v336c0 17.67 14.33 32 32 32h464c8.84 0 16-7.16 16-16v-16c0-8.84-7.16-16-16-16zm-387.2-48h22.4c6.4 0 12.8-6.4 12.8-12.8v-70.4c0-6.4-6.4-12.8-12.8-12.8h-22.4c-6.4 0-12.8 6.4-12.8 12.8v70.4c0 6.4 6.4 12.8 12.8 12.8z\" class=\"\"><\/path><\/svg><\/i> <img loading=\"lazy\" decoding=\"async\" width=\"16\" height=\"16\" alt=\"Loading\" src=\"https:\/\/temucotelevision.cl\/web\/wp-content\/plugins\/page-views-count\/ajax-loader-2x.gif\" border=0 \/><\/p>\n<div class=\"pvc_clear\"><\/div>\n<p>Valoro que se haya realizado este ajuste, porque permitir\u00e1 un mayor despliegue y coordinaci\u00f3n de las fuerzas policiales y Fuerzas<\/p>\n","protected":false},"author":1,"featured_media":34081,"comment_status":"open","ping_status":"open","sticky":false,"template":"","format":"standard","meta":{"colormag_page_container_layout":"default_layout","colormag_page_sidebar_layout":"default_layout","footnotes":""},"categories":[84],"tags":[],"class_list":["post-41841","post","type-post","status-publish","format-standard","has-post-thumbnail","hentry","category-politica"],"a3_pvc":{"activated":true,"total_views":74,"today_views":0},"_links":{"self":[{"href":"https:\/\/temucotelevision.cl\/web\/wp-json\/wp\/v2\/posts\/41841","targetHints":{"allow":["GET"]}}],"collection":[{"href":"https:\/\/temucotelevision.cl\/web\/wp-json\/wp\/v2\/posts"}],"about":[{"href":"https:\/\/temucotelevision.cl\/web\/wp-json\/wp\/v2\/types\/post"}],"author":[{"embeddable":true,"href":"https:\/\/temucotelevision.cl\/web\/wp-json\/wp\/v2\/users\/1"}],"replies":[{"embeddable":true,"href":"https:\/\/temucotelevision.cl\/web\/wp-json\/wp\/v2\/comments?post=41841"}],"version-history":[{"count":1,"href":"https:\/\/temucotelevision.cl\/web\/wp-json\/wp\/v2\/posts\/41841\/revisions"}],"predecessor-version":[{"id":41842,"href":"https:\/\/temucotelevision.cl\/web\/wp-json\/wp\/v2\/posts\/41841\/revisions\/41842"}],"wp:featuredmedia":[{"embeddable":true,"href":"https:\/\/temucotelevision.cl\/web\/wp-json\/wp\/v2\/media\/34081"}],"wp:attachment":[{"href":"https:\/\/temucotelevision.cl\/web\/wp-json\/wp\/v2\/media?parent=41841"}],"wp:term":[{"taxonomy":"category","embeddable":true,"href":"https:\/\/temucotelevision.cl\/web\/wp-json\/wp\/v2\/categories?post=41841"},{"taxonomy":"post_tag","embeddable":true,"href":"https:\/\/temucotelevision.cl\/web\/wp-json\/wp\/v2\/tags?post=41841"}],"curies":[{"name":"wp","href":"https:\/\/api.w.org\/{rel}","templated":true}]}}