{"id":41631,"date":"2023-06-01T11:16:21","date_gmt":"2023-06-01T14:16:21","guid":{"rendered":"https:\/\/temucotelevision.cl\/web\/?p=41631"},"modified":"2023-06-02T22:26:38","modified_gmt":"2023-06-03T01:26:38","slug":"echavarri-quinonez-puig-y-jara-se-quedaron-con-la-segunda-fecha-del-gtp-goodyear-en-interlomas","status":"publish","type":"post","link":"https:\/\/temucotelevision.cl\/web\/2023\/06\/01\/echavarri-quinonez-puig-y-jara-se-quedaron-con-la-segunda-fecha-del-gtp-goodyear-en-interlomas\/","title":{"rendered":"Echavarri, Qui\u00f1onez, Puig y Jara se quedaron con la Segunda fecha del GTP Goodyear en Interlomas"},"content":{"rendered":"<div class=\"pvc_clear\"><\/div><p id=\"pvc_stats_41631\" class=\"pvc_stats total_only  \" data-element-id=\"41631\" style=\"\"><i class=\"pvc-stats-icon large\" aria-hidden=\"true\"><svg aria-hidden=\"true\" focusable=\"false\" data-prefix=\"far\" data-icon=\"chart-bar\" role=\"img\" xmlns=\"http:\/\/www.w3.org\/2000\/svg\" viewBox=\"0 0 512 512\" class=\"svg-inline--fa fa-chart-bar fa-w-16 fa-2x\"><path fill=\"currentColor\" d=\"M396.8 352h22.4c6.4 0 12.8-6.4 12.8-12.8V108.8c0-6.4-6.4-12.8-12.8-12.8h-22.4c-6.4 0-12.8 6.4-12.8 12.8v230.4c0 6.4 6.4 12.8 12.8 12.8zm-192 0h22.4c6.4 0 12.8-6.4 12.8-12.8V140.8c0-6.4-6.4-12.8-12.8-12.8h-22.4c-6.4 0-12.8 6.4-12.8 12.8v198.4c0 6.4 6.4 12.8 12.8 12.8zm96 0h22.4c6.4 0 12.8-6.4 12.8-12.8V204.8c0-6.4-6.4-12.8-12.8-12.8h-22.4c-6.4 0-12.8 6.4-12.8 12.8v134.4c0 6.4 6.4 12.8 12.8 12.8zM496 400H48V80c0-8.84-7.16-16-16-16H16C7.16 64 0 71.16 0 80v336c0 17.67 14.33 32 32 32h464c8.84 0 16-7.16 16-16v-16c0-8.84-7.16-16-16-16zm-387.2-48h22.4c6.4 0 12.8-6.4 12.8-12.8v-70.4c0-6.4-6.4-12.8-12.8-12.8h-22.4c-6.4 0-12.8 6.4-12.8 12.8v70.4c0 6.4 6.4 12.8 12.8 12.8z\" class=\"\"><\/path><\/svg><\/i> <img loading=\"lazy\" decoding=\"async\" width=\"16\" height=\"16\" alt=\"Loading\" src=\"https:\/\/temucotelevision.cl\/web\/wp-content\/plugins\/page-views-count\/ajax-loader-2x.gif\" border=0 \/><\/p><div class=\"pvc_clear\"><\/div>\n<p>El s\u00e1bado 27 de mayo se corri\u00f3&nbsp;la segunda fecha del GTP Goodyear en el Aut\u00f3dromo de Interlomas.<\/p>\n\n\n\n<p>La competencia federada del deporte motor, organizada por Alvo Comunicaciones, tuvo en la pista de Lautaro, 34 autos inscritos en el parque cerrado, que participaron en las categor\u00edas GTP 1600, Super Turismo 1600 y sus respectivas series promocionales para pilotos principiantes.<\/p>\n\n\n\n<p>&#8220;Fue un fin de semana de real v\u00e9rtigo, velocidad, emoci\u00f3n, y una clasificaci\u00f3n algo accidentada tras el volcamiento del piloto Claudio Marticorena a bordo del Suzuki Swift. Se activaron todos los protocolos, fue trasladado en ambulancia y atendido en la cl\u00ednica Alemana de Temuco. Luego de conversar con su Padre, para conocer su estado de salud, nos enteramos que hubo buenos resultados en los ex\u00e1menes y que se recupera satisfactoriamente. Como organizaci\u00f3n del GTP Goodyear, en nombre de los pilotos y todos quienes formamos parte de este campeonato, le enviamos un cari\u00f1oso saludo y esperamos verlo pronto&#8221;, coment\u00f3 Eduardo Alvo, productor general del evento.En materia deportiva, el piloto de Temuco Juan Jos\u00e9 Echavarri, debut\u00f3&nbsp;con una gran carrera, llev\u00e1ndose todos los honores del d\u00eda. El auto preparado por Devaud Competici\u00f3n, marc\u00f3 la Pole GTP Goodyear (mejor tiempo de clasificaci\u00f3n), la vuelta m\u00e1s&nbsp;r\u00e1pida&nbsp;<\/p>\n\n\n\n<p>1:16.275 al circuito y adem\u00e1s cerr\u00f3 con el broche de oro, dejando el primer lugar en La Araucan\u00eda. &#8220;Ten\u00eda muchas ganas de correr, estaba muy entusiasmado y motivado&nbsp;con&nbsp;este gran ambiente que tenemos en Interlomas en el GTP Goodyear que organiza Alvo Comunicaciones. Hay muy buenos pilotos y grandes personas. El Renault Clio se comport\u00f3 espectacular toda la competencia y pude ratificar esto obteniendo&nbsp;la Pole, el Sprint y la manga final&#8221;, coment\u00f3 Echavarri, ganador de la jornada. <\/p>\n\n\n\n<p>Detr\u00e1s de \u00e9l, qued\u00f3 el experimentado piloto&nbsp;Felipe Ruiz. El santiaguino conduce un Nissan March preparado por la escuder\u00eda Ruiz Racing. Supo administrar bien la puesta a punto, pese a que perdi\u00f3 algo de potencia en las \u00faltimas vueltas, manteniendo ritmo y quedando segundo. &#8220;Estoy feliz de poder estar ac\u00e1 corriendo. Estaba bastante enfermo, pero pude recuperarme a tiempo gracias a Gabriel Bachmann. Qued\u00f3 puntero en la general, tuve una linda batalla con Ricardo Diaz y vamos a trabajar con tiempo para estar en lo m\u00e1s alto en la tercera fecha nuevamente en Temuco.&nbsp;<\/p>\n\n\n\n<p> El tercer lugar de la GTP 1600 fue para Ricardo Diaz que hizo todo por estar m\u00e1s arriba. El piloto de Transportes TransSur&nbsp;a bordo del Nissan March, clasific\u00f3 segundo detr\u00e1s&nbsp;de Echavarri, pese a perder el puesto en la primera vuelta con una largada fenomenal de Ruiz, el piloto de Temuco supo meter presi\u00f3n hasta recuperar su posici\u00f3n y a 3 vueltas del final, cuando todo parec\u00eda que se quedar\u00eda con esa posici\u00f3n, sufri\u00f3 un trompo quedando finalmente en el tercer puesto. &#8220;Fue una linda y dif\u00edcil carrera. El &#8220;Pipe&#8221; es un tremendo piloto y no era f\u00e1cil&nbsp;aguantarlo y lamentablemente cuando hab\u00eda recuperado mi puesto, se me fue el auto y si bien lo pude volver a poner en pista, Ruiz aprovech\u00f3&nbsp;de buena manera y remat\u00f3 segundo. Me voy feliz de todas maneras, le agradezco a mi padre que nos dio esta pasi\u00f3n por las carreras, a mi hermano que tambi\u00e9n hizo una buena performance, me encanta el ambiente que tenemos dentro y fuera de la pista, es todo un espect\u00e1culo el GTP en Chile y nos veremos el 5 de agosto nuevamente&#8221;, afirm\u00f3&nbsp;Diaz.<\/p>\n\n\n\n<p>En la serie Super Turismo 1600, los pilotos tambi\u00e9n vieron acci\u00f3n a lo grande. La manga final fue una carrera \u00e9pica, con un gran nivel conductivo donde se desarmo completamente los 3 primeros lugares que ven\u00edan s\u00f3lidos. El culpable de esto fue el piloto de Concepci\u00f3n Daniel Qui\u00f1onez, que se guard\u00f3 lo mejor para el final. Este fin de semana cambi\u00f3 de auto y se subi\u00f3 por primera vez a un Nissan March, preparado precisamente por Ruiz Racing, que se ha transformado en un gran abastecedor de veh\u00edculos de carrera. El penquista, secundaba a un Cristian Carrasco que ven\u00eda s\u00f3lido y concentrado en el primer lugar, sin embargo, a 2 vueltas del final todo cambi\u00f3 y un ataque voraz de Qui\u00f1onez en la S del circuito, hizo que finalmente le arrebatara el triunfo a su amigo y actual campe\u00f3n de la categor\u00eda. &#8220;Fue realmente una tremenda carrera, no era sencillo abordar a Cristian, tiene un muy buen auto y a ratos se me arrancaba pero&nbsp;supe mantenerme y con paciencia al final me qued\u00e9 con el triunfo&#8221;, palabras de Daniel Qui\u00f1onez, ganador de ST 1600.&nbsp;<\/p>\n\n\n\n<p>En tercera posici\u00f3n qued\u00f3 Rodrigo Ruiz De Loyzaga a bordo de su Renault Clio. El piloto&nbsp;cumpli\u00f3 una buena labor, rematando as\u00ed el podio de la categor\u00eda.<\/p>\n\n\n\n<p>Por su parte en las series promocionales, Rene Puig obtuvo su primera victoria en la GTP 1600 y no pudo evitar mostrar su felicidad ante este resultado. &#8220;Mi t\u00edo Juan debe estar muy feliz viendo esto. Soy novato, jam\u00e1s en mi vida hab\u00eda corrido un auto de carreras, as\u00ed es que imaginate como me siento, feliz por el resultado, por el evento, fue un fin de semana redondo&#8221;, coment\u00f3 Puig. En el segundo puesto culmin\u00f3 Hrvoje Radic y tercero Carlos Godoy, ambos pilotos con autos de Ruiz Racing.<\/p>\n\n\n\n<p>Finalmente la promocional de la Super Turismo 1600, tuvo como protagonista el carrer\u00f3n de Claudio Jara a bordo de su Mini Cooper, quien hizo una brillante actuaci\u00f3n quedando en lo m\u00e1s alto del podio. Por su parte Francisco Faundez pese a tener algunos fuera de pista, supo ser constante rematando y se lleva el segundo lugar mientras el debutante Mat\u00edas Amestica, qued\u00f3&nbsp;en el tercer lugar de su serie.<\/p>\n\n\n\n<p>Ahora la organizaci\u00f3n del GTP Goodyear trabajar\u00e1 en materia de comunicaciones, realizando nuevas activaciones y vinculaciones con el medio que nos permitan dar a conocer los pormenores del campeonato, acercando los autos a la gente para que puedan verlos y sentir de cerca lo que significa tener y preparar estos veh\u00edculos. La tercera fecha, se realizar\u00e1&nbsp;el s\u00e1bado 5 de agosto en el Aut\u00f3dromo Interlomas, esperando tambi\u00e9n sumar nuevas sorpresas.<\/p>\n\n\n\n<figure class=\"wp-block-image size-large\"><img loading=\"lazy\" decoding=\"async\" width=\"1024\" height=\"682\" src=\"https:\/\/temucotelevision.cl\/web\/wp-content\/uploads\/2023\/06\/Pilotos-de-Temuco-GTP-1600-1024x682.jpg\" alt=\"\" class=\"wp-image-41633\" srcset=\"https:\/\/temucotelevision.cl\/web\/wp-content\/uploads\/2023\/06\/Pilotos-de-Temuco-GTP-1600-1024x682.jpg 1024w, https:\/\/temucotelevision.cl\/web\/wp-content\/uploads\/2023\/06\/Pilotos-de-Temuco-GTP-1600-768x512.jpg 768w, https:\/\/temucotelevision.cl\/web\/wp-content\/uploads\/2023\/06\/Pilotos-de-Temuco-GTP-1600-1536x1024.jpg 1536w, https:\/\/temucotelevision.cl\/web\/wp-content\/uploads\/2023\/06\/Pilotos-de-Temuco-GTP-1600.jpg 2000w\" sizes=\"auto, (max-width: 1024px) 100vw, 1024px\" \/><\/figure>\n\n\n\n<figure class=\"wp-block-image size-large\"><img loading=\"lazy\" decoding=\"async\" width=\"1024\" height=\"681\" src=\"https:\/\/temucotelevision.cl\/web\/wp-content\/uploads\/2023\/06\/Fredes-y-Diaz-en-Boxes-1024x681.jpg\" alt=\"\" class=\"wp-image-41634\" srcset=\"https:\/\/temucotelevision.cl\/web\/wp-content\/uploads\/2023\/06\/Fredes-y-Diaz-en-Boxes-1024x681.jpg 1024w, https:\/\/temucotelevision.cl\/web\/wp-content\/uploads\/2023\/06\/Fredes-y-Diaz-en-Boxes-768x511.jpg 768w, https:\/\/temucotelevision.cl\/web\/wp-content\/uploads\/2023\/06\/Fredes-y-Diaz-en-Boxes-1536x1022.jpg 1536w, https:\/\/temucotelevision.cl\/web\/wp-content\/uploads\/2023\/06\/Fredes-y-Diaz-en-Boxes-2048x1362.jpg 2048w\" sizes=\"auto, (max-width: 1024px) 100vw, 1024px\" \/><\/figure>\n\n\n\n<iframe loading=\"lazy\" width=\"560\" height=\"315\" src=\"https:\/\/www.youtube.com\/embed\/olJtJfRRgAc\" title=\"YouTube video player\" frameborder=\"0\" allow=\"accelerometer; autoplay; clipboard-write; encrypted-media; gyroscope; picture-in-picture; web-share\" allowfullscreen><\/iframe>\n","protected":false},"excerpt":{"rendered":"<div class=\"pvc_clear\"><\/div>\n<p id=\"pvc_stats_41631\" class=\"pvc_stats total_only  \" data-element-id=\"41631\" style=\"\"><i class=\"pvc-stats-icon large\" aria-hidden=\"true\"><svg aria-hidden=\"true\" focusable=\"false\" data-prefix=\"far\" data-icon=\"chart-bar\" role=\"img\" xmlns=\"http:\/\/www.w3.org\/2000\/svg\" viewBox=\"0 0 512 512\" class=\"svg-inline--fa fa-chart-bar fa-w-16 fa-2x\"><path fill=\"currentColor\" d=\"M396.8 352h22.4c6.4 0 12.8-6.4 12.8-12.8V108.8c0-6.4-6.4-12.8-12.8-12.8h-22.4c-6.4 0-12.8 6.4-12.8 12.8v230.4c0 6.4 6.4 12.8 12.8 12.8zm-192 0h22.4c6.4 0 12.8-6.4 12.8-12.8V140.8c0-6.4-6.4-12.8-12.8-12.8h-22.4c-6.4 0-12.8 6.4-12.8 12.8v198.4c0 6.4 6.4 12.8 12.8 12.8zm96 0h22.4c6.4 0 12.8-6.4 12.8-12.8V204.8c0-6.4-6.4-12.8-12.8-12.8h-22.4c-6.4 0-12.8 6.4-12.8 12.8v134.4c0 6.4 6.4 12.8 12.8 12.8zM496 400H48V80c0-8.84-7.16-16-16-16H16C7.16 64 0 71.16 0 80v336c0 17.67 14.33 32 32 32h464c8.84 0 16-7.16 16-16v-16c0-8.84-7.16-16-16-16zm-387.2-48h22.4c6.4 0 12.8-6.4 12.8-12.8v-70.4c0-6.4-6.4-12.8-12.8-12.8h-22.4c-6.4 0-12.8 6.4-12.8 12.8v70.4c0 6.4 6.4 12.8 12.8 12.8z\" class=\"\"><\/path><\/svg><\/i> <img loading=\"lazy\" decoding=\"async\" width=\"16\" height=\"16\" alt=\"Loading\" src=\"https:\/\/temucotelevision.cl\/web\/wp-content\/plugins\/page-views-count\/ajax-loader-2x.gif\" border=0 \/><\/p>\n<div class=\"pvc_clear\"><\/div>\n<p>El s\u00e1bado 27 de mayo se corri\u00f3&nbsp;la segunda fecha del GTP Goodyear en el Aut\u00f3dromo de Interlomas. La competencia federada<\/p>\n","protected":false},"author":1,"featured_media":41632,"comment_status":"open","ping_status":"open","sticky":false,"template":"","format":"standard","meta":{"colormag_page_container_layout":"default_layout","colormag_page_sidebar_layout":"default_layout","footnotes":""},"categories":[86,14],"tags":[246,6487,6486,911],"class_list":["post-41631","post","type-post","status-publish","format-standard","has-post-thumbnail","hentry","category-panoramas","category-temuco","tag-competencia","tag-goodyear","tag-gtp","tag-interlomas"],"a3_pvc":{"activated":true,"total_views":238,"today_views":1},"_links":{"self":[{"href":"https:\/\/temucotelevision.cl\/web\/wp-json\/wp\/v2\/posts\/41631","targetHints":{"allow":["GET"]}}],"collection":[{"href":"https:\/\/temucotelevision.cl\/web\/wp-json\/wp\/v2\/posts"}],"about":[{"href":"https:\/\/temucotelevision.cl\/web\/wp-json\/wp\/v2\/types\/post"}],"author":[{"embeddable":true,"href":"https:\/\/temucotelevision.cl\/web\/wp-json\/wp\/v2\/users\/1"}],"replies":[{"embeddable":true,"href":"https:\/\/temucotelevision.cl\/web\/wp-json\/wp\/v2\/comments?post=41631"}],"version-history":[{"count":3,"href":"https:\/\/temucotelevision.cl\/web\/wp-json\/wp\/v2\/posts\/41631\/revisions"}],"predecessor-version":[{"id":41717,"href":"https:\/\/temucotelevision.cl\/web\/wp-json\/wp\/v2\/posts\/41631\/revisions\/41717"}],"wp:featuredmedia":[{"embeddable":true,"href":"https:\/\/temucotelevision.cl\/web\/wp-json\/wp\/v2\/media\/41632"}],"wp:attachment":[{"href":"https:\/\/temucotelevision.cl\/web\/wp-json\/wp\/v2\/media?parent=41631"}],"wp:term":[{"taxonomy":"category","embeddable":true,"href":"https:\/\/temucotelevision.cl\/web\/wp-json\/wp\/v2\/categories?post=41631"},{"taxonomy":"post_tag","embeddable":true,"href":"https:\/\/temucotelevision.cl\/web\/wp-json\/wp\/v2\/tags?post=41631"}],"curies":[{"name":"wp","href":"https:\/\/api.w.org\/{rel}","templated":true}]}}