{"id":41626,"date":"2023-05-31T20:30:52","date_gmt":"2023-05-31T23:30:52","guid":{"rendered":"https:\/\/temucotelevision.cl\/web\/?p=41626"},"modified":"2023-05-31T20:30:53","modified_gmt":"2023-05-31T23:30:53","slug":"2-de-junio-vence-plazo-para-postular-a-fondos-para-proyectos-comunitarios","status":"publish","type":"post","link":"https:\/\/temucotelevision.cl\/web\/2023\/05\/31\/2-de-junio-vence-plazo-para-postular-a-fondos-para-proyectos-comunitarios\/","title":{"rendered":"2 de junio vence plazo para postular\u00a0a fondos para proyectos comunitarios"},"content":{"rendered":"<div class=\"pvc_clear\"><\/div><p id=\"pvc_stats_41626\" class=\"pvc_stats total_only  \" data-element-id=\"41626\" style=\"\"><i class=\"pvc-stats-icon large\" aria-hidden=\"true\"><svg aria-hidden=\"true\" focusable=\"false\" data-prefix=\"far\" data-icon=\"chart-bar\" role=\"img\" xmlns=\"http:\/\/www.w3.org\/2000\/svg\" viewBox=\"0 0 512 512\" class=\"svg-inline--fa fa-chart-bar fa-w-16 fa-2x\"><path fill=\"currentColor\" d=\"M396.8 352h22.4c6.4 0 12.8-6.4 12.8-12.8V108.8c0-6.4-6.4-12.8-12.8-12.8h-22.4c-6.4 0-12.8 6.4-12.8 12.8v230.4c0 6.4 6.4 12.8 12.8 12.8zm-192 0h22.4c6.4 0 12.8-6.4 12.8-12.8V140.8c0-6.4-6.4-12.8-12.8-12.8h-22.4c-6.4 0-12.8 6.4-12.8 12.8v198.4c0 6.4 6.4 12.8 12.8 12.8zm96 0h22.4c6.4 0 12.8-6.4 12.8-12.8V204.8c0-6.4-6.4-12.8-12.8-12.8h-22.4c-6.4 0-12.8 6.4-12.8 12.8v134.4c0 6.4 6.4 12.8 12.8 12.8zM496 400H48V80c0-8.84-7.16-16-16-16H16C7.16 64 0 71.16 0 80v336c0 17.67 14.33 32 32 32h464c8.84 0 16-7.16 16-16v-16c0-8.84-7.16-16-16-16zm-387.2-48h22.4c6.4 0 12.8-6.4 12.8-12.8v-70.4c0-6.4-6.4-12.8-12.8-12.8h-22.4c-6.4 0-12.8 6.4-12.8 12.8v70.4c0 6.4 6.4 12.8 12.8 12.8z\" class=\"\"><\/path><\/svg><\/i> <img loading=\"lazy\" decoding=\"async\" width=\"16\" height=\"16\" alt=\"Loading\" src=\"https:\/\/temucotelevision.cl\/web\/wp-content\/plugins\/page-views-count\/ajax-loader-2x.gif\" border=0 \/><\/p><div class=\"pvc_clear\"><\/div>\n<p><em>Se trata del Fondo Concursable de Desarrollo Comunitario de Aguas Araucan\u00eda que, durante 11 a\u00f1os de existencia, ha financiado m\u00e1s de mil proyectos sociales en la regi\u00f3n.<\/em><\/p>\n\n\n\n<p>Iniciativas vinculadas al reciclaje; arborizaci\u00f3n de parques; construcci\u00f3n de invernaderos; cierres perimetrales y mejoramiento de sedes sociales, son solo algunos de los proyectos que han sido financiados gracias al aporte de Aguas Araucan\u00eda, mediante su Fondo Concursable de Desarrollo Comunitario que este viernes 2 de junio cierra las postulaciones de su versi\u00f3n 2023.<\/p>\n\n\n\n<p>Para apoyar la gesti\u00f3n de la postulaci\u00f3n, que es online, la compa\u00f1\u00eda habilit\u00f3 sus dependencias en Temuco para recibir a las organizaciones sociales que quieran participar del proceso. As\u00ed lo dio a conocer la jefa de Relaci\u00f3n con la Comunidad de Aguas Araucan\u00eda, Antonieta Vargas, quien se\u00f1al\u00f3 que, para facilitar el acceso a internet de muchas organizaciones sociales, este jueves y viernes 1 y 2 de junio respectivamente, los l\u00edderes sociales podr\u00e1n acercarse al edifico corporativo de Aguas Araucan\u00eda desde las 10: 30 a 17: 00 horas en horario continuado.<\/p>\n\n\n\n<p>\u201cEsperamos en Vicu\u00f1a Mackenna 0202 a las organizaciones que a\u00fan no han podido realizar la postulaci\u00f3n online, para que se acerquen al edificio corporativo de Temuco, donde les facilitaremos lo necesario para concretar el proceso\u201d, dijo.&nbsp;<\/p>\n\n\n\n<p>La ejecutiva se\u00f1al\u00f3 que, para el caso de las organizaciones de las dem\u00e1s comunas de la regi\u00f3n, el equipo de comunidad ha desarrollado jornadas de asesor\u00eda y gu\u00eda para las postulaciones, llevando a sedes sociales los equipos computacionales para que puedan realizar la gesti\u00f3n.<\/p>\n\n\n\n<p>\u201cEste a\u00f1o se incluy\u00f3 a organizaciones de y para personas con discapacidad, adem\u00e1s de la Uniones Comunales, Juntas de Vecinos, Clubes de Adultos Mayores, Consejos de Desarrollo Local (CODELOS), Comit\u00e9s Ambientales Comunales y Talleres Laborales en las entidades que pueden postular\u201d, destac\u00f3.<\/p>\n\n\n\n<p>En el mes de julio se informar\u00e1 a trav\u00e9s de todos los canales de la empresa, cu\u00e1les son las organizaciones ganadoras del fondo concursable Aguas Araucan\u00eda 2023.<\/p>\n\n\n\n<figure class=\"wp-block-image size-large\"><img loading=\"lazy\" decoding=\"async\" width=\"1024\" height=\"727\" src=\"https:\/\/temucotelevision.cl\/web\/wp-content\/uploads\/2023\/05\/invernadero-1024x727.jpg\" alt=\"\" class=\"wp-image-41628\" srcset=\"https:\/\/temucotelevision.cl\/web\/wp-content\/uploads\/2023\/05\/invernadero-1024x727.jpg 1024w, https:\/\/temucotelevision.cl\/web\/wp-content\/uploads\/2023\/05\/invernadero-768x546.jpg 768w, https:\/\/temucotelevision.cl\/web\/wp-content\/uploads\/2023\/05\/invernadero.jpg 1112w\" sizes=\"auto, (max-width: 1024px) 100vw, 1024px\" \/><\/figure>\n","protected":false},"excerpt":{"rendered":"<div class=\"pvc_clear\"><\/div>\n<p id=\"pvc_stats_41626\" class=\"pvc_stats total_only  \" data-element-id=\"41626\" style=\"\"><i class=\"pvc-stats-icon large\" aria-hidden=\"true\"><svg aria-hidden=\"true\" focusable=\"false\" data-prefix=\"far\" data-icon=\"chart-bar\" role=\"img\" xmlns=\"http:\/\/www.w3.org\/2000\/svg\" viewBox=\"0 0 512 512\" class=\"svg-inline--fa fa-chart-bar fa-w-16 fa-2x\"><path fill=\"currentColor\" d=\"M396.8 352h22.4c6.4 0 12.8-6.4 12.8-12.8V108.8c0-6.4-6.4-12.8-12.8-12.8h-22.4c-6.4 0-12.8 6.4-12.8 12.8v230.4c0 6.4 6.4 12.8 12.8 12.8zm-192 0h22.4c6.4 0 12.8-6.4 12.8-12.8V140.8c0-6.4-6.4-12.8-12.8-12.8h-22.4c-6.4 0-12.8 6.4-12.8 12.8v198.4c0 6.4 6.4 12.8 12.8 12.8zm96 0h22.4c6.4 0 12.8-6.4 12.8-12.8V204.8c0-6.4-6.4-12.8-12.8-12.8h-22.4c-6.4 0-12.8 6.4-12.8 12.8v134.4c0 6.4 6.4 12.8 12.8 12.8zM496 400H48V80c0-8.84-7.16-16-16-16H16C7.16 64 0 71.16 0 80v336c0 17.67 14.33 32 32 32h464c8.84 0 16-7.16 16-16v-16c0-8.84-7.16-16-16-16zm-387.2-48h22.4c6.4 0 12.8-6.4 12.8-12.8v-70.4c0-6.4-6.4-12.8-12.8-12.8h-22.4c-6.4 0-12.8 6.4-12.8 12.8v70.4c0 6.4 6.4 12.8 12.8 12.8z\" class=\"\"><\/path><\/svg><\/i> <img loading=\"lazy\" decoding=\"async\" width=\"16\" height=\"16\" alt=\"Loading\" src=\"https:\/\/temucotelevision.cl\/web\/wp-content\/plugins\/page-views-count\/ajax-loader-2x.gif\" border=0 \/><\/p>\n<div class=\"pvc_clear\"><\/div>\n<p>Se trata del Fondo Concursable de Desarrollo Comunitario de Aguas Araucan\u00eda que, durante 11 a\u00f1os de existencia, ha financiado m\u00e1s<\/p>\n","protected":false},"author":1,"featured_media":41627,"comment_status":"open","ping_status":"open","sticky":false,"template":"","format":"standard","meta":{"colormag_page_container_layout":"default_layout","colormag_page_sidebar_layout":"default_layout","footnotes":""},"categories":[14],"tags":[6485,1620,651],"class_list":["post-41626","post","type-post","status-publish","format-standard","has-post-thumbnail","hentry","category-temuco","tag-comunitarios","tag-fondos","tag-proyectos"],"a3_pvc":{"activated":true,"total_views":225,"today_views":0},"_links":{"self":[{"href":"https:\/\/temucotelevision.cl\/web\/wp-json\/wp\/v2\/posts\/41626","targetHints":{"allow":["GET"]}}],"collection":[{"href":"https:\/\/temucotelevision.cl\/web\/wp-json\/wp\/v2\/posts"}],"about":[{"href":"https:\/\/temucotelevision.cl\/web\/wp-json\/wp\/v2\/types\/post"}],"author":[{"embeddable":true,"href":"https:\/\/temucotelevision.cl\/web\/wp-json\/wp\/v2\/users\/1"}],"replies":[{"embeddable":true,"href":"https:\/\/temucotelevision.cl\/web\/wp-json\/wp\/v2\/comments?post=41626"}],"version-history":[{"count":1,"href":"https:\/\/temucotelevision.cl\/web\/wp-json\/wp\/v2\/posts\/41626\/revisions"}],"predecessor-version":[{"id":41629,"href":"https:\/\/temucotelevision.cl\/web\/wp-json\/wp\/v2\/posts\/41626\/revisions\/41629"}],"wp:featuredmedia":[{"embeddable":true,"href":"https:\/\/temucotelevision.cl\/web\/wp-json\/wp\/v2\/media\/41627"}],"wp:attachment":[{"href":"https:\/\/temucotelevision.cl\/web\/wp-json\/wp\/v2\/media?parent=41626"}],"wp:term":[{"taxonomy":"category","embeddable":true,"href":"https:\/\/temucotelevision.cl\/web\/wp-json\/wp\/v2\/categories?post=41626"},{"taxonomy":"post_tag","embeddable":true,"href":"https:\/\/temucotelevision.cl\/web\/wp-json\/wp\/v2\/tags?post=41626"}],"curies":[{"name":"wp","href":"https:\/\/api.w.org\/{rel}","templated":true}]}}