{"id":41623,"date":"2023-05-31T20:21:11","date_gmt":"2023-05-31T23:21:11","guid":{"rendered":"https:\/\/temucotelevision.cl\/web\/?p=41623"},"modified":"2023-05-31T20:21:11","modified_gmt":"2023-05-31T23:21:11","slug":"ministerio-de-agricultura-y-fucoa-lanzan-concurso-historias-de-nuestra-tierra-2023-que-releva-la-cultura-rural-de-chile","status":"publish","type":"post","link":"https:\/\/temucotelevision.cl\/web\/2023\/05\/31\/ministerio-de-agricultura-y-fucoa-lanzan-concurso-historias-de-nuestra-tierra-2023-que-releva-la-cultura-rural-de-chile\/","title":{"rendered":"Ministerio de Agricultura y FUCOA lanzan concurso Historias de Nuestra Tierra 2023 que releva la cultura rural de Chile"},"content":{"rendered":"<div class=\"pvc_clear\"><\/div><p id=\"pvc_stats_41623\" class=\"pvc_stats total_only  \" data-element-id=\"41623\" style=\"\"><i class=\"pvc-stats-icon large\" aria-hidden=\"true\"><svg aria-hidden=\"true\" focusable=\"false\" data-prefix=\"far\" data-icon=\"chart-bar\" role=\"img\" xmlns=\"http:\/\/www.w3.org\/2000\/svg\" viewBox=\"0 0 512 512\" class=\"svg-inline--fa fa-chart-bar fa-w-16 fa-2x\"><path fill=\"currentColor\" d=\"M396.8 352h22.4c6.4 0 12.8-6.4 12.8-12.8V108.8c0-6.4-6.4-12.8-12.8-12.8h-22.4c-6.4 0-12.8 6.4-12.8 12.8v230.4c0 6.4 6.4 12.8 12.8 12.8zm-192 0h22.4c6.4 0 12.8-6.4 12.8-12.8V140.8c0-6.4-6.4-12.8-12.8-12.8h-22.4c-6.4 0-12.8 6.4-12.8 12.8v198.4c0 6.4 6.4 12.8 12.8 12.8zm96 0h22.4c6.4 0 12.8-6.4 12.8-12.8V204.8c0-6.4-6.4-12.8-12.8-12.8h-22.4c-6.4 0-12.8 6.4-12.8 12.8v134.4c0 6.4 6.4 12.8 12.8 12.8zM496 400H48V80c0-8.84-7.16-16-16-16H16C7.16 64 0 71.16 0 80v336c0 17.67 14.33 32 32 32h464c8.84 0 16-7.16 16-16v-16c0-8.84-7.16-16-16-16zm-387.2-48h22.4c6.4 0 12.8-6.4 12.8-12.8v-70.4c0-6.4-6.4-12.8-12.8-12.8h-22.4c-6.4 0-12.8 6.4-12.8 12.8v70.4c0 6.4 6.4 12.8 12.8 12.8z\" class=\"\"><\/path><\/svg><\/i> <img loading=\"lazy\" decoding=\"async\" width=\"16\" height=\"16\" alt=\"Loading\" src=\"https:\/\/temucotelevision.cl\/web\/wp-content\/plugins\/page-views-count\/ajax-loader-2x.gif\" border=0 \/><\/p><div class=\"pvc_clear\"><\/div>\n<p><em>El ministro Esteban Valenzuela dio inicio a la nueva convocatoria de este tradicional certamen organizado por FUCOA, que cumple 31 a\u00f1os relevando y difundiendo las historias, mitos y tradiciones de los territorios rurales del pa\u00eds. Ni\u00f1as, ni\u00f1os, j\u00f3venes y adultos de todo el pa\u00eds pueden participar enviando sus cuentos, poemas y dibujos en&nbsp;<\/em><a href=\"http:\/\/www.historiasdenuestratierra.cl\/\" target=\"_blank\" rel=\"noreferrer noopener\"><em>www.historiasdenuestratierra.cl<\/em><\/a><em>.<\/em><\/p>\n\n\n\n<p><br>\u201cFUCOA viene promoviendo hace ya 31 a\u00f1os cuentos, relatos, tambi\u00e9n dibujos. Todo esto es muy significativo, porque los mejores valores de Chile, las tradiciones, la fraternidad, el amor a la tierra, el cuidado del medio ambiente, la importancia de la familia, del barrio y de la localidad vienen de nuestra ruralidad, de esa alma de campo de las chilenas y los chilenos. Participen en esta versi\u00f3n, vamos a llenar nuestra tierra de vitalidad con este concurso\u201d. Con estas palabras, el ministro de Agricultura, Esteban Valenzuela, dio inicio a la versi\u00f3n 2023 del concurso Historias de Nuestra Tierra, certamen \u00fanico en su tipo y de convocatoria nacional organizado por la Fundaci\u00f3n de Comunicaciones, Capacitaci\u00f3n y Cultura del Agro (FUCOA), que por m\u00e1s de 30 a\u00f1os busca relevar y difundir los relatos, mitos y leyendas propias del campo chileno.<\/p>\n\n\n\n<p>De esta forma, la autoridad del agro extendi\u00f3 la invitaci\u00f3n a ni\u00f1as, ni\u00f1os, j\u00f3venes y adultos de todo el pa\u00eds a participar en este tradicional certamen, en las categor\u00edas de Cuento (todo p\u00fablico), Poema (todo p\u00fablico) y Dibujo (estudiantes de ense\u00f1anza b\u00e1sica y media), con lo que junto con compartir sus obras y experiencias sobre la ruralidad, tambi\u00e9n podr\u00e1n concursar por premios nacionales y regionales.<\/p>\n\n\n\n<p>Por su parte, el director ejecutivo de FUCOA, Claudio Urtubia, coment\u00f3 que \u201cel concurso Historia de Nuestra Tierra es un hito cultural para el Ministerio de Agricultura&nbsp; Queremos que todas y todos participen activamente a lo largo del l pa\u00eds, porque la historia de cada una de las personas que conforman nuestra sociedad es parte importante del Chile en el que vivimos, es una herencia de nuestros antepasados, de nuestros or\u00edgenes. El campo y la ruralidad son parte de nuestras ra\u00edces y de la riqueza de nuestra cultura\u201d.<\/p>\n\n\n\n<p>Este concurso cuenta con un jurado conformado por reconocidas figuras de la escena cultural chilena, destacando en sus versiones anteriores a Sonia Montecino, Premio Nacional de Humanidades y Ciencias Sociales (2013); H\u00e9ctor Velis-Meza,&nbsp;periodista y profesor de oratoria; Osvaldo C\u00e1diz, investigador del folclor y director acad\u00e9mico de la Academia Nacional de Cultura Tradicional Margot Loyola; y Elicura Chihuailaf, poeta y escritor mapuche, Premio Nacional de Literatura (2020), entre otros.<\/p>\n\n\n\n<p>Cabe resaltar que la Biblioteca Nacional cada a\u00f1o recibe y conserva la totalidad de las obras en el Fondo FUCOA dentro del Archivo de Literatura Oral y Tradiciones Populares, donde son consultadas por investigadores profesionales y p\u00fablico general.<\/p>\n\n\n\n<p><strong>Convocatoria 2023<\/strong><\/p>\n\n\n\n<p>En esta 31<sup>a<\/sup>&nbsp;versi\u00f3n del concurso, entre los premios para ni\u00f1os, ni\u00f1as y j\u00f3venes habr\u00e1 notebooks, tablets, bicicletas y sets de escritura, mientras que las y los adultos ganadores recibir\u00e1n hasta medio mill\u00f3n de pesos. A su vez, todos los ganadores y ganadoras tendr\u00e1n la posibilidad de ver publicada su obra en el libro recopilatorio \u201cAntolog\u00eda\u201d, que FUCOA edita y publica a\u00f1o a a\u00f1o.<\/p>\n\n\n\n<p>Asimismo, a trav\u00e9s del premio especial \u201cPueblos Originarios\u201d se entregar\u00e1 una distinci\u00f3n al cuento que mejor represente a los pueblos originarios de Chile, mientras que \u201cMujer Rural\u201d reconocer\u00e1 al cuento que releve la participaci\u00f3n femenina y, como novedad, el premio especial \u201cCocina Tradicional\u201d destacar\u00e1 al cuento que se inspire en alimentos o recetas t\u00edpicas chilenas.&nbsp;<\/p>\n\n\n\n<p>Adem\u00e1s, este a\u00f1o se entregar\u00e1n premios especiales a aquellos docentes que promuevan la participaci\u00f3n de estudiantes en cualquier categor\u00eda, as\u00ed como a los establecimientos educacionales con mayor participaci\u00f3n de sus estudiantes.<\/p>\n\n\n\n<p><a><\/a>Las obras pueden ser enviadas hasta el 31 de agosto de 2023 a trav\u00e9s del sitio web&nbsp;<a href=\"http:\/\/www.historiasdenuestratierra.cl\/\" target=\"_blank\" rel=\"noreferrer noopener\">www.historiasdenuestratierra.cl<\/a>, donde est\u00e1n disponibles las bases del concurso, resultados anteriores, Galer\u00eda de Ganadores, material educativo y m\u00e1s informaci\u00f3n sobre el certamen.<\/p>\n","protected":false},"excerpt":{"rendered":"<div class=\"pvc_clear\"><\/div>\n<p id=\"pvc_stats_41623\" class=\"pvc_stats total_only  \" data-element-id=\"41623\" style=\"\"><i class=\"pvc-stats-icon large\" aria-hidden=\"true\"><svg aria-hidden=\"true\" focusable=\"false\" data-prefix=\"far\" data-icon=\"chart-bar\" role=\"img\" xmlns=\"http:\/\/www.w3.org\/2000\/svg\" viewBox=\"0 0 512 512\" class=\"svg-inline--fa fa-chart-bar fa-w-16 fa-2x\"><path fill=\"currentColor\" d=\"M396.8 352h22.4c6.4 0 12.8-6.4 12.8-12.8V108.8c0-6.4-6.4-12.8-12.8-12.8h-22.4c-6.4 0-12.8 6.4-12.8 12.8v230.4c0 6.4 6.4 12.8 12.8 12.8zm-192 0h22.4c6.4 0 12.8-6.4 12.8-12.8V140.8c0-6.4-6.4-12.8-12.8-12.8h-22.4c-6.4 0-12.8 6.4-12.8 12.8v198.4c0 6.4 6.4 12.8 12.8 12.8zm96 0h22.4c6.4 0 12.8-6.4 12.8-12.8V204.8c0-6.4-6.4-12.8-12.8-12.8h-22.4c-6.4 0-12.8 6.4-12.8 12.8v134.4c0 6.4 6.4 12.8 12.8 12.8zM496 400H48V80c0-8.84-7.16-16-16-16H16C7.16 64 0 71.16 0 80v336c0 17.67 14.33 32 32 32h464c8.84 0 16-7.16 16-16v-16c0-8.84-7.16-16-16-16zm-387.2-48h22.4c6.4 0 12.8-6.4 12.8-12.8v-70.4c0-6.4-6.4-12.8-12.8-12.8h-22.4c-6.4 0-12.8 6.4-12.8 12.8v70.4c0 6.4 6.4 12.8 12.8 12.8z\" class=\"\"><\/path><\/svg><\/i> <img loading=\"lazy\" decoding=\"async\" width=\"16\" height=\"16\" alt=\"Loading\" src=\"https:\/\/temucotelevision.cl\/web\/wp-content\/plugins\/page-views-count\/ajax-loader-2x.gif\" border=0 \/><\/p>\n<div class=\"pvc_clear\"><\/div>\n<p>El ministro Esteban Valenzuela dio inicio a la nueva convocatoria de este tradicional certamen organizado por FUCOA, que cumple 31<\/p>\n","protected":false},"author":1,"featured_media":41624,"comment_status":"open","ping_status":"open","sticky":false,"template":"","format":"standard","meta":{"colormag_page_container_layout":"default_layout","colormag_page_sidebar_layout":"default_layout","footnotes":""},"categories":[86],"tags":[319,1632,488,2687],"class_list":["post-41623","post","type-post","status-publish","format-standard","has-post-thumbnail","hentry","category-panoramas","tag-agricultura","tag-concurso","tag-cultura","tag-ministerio"],"a3_pvc":{"activated":true,"total_views":90,"today_views":0},"_links":{"self":[{"href":"https:\/\/temucotelevision.cl\/web\/wp-json\/wp\/v2\/posts\/41623","targetHints":{"allow":["GET"]}}],"collection":[{"href":"https:\/\/temucotelevision.cl\/web\/wp-json\/wp\/v2\/posts"}],"about":[{"href":"https:\/\/temucotelevision.cl\/web\/wp-json\/wp\/v2\/types\/post"}],"author":[{"embeddable":true,"href":"https:\/\/temucotelevision.cl\/web\/wp-json\/wp\/v2\/users\/1"}],"replies":[{"embeddable":true,"href":"https:\/\/temucotelevision.cl\/web\/wp-json\/wp\/v2\/comments?post=41623"}],"version-history":[{"count":1,"href":"https:\/\/temucotelevision.cl\/web\/wp-json\/wp\/v2\/posts\/41623\/revisions"}],"predecessor-version":[{"id":41625,"href":"https:\/\/temucotelevision.cl\/web\/wp-json\/wp\/v2\/posts\/41623\/revisions\/41625"}],"wp:featuredmedia":[{"embeddable":true,"href":"https:\/\/temucotelevision.cl\/web\/wp-json\/wp\/v2\/media\/41624"}],"wp:attachment":[{"href":"https:\/\/temucotelevision.cl\/web\/wp-json\/wp\/v2\/media?parent=41623"}],"wp:term":[{"taxonomy":"category","embeddable":true,"href":"https:\/\/temucotelevision.cl\/web\/wp-json\/wp\/v2\/categories?post=41623"},{"taxonomy":"post_tag","embeddable":true,"href":"https:\/\/temucotelevision.cl\/web\/wp-json\/wp\/v2\/tags?post=41623"}],"curies":[{"name":"wp","href":"https:\/\/api.w.org\/{rel}","templated":true}]}}