{"id":40956,"date":"2023-05-09T20:48:44","date_gmt":"2023-05-09T23:48:44","guid":{"rendered":"https:\/\/temucotelevision.cl\/web\/?p=40956"},"modified":"2023-05-09T20:48:45","modified_gmt":"2023-05-09T23:48:45","slug":"vicente-vicuna-logro-medalla-de-bronce-en-mundial-de-para-atletismo-xalapa-2023","status":"publish","type":"post","link":"https:\/\/temucotelevision.cl\/web\/2023\/05\/09\/vicente-vicuna-logro-medalla-de-bronce-en-mundial-de-para-atletismo-xalapa-2023\/","title":{"rendered":"Vicente Vicu\u00f1a logr\u00f3 medalla de bronce en Mundial de Para Atletismo Xalapa 2023"},"content":{"rendered":"<div class=\"pvc_clear\"><\/div><p id=\"pvc_stats_40956\" class=\"pvc_stats total_only  \" data-element-id=\"40956\" style=\"\"><i class=\"pvc-stats-icon large\" aria-hidden=\"true\"><svg aria-hidden=\"true\" focusable=\"false\" data-prefix=\"far\" data-icon=\"chart-bar\" role=\"img\" xmlns=\"http:\/\/www.w3.org\/2000\/svg\" viewBox=\"0 0 512 512\" class=\"svg-inline--fa fa-chart-bar fa-w-16 fa-2x\"><path fill=\"currentColor\" d=\"M396.8 352h22.4c6.4 0 12.8-6.4 12.8-12.8V108.8c0-6.4-6.4-12.8-12.8-12.8h-22.4c-6.4 0-12.8 6.4-12.8 12.8v230.4c0 6.4 6.4 12.8 12.8 12.8zm-192 0h22.4c6.4 0 12.8-6.4 12.8-12.8V140.8c0-6.4-6.4-12.8-12.8-12.8h-22.4c-6.4 0-12.8 6.4-12.8 12.8v198.4c0 6.4 6.4 12.8 12.8 12.8zm96 0h22.4c6.4 0 12.8-6.4 12.8-12.8V204.8c0-6.4-6.4-12.8-12.8-12.8h-22.4c-6.4 0-12.8 6.4-12.8 12.8v134.4c0 6.4 6.4 12.8 12.8 12.8zM496 400H48V80c0-8.84-7.16-16-16-16H16C7.16 64 0 71.16 0 80v336c0 17.67 14.33 32 32 32h464c8.84 0 16-7.16 16-16v-16c0-8.84-7.16-16-16-16zm-387.2-48h22.4c6.4 0 12.8-6.4 12.8-12.8v-70.4c0-6.4-6.4-12.8-12.8-12.8h-22.4c-6.4 0-12.8 6.4-12.8 12.8v70.4c0 6.4 6.4 12.8 12.8 12.8z\" class=\"\"><\/path><\/svg><\/i> <img loading=\"lazy\" decoding=\"async\" width=\"16\" height=\"16\" alt=\"Loading\" src=\"https:\/\/temucotelevision.cl\/web\/wp-content\/plugins\/page-views-count\/ajax-loader-2x.gif\" border=0 \/><\/p><div class=\"pvc_clear\"><\/div>\n<p><em>El paciente del Instituto Telet\u00f3n de Valdivia tuvo una gran participaci\u00f3n en su paso por el Grand Prix de Para Atletismo realizado en Veracruz, M\u00e9xico. Por su parte Javier Llanos, usuario del Instituto Telet\u00f3n de Valpara\u00edso, mejor\u00f3 su clasificaci\u00f3n internacional gracias a su desempe\u00f1o en el lanzamiento de la bala.<\/em><\/p>\n\n\n\n<p>Una gran jornada vivi\u00f3 la delegaci\u00f3n nacional que hace s\u00f3lo algunas semanas se hizo presente en el&nbsp;<strong>Grand Prix de Para Atletismo Xalapa 2023<\/strong>, realizado en Veracruz, M\u00e9xico. La comitiva nacional cosech\u00f3 16 medallas con cinco oros, dos platas y nueve bronces; y entre estas \u00faltimas preseas estuvo el joven deportista valdiviano, Vicente Vicu\u00f1a.<\/p>\n\n\n\n<p>El paciente del Instituto Telet\u00f3n de Valdivia se qued\u00f3 con la medalla de bronce en el salto largo en la clase T37.&nbsp;<strong>Su marca de 3.18 metros<\/strong>, adem\u00e1s, le permiti\u00f3 establecer el r\u00e9cord nacional de la prueba.<\/p>\n\n\n\n<p>Pero Vicente no fue el \u00fanico usuario activo de Telet\u00f3n que tuvo una destacada participaci\u00f3n en tierras aztecas. Javier Llanos, paciente del Instituto Telet\u00f3n de Valpara\u00edso, logr\u00f3 mejorar su clasificaci\u00f3n internacional, gracias a su gran cometido en el lanzamiento de la bala.<\/p>\n\n\n\n<p><strong><em>&#8220;El Comit\u00e9 Paral\u00edmpico de Chile tiene algunos programas, entre esos est\u00e1 &#8220;En sus Marcas Listos&#8221;, que ya va en su fase 2. A m\u00ed me solicitaron que llevara dos deportistas para esta competencia y entre ellos escog\u00ed a Vicente y Javier&#8221;<\/em><\/strong>, cuenta Ana Sanhueza, profesora de Educaci\u00f3n F\u00edsica de Telet\u00f3n Valdivia, entrenadora del Instituto Nacional del Deporte y el Comit\u00e9 Paral\u00edmpico.<\/p>\n\n\n\n<p><strong><em>&#8220;Fue muy genial ver c\u00f3mo estos ni\u00f1os son realmente un ejemplo para muchos otros que de repente se ponen excusas y aqu\u00ed vemos que independiente de la edad muchas cosas pueden ocurrir de un momento para otro&#8221;<\/em><\/strong>, agreg\u00f3 la tambi\u00e9n representante de la delegaci\u00f3n nacional.<\/p>\n","protected":false},"excerpt":{"rendered":"<div class=\"pvc_clear\"><\/div>\n<p id=\"pvc_stats_40956\" class=\"pvc_stats total_only  \" data-element-id=\"40956\" style=\"\"><i class=\"pvc-stats-icon large\" aria-hidden=\"true\"><svg aria-hidden=\"true\" focusable=\"false\" data-prefix=\"far\" data-icon=\"chart-bar\" role=\"img\" xmlns=\"http:\/\/www.w3.org\/2000\/svg\" viewBox=\"0 0 512 512\" class=\"svg-inline--fa fa-chart-bar fa-w-16 fa-2x\"><path fill=\"currentColor\" d=\"M396.8 352h22.4c6.4 0 12.8-6.4 12.8-12.8V108.8c0-6.4-6.4-12.8-12.8-12.8h-22.4c-6.4 0-12.8 6.4-12.8 12.8v230.4c0 6.4 6.4 12.8 12.8 12.8zm-192 0h22.4c6.4 0 12.8-6.4 12.8-12.8V140.8c0-6.4-6.4-12.8-12.8-12.8h-22.4c-6.4 0-12.8 6.4-12.8 12.8v198.4c0 6.4 6.4 12.8 12.8 12.8zm96 0h22.4c6.4 0 12.8-6.4 12.8-12.8V204.8c0-6.4-6.4-12.8-12.8-12.8h-22.4c-6.4 0-12.8 6.4-12.8 12.8v134.4c0 6.4 6.4 12.8 12.8 12.8zM496 400H48V80c0-8.84-7.16-16-16-16H16C7.16 64 0 71.16 0 80v336c0 17.67 14.33 32 32 32h464c8.84 0 16-7.16 16-16v-16c0-8.84-7.16-16-16-16zm-387.2-48h22.4c6.4 0 12.8-6.4 12.8-12.8v-70.4c0-6.4-6.4-12.8-12.8-12.8h-22.4c-6.4 0-12.8 6.4-12.8 12.8v70.4c0 6.4 6.4 12.8 12.8 12.8z\" class=\"\"><\/path><\/svg><\/i> <img loading=\"lazy\" decoding=\"async\" width=\"16\" height=\"16\" alt=\"Loading\" src=\"https:\/\/temucotelevision.cl\/web\/wp-content\/plugins\/page-views-count\/ajax-loader-2x.gif\" border=0 \/><\/p>\n<div class=\"pvc_clear\"><\/div>\n<p>El paciente del Instituto Telet\u00f3n de Valdivia tuvo una gran participaci\u00f3n en su paso por el Grand Prix de Para<\/p>\n","protected":false},"author":1,"featured_media":40957,"comment_status":"open","ping_status":"open","sticky":false,"template":"","format":"standard","meta":{"colormag_page_container_layout":"default_layout","colormag_page_sidebar_layout":"default_layout","footnotes":""},"categories":[101,14],"tags":[3979,980,1989],"class_list":["post-40956","post","type-post","status-publish","format-standard","has-post-thumbnail","hentry","category-actualidad","category-temuco","tag-medalla","tag-mundial","tag-teleton"],"a3_pvc":{"activated":true,"total_views":68,"today_views":0},"_links":{"self":[{"href":"https:\/\/temucotelevision.cl\/web\/wp-json\/wp\/v2\/posts\/40956","targetHints":{"allow":["GET"]}}],"collection":[{"href":"https:\/\/temucotelevision.cl\/web\/wp-json\/wp\/v2\/posts"}],"about":[{"href":"https:\/\/temucotelevision.cl\/web\/wp-json\/wp\/v2\/types\/post"}],"author":[{"embeddable":true,"href":"https:\/\/temucotelevision.cl\/web\/wp-json\/wp\/v2\/users\/1"}],"replies":[{"embeddable":true,"href":"https:\/\/temucotelevision.cl\/web\/wp-json\/wp\/v2\/comments?post=40956"}],"version-history":[{"count":1,"href":"https:\/\/temucotelevision.cl\/web\/wp-json\/wp\/v2\/posts\/40956\/revisions"}],"predecessor-version":[{"id":40958,"href":"https:\/\/temucotelevision.cl\/web\/wp-json\/wp\/v2\/posts\/40956\/revisions\/40958"}],"wp:featuredmedia":[{"embeddable":true,"href":"https:\/\/temucotelevision.cl\/web\/wp-json\/wp\/v2\/media\/40957"}],"wp:attachment":[{"href":"https:\/\/temucotelevision.cl\/web\/wp-json\/wp\/v2\/media?parent=40956"}],"wp:term":[{"taxonomy":"category","embeddable":true,"href":"https:\/\/temucotelevision.cl\/web\/wp-json\/wp\/v2\/categories?post=40956"},{"taxonomy":"post_tag","embeddable":true,"href":"https:\/\/temucotelevision.cl\/web\/wp-json\/wp\/v2\/tags?post=40956"}],"curies":[{"name":"wp","href":"https:\/\/api.w.org\/{rel}","templated":true}]}}