{"id":40954,"date":"2023-05-09T19:22:04","date_gmt":"2023-05-09T22:22:04","guid":{"rendered":"https:\/\/temucotelevision.cl\/web\/?p=40954"},"modified":"2023-05-09T19:22:05","modified_gmt":"2023-05-09T22:22:05","slug":"victoria-atacan-violentamente-a-funcionarios-municipales-un-trabajador-resulta-herido-y-roban-camioneta","status":"publish","type":"post","link":"https:\/\/temucotelevision.cl\/web\/2023\/05\/09\/victoria-atacan-violentamente-a-funcionarios-municipales-un-trabajador-resulta-herido-y-roban-camioneta\/","title":{"rendered":"Victoria: Atacan violentamente a funcionarios municipales, un trabajador resulta herido y roban camioneta"},"content":{"rendered":"<div class=\"pvc_clear\"><\/div><p id=\"pvc_stats_40954\" class=\"pvc_stats total_only  \" data-element-id=\"40954\" style=\"\"><i class=\"pvc-stats-icon large\" aria-hidden=\"true\"><svg aria-hidden=\"true\" focusable=\"false\" data-prefix=\"far\" data-icon=\"chart-bar\" role=\"img\" xmlns=\"http:\/\/www.w3.org\/2000\/svg\" viewBox=\"0 0 512 512\" class=\"svg-inline--fa fa-chart-bar fa-w-16 fa-2x\"><path fill=\"currentColor\" d=\"M396.8 352h22.4c6.4 0 12.8-6.4 12.8-12.8V108.8c0-6.4-6.4-12.8-12.8-12.8h-22.4c-6.4 0-12.8 6.4-12.8 12.8v230.4c0 6.4 6.4 12.8 12.8 12.8zm-192 0h22.4c6.4 0 12.8-6.4 12.8-12.8V140.8c0-6.4-6.4-12.8-12.8-12.8h-22.4c-6.4 0-12.8 6.4-12.8 12.8v198.4c0 6.4 6.4 12.8 12.8 12.8zm96 0h22.4c6.4 0 12.8-6.4 12.8-12.8V204.8c0-6.4-6.4-12.8-12.8-12.8h-22.4c-6.4 0-12.8 6.4-12.8 12.8v134.4c0 6.4 6.4 12.8 12.8 12.8zM496 400H48V80c0-8.84-7.16-16-16-16H16C7.16 64 0 71.16 0 80v336c0 17.67 14.33 32 32 32h464c8.84 0 16-7.16 16-16v-16c0-8.84-7.16-16-16-16zm-387.2-48h22.4c6.4 0 12.8-6.4 12.8-12.8v-70.4c0-6.4-6.4-12.8-12.8-12.8h-22.4c-6.4 0-12.8 6.4-12.8 12.8v70.4c0 6.4 6.4 12.8 12.8 12.8z\" class=\"\"><\/path><\/svg><\/i> <img loading=\"lazy\" decoding=\"async\" width=\"16\" height=\"16\" alt=\"Loading\" src=\"https:\/\/temucotelevision.cl\/web\/wp-content\/plugins\/page-views-count\/ajax-loader-2x.gif\" border=0 \/><\/p><div class=\"pvc_clear\"><\/div>\n<p>Por medio de un Comunicado la Municipalidad de Victoria declara lo siguiente.<\/p>\n\n\n\n<p>Hoy a las 15:00 horas tres funcionarios municipales fueron v\u00edctimas de un violento ataque mientras realizaban trabajos en sector Marileo de nuestra comuna. Les robaron la camioneta municipal en la que se trasladaban, <em>resultando un funcionario gravemente herido de bala en el pie, mientras que los otros dos funcionarios fueron fuertemente golpeados, rob\u00e1ndoles todas sus pertenencias<\/em><br \/>Posteriormente la camioneta municipal fue encontrada quemada en su totalidad.<\/p>\n\n\n\n<p>Un cami\u00f3n de la empresa Crecer, que presta servicios de retiro de basura a la Municipalidad, tambi\u00e9n recibi\u00f3 impactos bal\u00edsticos en el parabrisas, en donde nadie result\u00f3 herido.<\/p>\n\n\n\n<p>Como Municipalidad, rechazamos y condenamos estos actos de violencia y lamentamos que estos hechos sigan ocurriendo. Se presentar\u00e1n las querellas criminales en contra de quienes resulten responsables, solicitando al Ministerio P\u00fablico las diligencias pertinentes para llevar a cabo la investigaci\u00f3n.<\/p>\n","protected":false},"excerpt":{"rendered":"<div class=\"pvc_clear\"><\/div>\n<p id=\"pvc_stats_40954\" class=\"pvc_stats total_only  \" data-element-id=\"40954\" style=\"\"><i class=\"pvc-stats-icon large\" aria-hidden=\"true\"><svg aria-hidden=\"true\" focusable=\"false\" data-prefix=\"far\" data-icon=\"chart-bar\" role=\"img\" xmlns=\"http:\/\/www.w3.org\/2000\/svg\" viewBox=\"0 0 512 512\" class=\"svg-inline--fa fa-chart-bar fa-w-16 fa-2x\"><path fill=\"currentColor\" d=\"M396.8 352h22.4c6.4 0 12.8-6.4 12.8-12.8V108.8c0-6.4-6.4-12.8-12.8-12.8h-22.4c-6.4 0-12.8 6.4-12.8 12.8v230.4c0 6.4 6.4 12.8 12.8 12.8zm-192 0h22.4c6.4 0 12.8-6.4 12.8-12.8V140.8c0-6.4-6.4-12.8-12.8-12.8h-22.4c-6.4 0-12.8 6.4-12.8 12.8v198.4c0 6.4 6.4 12.8 12.8 12.8zm96 0h22.4c6.4 0 12.8-6.4 12.8-12.8V204.8c0-6.4-6.4-12.8-12.8-12.8h-22.4c-6.4 0-12.8 6.4-12.8 12.8v134.4c0 6.4 6.4 12.8 12.8 12.8zM496 400H48V80c0-8.84-7.16-16-16-16H16C7.16 64 0 71.16 0 80v336c0 17.67 14.33 32 32 32h464c8.84 0 16-7.16 16-16v-16c0-8.84-7.16-16-16-16zm-387.2-48h22.4c6.4 0 12.8-6.4 12.8-12.8v-70.4c0-6.4-6.4-12.8-12.8-12.8h-22.4c-6.4 0-12.8 6.4-12.8 12.8v70.4c0 6.4 6.4 12.8 12.8 12.8z\" class=\"\"><\/path><\/svg><\/i> <img loading=\"lazy\" decoding=\"async\" width=\"16\" height=\"16\" alt=\"Loading\" src=\"https:\/\/temucotelevision.cl\/web\/wp-content\/plugins\/page-views-count\/ajax-loader-2x.gif\" border=0 \/><\/p>\n<div class=\"pvc_clear\"><\/div>\n<p>Por medio de un Comunicado la Municipalidad de Victoria declara lo siguiente. Hoy a las 15:00 horas tres funcionarios municipales<\/p>\n","protected":false},"author":1,"featured_media":40953,"comment_status":"open","ping_status":"open","sticky":false,"template":"","format":"standard","meta":{"colormag_page_container_layout":"default_layout","colormag_page_sidebar_layout":"default_layout","footnotes":""},"categories":[15],"tags":[349,1135],"class_list":["post-40954","post","type-post","status-publish","format-standard","has-post-thumbnail","hentry","category-la-araucania","tag-ataque","tag-camioneta"],"a3_pvc":{"activated":true,"total_views":113,"today_views":0},"_links":{"self":[{"href":"https:\/\/temucotelevision.cl\/web\/wp-json\/wp\/v2\/posts\/40954","targetHints":{"allow":["GET"]}}],"collection":[{"href":"https:\/\/temucotelevision.cl\/web\/wp-json\/wp\/v2\/posts"}],"about":[{"href":"https:\/\/temucotelevision.cl\/web\/wp-json\/wp\/v2\/types\/post"}],"author":[{"embeddable":true,"href":"https:\/\/temucotelevision.cl\/web\/wp-json\/wp\/v2\/users\/1"}],"replies":[{"embeddable":true,"href":"https:\/\/temucotelevision.cl\/web\/wp-json\/wp\/v2\/comments?post=40954"}],"version-history":[{"count":1,"href":"https:\/\/temucotelevision.cl\/web\/wp-json\/wp\/v2\/posts\/40954\/revisions"}],"predecessor-version":[{"id":40955,"href":"https:\/\/temucotelevision.cl\/web\/wp-json\/wp\/v2\/posts\/40954\/revisions\/40955"}],"wp:featuredmedia":[{"embeddable":true,"href":"https:\/\/temucotelevision.cl\/web\/wp-json\/wp\/v2\/media\/40953"}],"wp:attachment":[{"href":"https:\/\/temucotelevision.cl\/web\/wp-json\/wp\/v2\/media?parent=40954"}],"wp:term":[{"taxonomy":"category","embeddable":true,"href":"https:\/\/temucotelevision.cl\/web\/wp-json\/wp\/v2\/categories?post=40954"},{"taxonomy":"post_tag","embeddable":true,"href":"https:\/\/temucotelevision.cl\/web\/wp-json\/wp\/v2\/tags?post=40954"}],"curies":[{"name":"wp","href":"https:\/\/api.w.org\/{rel}","templated":true}]}}