{"id":40948,"date":"2023-05-09T18:12:44","date_gmt":"2023-05-09T21:12:44","guid":{"rendered":"https:\/\/temucotelevision.cl\/web\/?p=40948"},"modified":"2023-05-09T18:12:45","modified_gmt":"2023-05-09T21:12:45","slug":"aguaturbia-reedita-en-chile-por-primera-vez-en-50-anos-su-disco-volumen-ii","status":"publish","type":"post","link":"https:\/\/temucotelevision.cl\/web\/2023\/05\/09\/aguaturbia-reedita-en-chile-por-primera-vez-en-50-anos-su-disco-volumen-ii\/","title":{"rendered":"Aguaturbia reedita en Chile por primera vez en 50 a\u00f1os, su disco: &#8220;Volumen II&#8221;"},"content":{"rendered":"<div class=\"pvc_clear\"><\/div><p id=\"pvc_stats_40948\" class=\"pvc_stats total_only  \" data-element-id=\"40948\" style=\"\"><i class=\"pvc-stats-icon large\" aria-hidden=\"true\"><svg aria-hidden=\"true\" focusable=\"false\" data-prefix=\"far\" data-icon=\"chart-bar\" role=\"img\" xmlns=\"http:\/\/www.w3.org\/2000\/svg\" viewBox=\"0 0 512 512\" class=\"svg-inline--fa fa-chart-bar fa-w-16 fa-2x\"><path fill=\"currentColor\" d=\"M396.8 352h22.4c6.4 0 12.8-6.4 12.8-12.8V108.8c0-6.4-6.4-12.8-12.8-12.8h-22.4c-6.4 0-12.8 6.4-12.8 12.8v230.4c0 6.4 6.4 12.8 12.8 12.8zm-192 0h22.4c6.4 0 12.8-6.4 12.8-12.8V140.8c0-6.4-6.4-12.8-12.8-12.8h-22.4c-6.4 0-12.8 6.4-12.8 12.8v198.4c0 6.4 6.4 12.8 12.8 12.8zm96 0h22.4c6.4 0 12.8-6.4 12.8-12.8V204.8c0-6.4-6.4-12.8-12.8-12.8h-22.4c-6.4 0-12.8 6.4-12.8 12.8v134.4c0 6.4 6.4 12.8 12.8 12.8zM496 400H48V80c0-8.84-7.16-16-16-16H16C7.16 64 0 71.16 0 80v336c0 17.67 14.33 32 32 32h464c8.84 0 16-7.16 16-16v-16c0-8.84-7.16-16-16-16zm-387.2-48h22.4c6.4 0 12.8-6.4 12.8-12.8v-70.4c0-6.4-6.4-12.8-12.8-12.8h-22.4c-6.4 0-12.8 6.4-12.8 12.8v70.4c0 6.4 6.4 12.8 12.8 12.8z\" class=\"\"><\/path><\/svg><\/i> <img loading=\"lazy\" decoding=\"async\" width=\"16\" height=\"16\" alt=\"Loading\" src=\"https:\/\/temucotelevision.cl\/web\/wp-content\/plugins\/page-views-count\/ajax-loader-2x.gif\" border=0 \/><\/p><div class=\"pvc_clear\"><\/div>\n<p class=\"has-medium-font-size\"><strong>El segundo \u00e1lbum del grupo hab\u00eda sido descontinuado en Chile luego de su primera edici\u00f3n en 1970, y s\u00f3lo hab\u00eda sido reeditado en EE.UU e Inglaterra.<\/strong><\/p>\n\n\n\n<p>Luego de m\u00e1s de cinco d\u00e9cadas<strong><em>, <\/em>Aguaturbia Volumen II<\/strong>\u00a0vuelve a estar disponible para el p\u00fablico chileno en formato CD (y pronto en Vinilo) en disquer\u00edas de todo el pa\u00eds. Lo que significa una gran noticia y emoci\u00f3n para los amantes de la m\u00fasica, coleccionistas y seguidores de esta banda fundamental del blues y rock nacional, quienes luego de tantos a\u00f1os tendr\u00e1n la posibilidad de tener entre sus manos este disco cl\u00e1sico que resulta -en su versi\u00f3n 2023-, un documento hist\u00f3rico y pieza patrimonial para nuestra cultura.<br><br>Por eso, resulta un orgullo anunciar el regreso en formato f\u00edsico de\u00a0<strong>Volumen II<\/strong>, que ha sido reeditado con los m\u00e1s altos est\u00e1ndares de\u00a0calidad de sonido y retoque con inteligencia artificial de sus portadas, lo cual forma parte del proyecto de rescate de discos esenciales de la m\u00fasica popular chilena que est\u00e1 llevando a cabo la Discogr\u00e1fica Al Abordaje Muchachos (MyE Discos).<br><br>Luego de haber estado inalcanzable por a\u00f1os, esta segunda producci\u00f3n de\u00a0<strong>Aguaturbia<\/strong>\u00a0continua destellante y vigente con la fuerza de una banda \u00fanica\u00a0que no tuvo prejuicios en su creaci\u00f3n y que, casi sin propon\u00e9rselo, incomod\u00f3\u00a0los esquemas m\u00e1s conservadores de comienzos de los setenta. Atravesando posteriormente generaciones desde la convicci\u00f3n y el desenfado, y actualmente como una escuela de rock que genera referencia indiscutida por su calidad musical, irreverencia y libertad creativa.<br><br><strong>\u201cLa idea de reeditarlo en Chile naci\u00f3 por una presi\u00f3n del p\u00fablico, que ha sido lo m\u00e1s emocionante que nos ha sucedido en la vida. Es el p\u00fablico el que nos pide los temas, que se acerca a nosotros y quiere comprar los discos. Ahora, por qu\u00e9 decidimos reeditar Volumen 2, es por el amor que tenemos a nuestro pa\u00eds y al p\u00fablico. Hicimos un compromiso y decidimos con Carlos (Corales) reeditarlo por primera vez despu\u00e9s de 50 a\u00f1os en Chile, y por \u00faltima vez tambi\u00e9n. Va a ser la \u00faltima vez que lo vamos a sacar y a tener en disquer\u00edas\u201d<\/strong>, confirma Denise, su vocalista.<br><br>Y en palabras de Carlos Corales, fundador y guitarrista de Aguaturbia:<br><br><strong>\u201cFelices de que\u00a0por primera vez se va a reeditar en Chile, porque las versiones anteriores fueron las de EE.UU e Inglaterra, que sacaron un CD tambi\u00e9n. Pero lo principal es que se est\u00e1 reeditando tambi\u00e9n en vinilo a un nivel universal, mundial, con buen dise\u00f1o,\u00a0con la tecnolog\u00eda que hay ahora. Remasterizado, as\u00ed que es un lindo producto. Agradecemos al sello por estar rescatando toda esta m\u00fasica que tiene un valor hist\u00f3rico\u201d.<\/strong><\/p>\n\n\n\n<p><em>Volumen II,\u00a0<\/em>grabado\u00a0originalmente en estudios RCA y producido por Camilo Fern\u00e1ndez,<em>\u00a0<\/em>es un disco que musicalmente marca pautas con su rock psicod\u00e9lico al estilo Jimi Hendrix; hard rock, rock and roll org\u00e1nico y sonidos de blues sofisticado que corona\u00a0la voz de Denise, una de las primeras mujeres en Chile en encabezar un grupo con alma rockera y virtuosismo desplegado con notables solos de guitarra por parte de Carlos Corales, adem\u00e1s del swing llevado en la r\u00edtmica de Ricardo Briones en bajo y el magistral desempe\u00f1o en bater\u00eda de Willy Cavada.<br><br><strong>\u201cVolumen II\u00a0fue algo que realmente tuvimos que hacer en tres meses. Lo hermoso para m\u00ed, es que los productores eligieron cuatro temas originales que fueron en el disco. Los otros fueron elegidos por el \u00e9xito en vivo que ten\u00edamos la banda. Todo eso que se produjo, no tengo consciencia de lo que signific\u00f3 para Chile ni para la gente, en esa edad y en ese tiempo, y siendo la \u00fanica mujer yo creo, que hac\u00eda ese estilo de m\u00fasica, me sent\u00eda como top o reina. Hay temas del \u00e1lbum que adoro como \u201cWaterfall\u201d, \u201cAguaturbia\u201d o \u201cEvol\u201d<\/strong>, agrega Denise sobre el disco.<br><br>Al mismo tiempo,\u00a0<em>Volumen II\u00a0<\/em>se hizo reconocible, transform\u00e1ndose en un elemento iconogr\u00e1fico -y de colecci\u00f3n-, por su original portada principal que cuando fue editado por primera vez en 1970 por el sello Arena, gener\u00f3 escozor en la sociedad conservadora de la \u00e9poca.<br><br>\u201c<strong>Lo rupturista del disco, es la foto de una crucifixi\u00f3n de una mujer, que es m\u00e1s impresionante que el primer disco con nosotros desnudos. Las cr\u00edticas fueron m\u00e1s acidas, m\u00e1s complicadas por parte de la gente que no les gustaba el tipo de m\u00fasica que se hac\u00eda en ese momento, musicalmente Volumen I y Volumen II est\u00e1n ligados los dos en lo mismo: es un blues, heavy, rock de la \u00e9poca y con un power tr\u00edo\u201d<\/strong>, se\u00f1ala Corales, tambi\u00e9n el encargado de los arreglos musicales.\u00a0<br><br>El \u00e1lbum cierra de manera magistral con la canci\u00f3n \u201cAguaturbia\u201d, folk y voces que quedan estampadas en un material que regresa con la \u00fanica reedici\u00f3n que har\u00e1 el grupo de este disco en Chile. Una joya de colecci\u00f3n imperdible que ya se encuentra disponible en disquer\u00edas en CD y pr\u00f3ximamente en vinilo.<\/p>\n\n\n\n<figure class=\"wp-block-image size-large is-resized\"><img loading=\"lazy\" decoding=\"async\" src=\"https:\/\/temucotelevision.cl\/web\/wp-content\/uploads\/2023\/05\/image-3-1024x918.png\" alt=\"\" class=\"wp-image-40949\" width=\"740\" height=\"663\" srcset=\"https:\/\/temucotelevision.cl\/web\/wp-content\/uploads\/2023\/05\/image-3-1024x918.png 1024w, https:\/\/temucotelevision.cl\/web\/wp-content\/uploads\/2023\/05\/image-3-768x689.png 768w, https:\/\/temucotelevision.cl\/web\/wp-content\/uploads\/2023\/05\/image-3-1536x1377.png 1536w, https:\/\/temucotelevision.cl\/web\/wp-content\/uploads\/2023\/05\/image-3-2048x1836.png 2048w\" sizes=\"auto, (max-width: 740px) 100vw, 740px\" \/><\/figure>\n","protected":false},"excerpt":{"rendered":"<div class=\"pvc_clear\"><\/div>\n<p id=\"pvc_stats_40948\" class=\"pvc_stats total_only  \" data-element-id=\"40948\" style=\"\"><i class=\"pvc-stats-icon large\" aria-hidden=\"true\"><svg aria-hidden=\"true\" focusable=\"false\" data-prefix=\"far\" data-icon=\"chart-bar\" role=\"img\" xmlns=\"http:\/\/www.w3.org\/2000\/svg\" viewBox=\"0 0 512 512\" class=\"svg-inline--fa fa-chart-bar fa-w-16 fa-2x\"><path fill=\"currentColor\" d=\"M396.8 352h22.4c6.4 0 12.8-6.4 12.8-12.8V108.8c0-6.4-6.4-12.8-12.8-12.8h-22.4c-6.4 0-12.8 6.4-12.8 12.8v230.4c0 6.4 6.4 12.8 12.8 12.8zm-192 0h22.4c6.4 0 12.8-6.4 12.8-12.8V140.8c0-6.4-6.4-12.8-12.8-12.8h-22.4c-6.4 0-12.8 6.4-12.8 12.8v198.4c0 6.4 6.4 12.8 12.8 12.8zm96 0h22.4c6.4 0 12.8-6.4 12.8-12.8V204.8c0-6.4-6.4-12.8-12.8-12.8h-22.4c-6.4 0-12.8 6.4-12.8 12.8v134.4c0 6.4 6.4 12.8 12.8 12.8zM496 400H48V80c0-8.84-7.16-16-16-16H16C7.16 64 0 71.16 0 80v336c0 17.67 14.33 32 32 32h464c8.84 0 16-7.16 16-16v-16c0-8.84-7.16-16-16-16zm-387.2-48h22.4c6.4 0 12.8-6.4 12.8-12.8v-70.4c0-6.4-6.4-12.8-12.8-12.8h-22.4c-6.4 0-12.8 6.4-12.8 12.8v70.4c0 6.4 6.4 12.8 12.8 12.8z\" class=\"\"><\/path><\/svg><\/i> <img loading=\"lazy\" decoding=\"async\" width=\"16\" height=\"16\" alt=\"Loading\" src=\"https:\/\/temucotelevision.cl\/web\/wp-content\/plugins\/page-views-count\/ajax-loader-2x.gif\" border=0 \/><\/p>\n<div class=\"pvc_clear\"><\/div>\n<p>El segundo \u00e1lbum del grupo hab\u00eda sido descontinuado en Chile luego de su primera edici\u00f3n en 1970, y s\u00f3lo hab\u00eda<\/p>\n","protected":false},"author":143,"featured_media":40950,"comment_status":"open","ping_status":"open","sticky":false,"template":"","format":"standard","meta":{"colormag_page_container_layout":"default_layout","colormag_page_sidebar_layout":"default_layout","footnotes":""},"categories":[369,1],"tags":[],"class_list":["post-40948","post","type-post","status-publish","format-standard","has-post-thumbnail","hentry","category-musica","category-sin-categoria"],"a3_pvc":{"activated":true,"total_views":126,"today_views":0},"_links":{"self":[{"href":"https:\/\/temucotelevision.cl\/web\/wp-json\/wp\/v2\/posts\/40948","targetHints":{"allow":["GET"]}}],"collection":[{"href":"https:\/\/temucotelevision.cl\/web\/wp-json\/wp\/v2\/posts"}],"about":[{"href":"https:\/\/temucotelevision.cl\/web\/wp-json\/wp\/v2\/types\/post"}],"author":[{"embeddable":true,"href":"https:\/\/temucotelevision.cl\/web\/wp-json\/wp\/v2\/users\/143"}],"replies":[{"embeddable":true,"href":"https:\/\/temucotelevision.cl\/web\/wp-json\/wp\/v2\/comments?post=40948"}],"version-history":[{"count":2,"href":"https:\/\/temucotelevision.cl\/web\/wp-json\/wp\/v2\/posts\/40948\/revisions"}],"predecessor-version":[{"id":40952,"href":"https:\/\/temucotelevision.cl\/web\/wp-json\/wp\/v2\/posts\/40948\/revisions\/40952"}],"wp:featuredmedia":[{"embeddable":true,"href":"https:\/\/temucotelevision.cl\/web\/wp-json\/wp\/v2\/media\/40950"}],"wp:attachment":[{"href":"https:\/\/temucotelevision.cl\/web\/wp-json\/wp\/v2\/media?parent=40948"}],"wp:term":[{"taxonomy":"category","embeddable":true,"href":"https:\/\/temucotelevision.cl\/web\/wp-json\/wp\/v2\/categories?post=40948"},{"taxonomy":"post_tag","embeddable":true,"href":"https:\/\/temucotelevision.cl\/web\/wp-json\/wp\/v2\/tags?post=40948"}],"curies":[{"name":"wp","href":"https:\/\/api.w.org\/{rel}","templated":true}]}}