{"id":40941,"date":"2023-05-09T12:07:21","date_gmt":"2023-05-09T15:07:21","guid":{"rendered":"https:\/\/temucotelevision.cl\/web\/?p=40941"},"modified":"2023-05-09T12:07:22","modified_gmt":"2023-05-09T15:07:22","slug":"diputada-munoz-pide-apoyo-para-evitar-el-trafico-de-drogas-en-la-region-del-biobio","status":"publish","type":"post","link":"https:\/\/temucotelevision.cl\/web\/2023\/05\/09\/diputada-munoz-pide-apoyo-para-evitar-el-trafico-de-drogas-en-la-region-del-biobio\/","title":{"rendered":"Diputada Mu\u00f1oz pide apoyo para evitar el tr\u00e1fico de drogas en la regi\u00f3n del Biob\u00edo"},"content":{"rendered":"<div class=\"pvc_clear\"><\/div><p id=\"pvc_stats_40941\" class=\"pvc_stats total_only  \" data-element-id=\"40941\" style=\"\"><i class=\"pvc-stats-icon large\" aria-hidden=\"true\"><svg aria-hidden=\"true\" focusable=\"false\" data-prefix=\"far\" data-icon=\"chart-bar\" role=\"img\" xmlns=\"http:\/\/www.w3.org\/2000\/svg\" viewBox=\"0 0 512 512\" class=\"svg-inline--fa fa-chart-bar fa-w-16 fa-2x\"><path fill=\"currentColor\" d=\"M396.8 352h22.4c6.4 0 12.8-6.4 12.8-12.8V108.8c0-6.4-6.4-12.8-12.8-12.8h-22.4c-6.4 0-12.8 6.4-12.8 12.8v230.4c0 6.4 6.4 12.8 12.8 12.8zm-192 0h22.4c6.4 0 12.8-6.4 12.8-12.8V140.8c0-6.4-6.4-12.8-12.8-12.8h-22.4c-6.4 0-12.8 6.4-12.8 12.8v198.4c0 6.4 6.4 12.8 12.8 12.8zm96 0h22.4c6.4 0 12.8-6.4 12.8-12.8V204.8c0-6.4-6.4-12.8-12.8-12.8h-22.4c-6.4 0-12.8 6.4-12.8 12.8v134.4c0 6.4 6.4 12.8 12.8 12.8zM496 400H48V80c0-8.84-7.16-16-16-16H16C7.16 64 0 71.16 0 80v336c0 17.67 14.33 32 32 32h464c8.84 0 16-7.16 16-16v-16c0-8.84-7.16-16-16-16zm-387.2-48h22.4c6.4 0 12.8-6.4 12.8-12.8v-70.4c0-6.4-6.4-12.8-12.8-12.8h-22.4c-6.4 0-12.8 6.4-12.8 12.8v70.4c0 6.4 6.4 12.8 12.8 12.8z\" class=\"\"><\/path><\/svg><\/i> <img loading=\"lazy\" decoding=\"async\" width=\"16\" height=\"16\" alt=\"Loading\" src=\"https:\/\/temucotelevision.cl\/web\/wp-content\/plugins\/page-views-count\/ajax-loader-2x.gif\" border=0 \/><\/p><div class=\"pvc_clear\"><\/div>\n<p><strong><em>A prop\u00f3sito de que la regi\u00f3n no cuenta con un scanner para reconocer el tr\u00e1fico de mercanc\u00edas il\u00edcitas y\/o drogas.&nbsp;<\/em><\/strong><\/p>\n\n\n\n<p>La diputada independiente Francesca Mu\u00f1oz se reuni\u00f3 con el director de aduanas para abordar la seguridad en los puertos de la regi\u00f3n del Biob\u00edo, ya que el esc\u00e1ner m\u00f3vil que operaba&nbsp;&nbsp;en la regi\u00f3n del Biob\u00edo fue trasladado hasta el puerto de San Antonio. \u201cEsta es una regi\u00f3n log\u00edstica y en sus puertos se exportan los productos desde Maule a Coyhaique por lo tanto, se necesita apoyo con todas las herramientas existentes para revisar los contenedores y as\u00ed evitar el tr\u00e1fico de drogas y mercanc\u00edas il\u00edcitas\u201d, indic\u00f3.<\/p>\n\n\n\n<p>Por lo mismo se\u00f1al\u00f3 que \u201cno tener en la zona el cami\u00f3n esc\u00e1ner que es de la regi\u00f3n y andar compartiendo un solo cami\u00f3n en el pa\u00eds, es incomprensible frente al grave aumento de tr\u00e1fico de drogas y crimen organizado en Chile\u201d.&nbsp;<\/p>\n\n\n\n<p>La diputada asegur\u00f3 que \u201clos actuales porcentajes de revisi\u00f3n, son muy bajos, cerca del 3%, por eso es importante aumentar&nbsp;&nbsp;la tecnolog\u00eda y el personal para avanzar en fiscalizaci\u00f3n\u201d.&nbsp;<\/p>\n\n\n\n<p>Han habido nuevas gestiones,&nbsp;&nbsp;por lo que se espera que lleguen los camiones esc\u00e1ner solicitados, pero tambi\u00e9n espero aumente el personal para operarlos. Porque creo que ser\u00eda inaceptable que llegaran los nuevos escaners y se mantuvieran los mismos porcentajes de revisi\u00f3n\u201d.&nbsp;<\/p>\n\n\n\n<p>Finalmente la parlamentaria a\u00f1adi\u00f3 que \u201cespera que Hacienda incluya en la ley de Presupuesto recursos para contratar personal especializado para operar estos nuevos escaners.\u201d<\/p>\n","protected":false},"excerpt":{"rendered":"<div class=\"pvc_clear\"><\/div>\n<p id=\"pvc_stats_40941\" class=\"pvc_stats total_only  \" data-element-id=\"40941\" style=\"\"><i class=\"pvc-stats-icon large\" aria-hidden=\"true\"><svg aria-hidden=\"true\" focusable=\"false\" data-prefix=\"far\" data-icon=\"chart-bar\" role=\"img\" xmlns=\"http:\/\/www.w3.org\/2000\/svg\" viewBox=\"0 0 512 512\" class=\"svg-inline--fa fa-chart-bar fa-w-16 fa-2x\"><path fill=\"currentColor\" d=\"M396.8 352h22.4c6.4 0 12.8-6.4 12.8-12.8V108.8c0-6.4-6.4-12.8-12.8-12.8h-22.4c-6.4 0-12.8 6.4-12.8 12.8v230.4c0 6.4 6.4 12.8 12.8 12.8zm-192 0h22.4c6.4 0 12.8-6.4 12.8-12.8V140.8c0-6.4-6.4-12.8-12.8-12.8h-22.4c-6.4 0-12.8 6.4-12.8 12.8v198.4c0 6.4 6.4 12.8 12.8 12.8zm96 0h22.4c6.4 0 12.8-6.4 12.8-12.8V204.8c0-6.4-6.4-12.8-12.8-12.8h-22.4c-6.4 0-12.8 6.4-12.8 12.8v134.4c0 6.4 6.4 12.8 12.8 12.8zM496 400H48V80c0-8.84-7.16-16-16-16H16C7.16 64 0 71.16 0 80v336c0 17.67 14.33 32 32 32h464c8.84 0 16-7.16 16-16v-16c0-8.84-7.16-16-16-16zm-387.2-48h22.4c6.4 0 12.8-6.4 12.8-12.8v-70.4c0-6.4-6.4-12.8-12.8-12.8h-22.4c-6.4 0-12.8 6.4-12.8 12.8v70.4c0 6.4 6.4 12.8 12.8 12.8z\" class=\"\"><\/path><\/svg><\/i> <img loading=\"lazy\" decoding=\"async\" width=\"16\" height=\"16\" alt=\"Loading\" src=\"https:\/\/temucotelevision.cl\/web\/wp-content\/plugins\/page-views-count\/ajax-loader-2x.gif\" border=0 \/><\/p>\n<div class=\"pvc_clear\"><\/div>\n<p>A prop\u00f3sito de que la regi\u00f3n no cuenta con un scanner para reconocer el tr\u00e1fico de mercanc\u00edas il\u00edcitas y\/o drogas.&nbsp;<\/p>\n","protected":false},"author":1,"featured_media":40942,"comment_status":"open","ping_status":"open","sticky":false,"template":"","format":"standard","meta":{"colormag_page_container_layout":"default_layout","colormag_page_sidebar_layout":"default_layout","footnotes":""},"categories":[84],"tags":[345,3639,788,77,170,1245],"class_list":["post-40941","post","type-post","status-publish","format-standard","has-post-thumbnail","hentry","category-politica","tag-apoyo","tag-biobio","tag-diputada","tag-drogas","tag-region","tag-trafico"],"a3_pvc":{"activated":true,"total_views":48,"today_views":0},"_links":{"self":[{"href":"https:\/\/temucotelevision.cl\/web\/wp-json\/wp\/v2\/posts\/40941","targetHints":{"allow":["GET"]}}],"collection":[{"href":"https:\/\/temucotelevision.cl\/web\/wp-json\/wp\/v2\/posts"}],"about":[{"href":"https:\/\/temucotelevision.cl\/web\/wp-json\/wp\/v2\/types\/post"}],"author":[{"embeddable":true,"href":"https:\/\/temucotelevision.cl\/web\/wp-json\/wp\/v2\/users\/1"}],"replies":[{"embeddable":true,"href":"https:\/\/temucotelevision.cl\/web\/wp-json\/wp\/v2\/comments?post=40941"}],"version-history":[{"count":1,"href":"https:\/\/temucotelevision.cl\/web\/wp-json\/wp\/v2\/posts\/40941\/revisions"}],"predecessor-version":[{"id":40943,"href":"https:\/\/temucotelevision.cl\/web\/wp-json\/wp\/v2\/posts\/40941\/revisions\/40943"}],"wp:featuredmedia":[{"embeddable":true,"href":"https:\/\/temucotelevision.cl\/web\/wp-json\/wp\/v2\/media\/40942"}],"wp:attachment":[{"href":"https:\/\/temucotelevision.cl\/web\/wp-json\/wp\/v2\/media?parent=40941"}],"wp:term":[{"taxonomy":"category","embeddable":true,"href":"https:\/\/temucotelevision.cl\/web\/wp-json\/wp\/v2\/categories?post=40941"},{"taxonomy":"post_tag","embeddable":true,"href":"https:\/\/temucotelevision.cl\/web\/wp-json\/wp\/v2\/tags?post=40941"}],"curies":[{"name":"wp","href":"https:\/\/api.w.org\/{rel}","templated":true}]}}