{"id":40934,"date":"2023-05-09T11:28:25","date_gmt":"2023-05-09T14:28:25","guid":{"rendered":"https:\/\/temucotelevision.cl\/web\/?p=40934"},"modified":"2023-05-09T11:33:04","modified_gmt":"2023-05-09T14:33:04","slug":"prevencion-y-buen-uso-de-servicios-de-urgencia-llamado-de-las-autoridades-de-salud-en-la-araucania-ante-enfermedades-respiratorias","status":"publish","type":"post","link":"https:\/\/temucotelevision.cl\/web\/2023\/05\/09\/prevencion-y-buen-uso-de-servicios-de-urgencia-llamado-de-las-autoridades-de-salud-en-la-araucania-ante-enfermedades-respiratorias\/","title":{"rendered":"Prevenci\u00f3n y buen uso de servicios de urgencia: llamado de las autoridades de Salud en La Araucan\u00eda ante enfermedades respiratorias"},"content":{"rendered":"<div class=\"pvc_clear\"><\/div><p id=\"pvc_stats_40934\" class=\"pvc_stats total_only  \" data-element-id=\"40934\" style=\"\"><i class=\"pvc-stats-icon large\" aria-hidden=\"true\"><svg aria-hidden=\"true\" focusable=\"false\" data-prefix=\"far\" data-icon=\"chart-bar\" role=\"img\" xmlns=\"http:\/\/www.w3.org\/2000\/svg\" viewBox=\"0 0 512 512\" class=\"svg-inline--fa fa-chart-bar fa-w-16 fa-2x\"><path fill=\"currentColor\" d=\"M396.8 352h22.4c6.4 0 12.8-6.4 12.8-12.8V108.8c0-6.4-6.4-12.8-12.8-12.8h-22.4c-6.4 0-12.8 6.4-12.8 12.8v230.4c0 6.4 6.4 12.8 12.8 12.8zm-192 0h22.4c6.4 0 12.8-6.4 12.8-12.8V140.8c0-6.4-6.4-12.8-12.8-12.8h-22.4c-6.4 0-12.8 6.4-12.8 12.8v198.4c0 6.4 6.4 12.8 12.8 12.8zm96 0h22.4c6.4 0 12.8-6.4 12.8-12.8V204.8c0-6.4-6.4-12.8-12.8-12.8h-22.4c-6.4 0-12.8 6.4-12.8 12.8v134.4c0 6.4 6.4 12.8 12.8 12.8zM496 400H48V80c0-8.84-7.16-16-16-16H16C7.16 64 0 71.16 0 80v336c0 17.67 14.33 32 32 32h464c8.84 0 16-7.16 16-16v-16c0-8.84-7.16-16-16-16zm-387.2-48h22.4c6.4 0 12.8-6.4 12.8-12.8v-70.4c0-6.4-6.4-12.8-12.8-12.8h-22.4c-6.4 0-12.8 6.4-12.8 12.8v70.4c0 6.4 6.4 12.8 12.8 12.8z\" class=\"\"><\/path><\/svg><\/i> <img loading=\"lazy\" decoding=\"async\" width=\"16\" height=\"16\" alt=\"Loading\" src=\"https:\/\/temucotelevision.cl\/web\/wp-content\/plugins\/page-views-count\/ajax-loader-2x.gif\" border=0 \/><\/p><div class=\"pvc_clear\"><\/div>\n<p><em>Menores de edad y personas mayores son el foco de los cuidados ante el aumento de consultas en establecimientos de salud, adem\u00e1s de un nuevo llamado a los grupos objetivos a la vacunaci\u00f3n contra la influenza.<\/em><\/p>\n\n\n\n<p>Reunidos en el Hospital Dr. Hern\u00e1n Henr\u00edquez Aravena de Temuco, autoridades de salud encabezadas por el seremi de Salud de La Araucan\u00eda, Andr\u00e9s Cuyul; la directora (s) del Servicio de Salud Araucan\u00eda Sur, Paola Oyarz\u00fan, y el director del Hospital regional, Heber Rickenberg, realizaron un llamado a aumentar medidas de cuidado ante incremento de enfermedades respiratorias en ni\u00f1as y ni\u00f1os, y hacer un buen uso de los servicios de urgencia en el contexto de la presente campa\u00f1a de invierno.<\/p>\n\n\n\n<p>Con un especial \u00e9nfasis en los menores de 5 a\u00f1os y personas mayores, dado el aumento sostenido de consultas respiratorias, principalmente por el virus respiratorio sincicial y rinovirus, que producen enfermedades respiratorias altas pueden derivar en problemas de salud mayores, la directora (s) del SSAS, Paola Oyarz\u00fan, se\u00f1al\u00f3 que la red asistencial local ha registrado un aumento de ocupaci\u00f3n de las camas UCI y UTI.<\/p>\n\n\n\n<p>\u201cLas consultas han aumentado en un 30% aproximadamente en relaci\u00f3n con el a\u00f1o anterior. Tenemos que pensar tambi\u00e9n que los dos a\u00f1os anteriores utiliz\u00e1bamos mascarilla y la gente permanec\u00eda m\u00e1s en sus domicilios por el temor a contagiarse de COVID-19. Sin embargo, hoy d\u00eda, al estar en estado de cierta normalidad, las personas han relajado las medidas de autocuidado. Entonces nuestro llamado es principalmente a que las personas se cuiden\u201d.<\/p>\n\n\n\n<p>Sobre las medidas para hacer frente al aumento de la demanda asistencial, la directora agreg\u00f3 que \u201cse est\u00e1n reforzando los servicios de urgencia con recursos humanos, m\u00e9dico, enfermera, TENS y kinesi\u00f3logo en toda la red. En los hospitales de alta complejidad como HHHA, los hospitales nodo, familiares y comunitarios, y los servicios de urgencia de la atenci\u00f3n primaria municipal. Pero necesitamos que la gente se cuide, que evite ir a lugares donde haya muchas personas como el mall, el cine, y privilegie las actividades al aire libre, usen mascarillas, sobre todo los ni\u00f1os en los colegios\u201d.<\/p>\n\n\n\n<p><strong>Servicios de Urgencia<\/strong><\/p>\n\n\n\n<p>El aumento de contagios de enfermedades respiratorias repercute en la demanda de atenci\u00f3n de urgencia, lo que fue profundizado por el director del Hospital Regional, Heber Rickenberg, en la importancia de acudir al servicio que corresponda si los casos son de s\u00edntomas leves, donde tendr\u00e1 la prioridad, \u201csi tiene que asistir a un servicio de urgencia vaya al servicio de urgencia m\u00e1s cercano a su localidad, al lugar donde usted vive, de manera de poder hacer un control a tiempo\u201d.<\/p>\n\n\n\n<p>Sobre la preparaci\u00f3n del HHHA para ser el soporte de la red asistencial en la alta complejidad, el director destac\u00f3 que \u201cnosotros inauguramos una urgencia infantil que es nueva hoy d\u00eda, que creci\u00f3 de 4 a 20 box. Por lo tanto, estamos tambi\u00e9n haciendo todos los esfuerzos necesarios para poder atender a todas las personas que llegan a nuestra urgencia. Tambi\u00e9n debemos indicar que el hospital se est\u00e1 preparando y est\u00e1 aumentando su complejidad de camas. Nosotros contamos con 7 camas UCI y con 13 camas UTI, m\u00e1s hoy d\u00eda que aumentamos en un 30%, o sea, 20 camas m\u00e1s para el \u00e1rea pedi\u00e1trica. Por lo tanto, siempre estamos en movimiento, somos un hospital que tiene que dinamizar desde el punto de vista de la demanda que tiene. Y hoy d\u00eda la demanda est\u00e1 orientada hacia los ni\u00f1os que est\u00e1n infect\u00e1ndose con estos virus que est\u00e1n circulando\u201d.&nbsp;<\/p>\n\n\n\n<p><strong>Cuidados preventivos<\/strong><\/p>\n\n\n\n<p>Sobre el sentido comunitario de la prevenci\u00f3n, el Seremi de Salud de La Araucan\u00eda, Andr\u00e9s Cuyul, enfatiz\u00f3 en un llamado a usar mascarilla en lugares cerrados, de aglomeraci\u00f3n, ventilar precisamente espacios cerrados, el lavado frecuente de manos y el uso de alcohol gel, y sobre todo el uso de mascarilla en la locomoci\u00f3n colectiva.&nbsp;<\/p>\n\n\n\n<p>\u201cNecesitamos cuidar a quienes son m\u00e1s vulnerables, es decir a nuestros ancianos y principalmente a nuestras ni\u00f1as y ni\u00f1os, ya que hemos visto un aumento sostenido de las consultas de urgencia respiratoria estas \u00faltimas dos semanas y por tanto queremos hacer un llamado como autoridades de salud al autocuidado en este invierno, que para nosotros como sistema de salud se adelant\u00f3. Hoy en d\u00eda est\u00e1n interactuando el virus respiratorio sincicial, la influenza y tambi\u00e9n el SARS-CoV-2. Por tanto, como sistema de salud estamos aumentando nuestra capacidad de vacunaci\u00f3n contra la influenza y contra el coronavirus\u201d, indic\u00f3 la autoridad sanitaria.<\/p>\n\n\n\n<p>Cabe se\u00f1alar que, en el contexto de la campa\u00f1a de vacunaci\u00f3n contra la influenza, la regi\u00f3n registra cerca un 53% de cobertura a la fecha, reforzada con las estrategias que se encuentra implementando seremi de Salud, para llegar a la poblaci\u00f3n objetivo, conformada por personas mayores de 65 a\u00f1os, enfermos cr\u00f3nicos y tambi\u00e9n ni\u00f1os y ni\u00f1as desde los 6 meses hasta quinto a\u00f1o b\u00e1sico, adem\u00e1s de las y los trabajadores de la educaci\u00f3n que trabajan hasta quinto a\u00f1o b\u00e1sico.<\/p>\n\n\n\n<p>Finalmente, para aumentar estas cifras, el seremi Andr\u00e9s Cuyul agreg\u00f3 que durante el presente mes se instalar\u00e1n puntos de vacunaci\u00f3n en supermercados L\u00edder de Temuco, para acceder a las dosis contra influenza o coronavirus, seg\u00fan los grupos objetivos que corresponda.<\/p>\n\n\n\n<figure class=\"wp-block-image size-large\"><img loading=\"lazy\" decoding=\"async\" width=\"1024\" height=\"576\" src=\"https:\/\/temucotelevision.cl\/web\/wp-content\/uploads\/2023\/05\/HHHA2-1024x576.jpeg\" alt=\"\" class=\"wp-image-40936\" srcset=\"https:\/\/temucotelevision.cl\/web\/wp-content\/uploads\/2023\/05\/HHHA2-1024x576.jpeg 1024w, https:\/\/temucotelevision.cl\/web\/wp-content\/uploads\/2023\/05\/HHHA2-768x432.jpeg 768w, https:\/\/temucotelevision.cl\/web\/wp-content\/uploads\/2023\/05\/HHHA2.jpeg 1280w\" sizes=\"auto, (max-width: 1024px) 100vw, 1024px\" \/><\/figure>\n","protected":false},"excerpt":{"rendered":"<div class=\"pvc_clear\"><\/div>\n<p id=\"pvc_stats_40934\" class=\"pvc_stats total_only  \" data-element-id=\"40934\" style=\"\"><i class=\"pvc-stats-icon large\" aria-hidden=\"true\"><svg aria-hidden=\"true\" focusable=\"false\" data-prefix=\"far\" data-icon=\"chart-bar\" role=\"img\" xmlns=\"http:\/\/www.w3.org\/2000\/svg\" viewBox=\"0 0 512 512\" class=\"svg-inline--fa fa-chart-bar fa-w-16 fa-2x\"><path fill=\"currentColor\" d=\"M396.8 352h22.4c6.4 0 12.8-6.4 12.8-12.8V108.8c0-6.4-6.4-12.8-12.8-12.8h-22.4c-6.4 0-12.8 6.4-12.8 12.8v230.4c0 6.4 6.4 12.8 12.8 12.8zm-192 0h22.4c6.4 0 12.8-6.4 12.8-12.8V140.8c0-6.4-6.4-12.8-12.8-12.8h-22.4c-6.4 0-12.8 6.4-12.8 12.8v198.4c0 6.4 6.4 12.8 12.8 12.8zm96 0h22.4c6.4 0 12.8-6.4 12.8-12.8V204.8c0-6.4-6.4-12.8-12.8-12.8h-22.4c-6.4 0-12.8 6.4-12.8 12.8v134.4c0 6.4 6.4 12.8 12.8 12.8zM496 400H48V80c0-8.84-7.16-16-16-16H16C7.16 64 0 71.16 0 80v336c0 17.67 14.33 32 32 32h464c8.84 0 16-7.16 16-16v-16c0-8.84-7.16-16-16-16zm-387.2-48h22.4c6.4 0 12.8-6.4 12.8-12.8v-70.4c0-6.4-6.4-12.8-12.8-12.8h-22.4c-6.4 0-12.8 6.4-12.8 12.8v70.4c0 6.4 6.4 12.8 12.8 12.8z\" class=\"\"><\/path><\/svg><\/i> <img loading=\"lazy\" decoding=\"async\" width=\"16\" height=\"16\" alt=\"Loading\" src=\"https:\/\/temucotelevision.cl\/web\/wp-content\/plugins\/page-views-count\/ajax-loader-2x.gif\" border=0 \/><\/p>\n<div class=\"pvc_clear\"><\/div>\n<p>Menores de edad y personas mayores son el foco de los cuidados ante el aumento de consultas en establecimientos de<\/p>\n","protected":false},"author":1,"featured_media":25196,"comment_status":"open","ping_status":"open","sticky":false,"template":"","format":"standard","meta":{"colormag_page_container_layout":"default_layout","colormag_page_sidebar_layout":"default_layout","footnotes":""},"categories":[15],"tags":[745,991,921,131,1426],"class_list":["post-40934","post","type-post","status-publish","format-standard","has-post-thumbnail","hentry","category-la-araucania","tag-autoridades","tag-enfermedades","tag-invierno","tag-salud","tag-urgencia"],"a3_pvc":{"activated":true,"total_views":96,"today_views":0},"_links":{"self":[{"href":"https:\/\/temucotelevision.cl\/web\/wp-json\/wp\/v2\/posts\/40934","targetHints":{"allow":["GET"]}}],"collection":[{"href":"https:\/\/temucotelevision.cl\/web\/wp-json\/wp\/v2\/posts"}],"about":[{"href":"https:\/\/temucotelevision.cl\/web\/wp-json\/wp\/v2\/types\/post"}],"author":[{"embeddable":true,"href":"https:\/\/temucotelevision.cl\/web\/wp-json\/wp\/v2\/users\/1"}],"replies":[{"embeddable":true,"href":"https:\/\/temucotelevision.cl\/web\/wp-json\/wp\/v2\/comments?post=40934"}],"version-history":[{"count":2,"href":"https:\/\/temucotelevision.cl\/web\/wp-json\/wp\/v2\/posts\/40934\/revisions"}],"predecessor-version":[{"id":40937,"href":"https:\/\/temucotelevision.cl\/web\/wp-json\/wp\/v2\/posts\/40934\/revisions\/40937"}],"wp:featuredmedia":[{"embeddable":true,"href":"https:\/\/temucotelevision.cl\/web\/wp-json\/wp\/v2\/media\/25196"}],"wp:attachment":[{"href":"https:\/\/temucotelevision.cl\/web\/wp-json\/wp\/v2\/media?parent=40934"}],"wp:term":[{"taxonomy":"category","embeddable":true,"href":"https:\/\/temucotelevision.cl\/web\/wp-json\/wp\/v2\/categories?post=40934"},{"taxonomy":"post_tag","embeddable":true,"href":"https:\/\/temucotelevision.cl\/web\/wp-json\/wp\/v2\/tags?post=40934"}],"curies":[{"name":"wp","href":"https:\/\/api.w.org\/{rel}","templated":true}]}}