{"id":40927,"date":"2023-05-08T16:35:42","date_gmt":"2023-05-08T19:35:42","guid":{"rendered":"https:\/\/temucotelevision.cl\/web\/?p=40927"},"modified":"2023-05-08T16:35:43","modified_gmt":"2023-05-08T19:35:43","slug":"peligro-real-para-peatones-sin-paradero-y-velocidades-de-hasta-175-kilometros-motivan-nuevo-semaforo-en-ruta-temuco-labranza","status":"publish","type":"post","link":"https:\/\/temucotelevision.cl\/web\/2023\/05\/08\/peligro-real-para-peatones-sin-paradero-y-velocidades-de-hasta-175-kilometros-motivan-nuevo-semaforo-en-ruta-temuco-labranza\/","title":{"rendered":"Peligro real para peatones sin paradero y velocidades de hasta 175 kil\u00f3metros motivan nuevo sem\u00e1foro en ruta Temuco \u2013 Labranza"},"content":{"rendered":"<div class=\"pvc_clear\"><\/div><p id=\"pvc_stats_40927\" class=\"pvc_stats total_only  \" data-element-id=\"40927\" style=\"\"><i class=\"pvc-stats-icon large\" aria-hidden=\"true\"><svg aria-hidden=\"true\" focusable=\"false\" data-prefix=\"far\" data-icon=\"chart-bar\" role=\"img\" xmlns=\"http:\/\/www.w3.org\/2000\/svg\" viewBox=\"0 0 512 512\" class=\"svg-inline--fa fa-chart-bar fa-w-16 fa-2x\"><path fill=\"currentColor\" d=\"M396.8 352h22.4c6.4 0 12.8-6.4 12.8-12.8V108.8c0-6.4-6.4-12.8-12.8-12.8h-22.4c-6.4 0-12.8 6.4-12.8 12.8v230.4c0 6.4 6.4 12.8 12.8 12.8zm-192 0h22.4c6.4 0 12.8-6.4 12.8-12.8V140.8c0-6.4-6.4-12.8-12.8-12.8h-22.4c-6.4 0-12.8 6.4-12.8 12.8v198.4c0 6.4 6.4 12.8 12.8 12.8zm96 0h22.4c6.4 0 12.8-6.4 12.8-12.8V204.8c0-6.4-6.4-12.8-12.8-12.8h-22.4c-6.4 0-12.8 6.4-12.8 12.8v134.4c0 6.4 6.4 12.8 12.8 12.8zM496 400H48V80c0-8.84-7.16-16-16-16H16C7.16 64 0 71.16 0 80v336c0 17.67 14.33 32 32 32h464c8.84 0 16-7.16 16-16v-16c0-8.84-7.16-16-16-16zm-387.2-48h22.4c6.4 0 12.8-6.4 12.8-12.8v-70.4c0-6.4-6.4-12.8-12.8-12.8h-22.4c-6.4 0-12.8 6.4-12.8 12.8v70.4c0 6.4 6.4 12.8 12.8 12.8z\" class=\"\"><\/path><\/svg><\/i> <img loading=\"lazy\" decoding=\"async\" width=\"16\" height=\"16\" alt=\"Loading\" src=\"https:\/\/temucotelevision.cl\/web\/wp-content\/plugins\/page-views-count\/ajax-loader-2x.gif\" border=0 \/><\/p><div class=\"pvc_clear\"><\/div>\n<p>&nbsp;La ruta Temuco &#8211; Labranza, con tramos de 60 y un m\u00e1ximo de 80 kil\u00f3metros, se ha transformado, desde un tiempo hasta ahora, en una verdadera pista de carreras. De hecho, un estudio de la Unidad Operativa de Control de Tr\u00e1nsito de La Araucan\u00eda (UOCT) realizado a esta ruta, llamada S30, determin\u00f3 que solo en el mes de abril, frente al acceso del sector Los Fundadores, entre las 9:32 y 9:40 horas, se registr\u00f3 un veh\u00edculo a 175 kil\u00f3metros por hora, y un cami\u00f3n que hizo el tramo a 156 kil\u00f3metros, cuando debi\u00f3 hacerlo a 60.<\/p>\n\n\n\n<p>Estas cifras, que parecieran incre\u00edbles para un \u00e1rea urbana, se han vuelto normales y ya no sorprenden a casi nadie; sin embargo, son los vecinos del sector, quienes deben bajar en lugares sin paradero, caminar a la pasarela peatonal ubicada a m\u00e1s de 400 metros del acceso, sin veredas; o subir con una locomoci\u00f3n p\u00fablica que se estaciona \u201ca la mala\u201d, poniendo en riesgo tanto a veh\u00edculos como pasajeras y pasajeros.<\/p>\n\n\n\n<p>Es por esta raz\u00f3n, que el alcalde Roberto Neira se traslad\u00f3 con equipos municipales a la villa, para recibir la impresi\u00f3n de vecinas y vecinos sobre este constante peligro y analizar la factibilidad t\u00e9cnica de instalar sem\u00e1foros, lo que ser\u00eda una forma de detener la desatada velocidad de veh\u00edculos que transitan por el lugar.<\/p>\n\n\n\n<p>Al respecto, la autoridad se\u00f1al\u00f3 que luego de cuatro estudios, con un costo municipal de 2 millones cada uno, la UST autoriz\u00f3 la instalaci\u00f3n de un sem\u00e1foro para las villas frente a la Feria Araucan\u00eda, por lo que se ha solicitado a la empresa Martabid, ver la colaboraci\u00f3n necesaria con el proyecto. \u201cNosotros vamos a hacer el dise\u00f1o t\u00e9cnico como Municipalidad y esperamos que la empresa privada, que siempre ha tenido una buena recepci\u00f3n, nos pueda colaborar con esto, que viene a solucionar un tema vial muy importante\u201d.<\/p>\n\n\n\n<p>La presidenta de la junta de vecinos Los Fundadores Araucan\u00eda, Fernanda Carrasco, dijo que \u201cten\u00edamos atropellos de ni\u00f1os y accidentes fuera de la villa; entonces estoy agradecida por los vecinos, de que esto haya resultado. De verdad, es m\u00e1s que un triunfo como comunidad, saber de una esperanza que vamos a tener y seguridad como peatones\u201d, agreg\u00f3.<\/p>\n\n\n\n<p>Ariel Cona, vecino asistente a la reuni\u00f3n coincidi\u00f3 en que, debido a la accidentabilidad, los sem\u00e1foros eran una gran necesidad. \u201cEsperemos que con esta noticia que nos present\u00f3 el Alcalde, podamos tener soluci\u00f3n en gran parte del problema y buscar avanzar para mejorar este punto y este sector que ha estado olvidado por mucho tiempo\u201d, finaliz\u00f3.<\/p>\n\n\n\n<p>Cabe destacar que los profesionales UOCT Araucan\u00eda, dentro de las variables consideradas en su informe para la justificaci\u00f3n del sem\u00e1foro del sector Los Fundadores, consideraron las altas velocidades de operaci\u00f3n en la ruta S-30, la evidencia de detenciones irregulares que dejan pasajeros en un \u00e1rea sin bermas y el espacio reducido para la espera segura de peatones que acceden a la locomoci\u00f3n p\u00fablica, entre otras.<\/p>\n","protected":false},"excerpt":{"rendered":"<div class=\"pvc_clear\"><\/div>\n<p id=\"pvc_stats_40927\" class=\"pvc_stats total_only  \" data-element-id=\"40927\" style=\"\"><i class=\"pvc-stats-icon large\" aria-hidden=\"true\"><svg aria-hidden=\"true\" focusable=\"false\" data-prefix=\"far\" data-icon=\"chart-bar\" role=\"img\" xmlns=\"http:\/\/www.w3.org\/2000\/svg\" viewBox=\"0 0 512 512\" class=\"svg-inline--fa fa-chart-bar fa-w-16 fa-2x\"><path fill=\"currentColor\" d=\"M396.8 352h22.4c6.4 0 12.8-6.4 12.8-12.8V108.8c0-6.4-6.4-12.8-12.8-12.8h-22.4c-6.4 0-12.8 6.4-12.8 12.8v230.4c0 6.4 6.4 12.8 12.8 12.8zm-192 0h22.4c6.4 0 12.8-6.4 12.8-12.8V140.8c0-6.4-6.4-12.8-12.8-12.8h-22.4c-6.4 0-12.8 6.4-12.8 12.8v198.4c0 6.4 6.4 12.8 12.8 12.8zm96 0h22.4c6.4 0 12.8-6.4 12.8-12.8V204.8c0-6.4-6.4-12.8-12.8-12.8h-22.4c-6.4 0-12.8 6.4-12.8 12.8v134.4c0 6.4 6.4 12.8 12.8 12.8zM496 400H48V80c0-8.84-7.16-16-16-16H16C7.16 64 0 71.16 0 80v336c0 17.67 14.33 32 32 32h464c8.84 0 16-7.16 16-16v-16c0-8.84-7.16-16-16-16zm-387.2-48h22.4c6.4 0 12.8-6.4 12.8-12.8v-70.4c0-6.4-6.4-12.8-12.8-12.8h-22.4c-6.4 0-12.8 6.4-12.8 12.8v70.4c0 6.4 6.4 12.8 12.8 12.8z\" class=\"\"><\/path><\/svg><\/i> <img loading=\"lazy\" decoding=\"async\" width=\"16\" height=\"16\" alt=\"Loading\" src=\"https:\/\/temucotelevision.cl\/web\/wp-content\/plugins\/page-views-count\/ajax-loader-2x.gif\" border=0 \/><\/p>\n<div class=\"pvc_clear\"><\/div>\n<p>&nbsp;La ruta Temuco &#8211; Labranza, con tramos de 60 y un m\u00e1ximo de 80 kil\u00f3metros, se ha transformado, desde un<\/p>\n","protected":false},"author":1,"featured_media":40928,"comment_status":"open","ping_status":"open","sticky":false,"template":"","format":"standard","meta":{"colormag_page_container_layout":"default_layout","colormag_page_sidebar_layout":"default_layout","footnotes":""},"categories":[14],"tags":[6416,2742,6415],"class_list":["post-40927","post","type-post","status-publish","format-standard","has-post-thumbnail","hentry","category-temuco","tag-paradero","tag-peatones","tag-semafoto"],"a3_pvc":{"activated":true,"total_views":157,"today_views":0},"_links":{"self":[{"href":"https:\/\/temucotelevision.cl\/web\/wp-json\/wp\/v2\/posts\/40927","targetHints":{"allow":["GET"]}}],"collection":[{"href":"https:\/\/temucotelevision.cl\/web\/wp-json\/wp\/v2\/posts"}],"about":[{"href":"https:\/\/temucotelevision.cl\/web\/wp-json\/wp\/v2\/types\/post"}],"author":[{"embeddable":true,"href":"https:\/\/temucotelevision.cl\/web\/wp-json\/wp\/v2\/users\/1"}],"replies":[{"embeddable":true,"href":"https:\/\/temucotelevision.cl\/web\/wp-json\/wp\/v2\/comments?post=40927"}],"version-history":[{"count":1,"href":"https:\/\/temucotelevision.cl\/web\/wp-json\/wp\/v2\/posts\/40927\/revisions"}],"predecessor-version":[{"id":40929,"href":"https:\/\/temucotelevision.cl\/web\/wp-json\/wp\/v2\/posts\/40927\/revisions\/40929"}],"wp:featuredmedia":[{"embeddable":true,"href":"https:\/\/temucotelevision.cl\/web\/wp-json\/wp\/v2\/media\/40928"}],"wp:attachment":[{"href":"https:\/\/temucotelevision.cl\/web\/wp-json\/wp\/v2\/media?parent=40927"}],"wp:term":[{"taxonomy":"category","embeddable":true,"href":"https:\/\/temucotelevision.cl\/web\/wp-json\/wp\/v2\/categories?post=40927"},{"taxonomy":"post_tag","embeddable":true,"href":"https:\/\/temucotelevision.cl\/web\/wp-json\/wp\/v2\/tags?post=40927"}],"curies":[{"name":"wp","href":"https:\/\/api.w.org\/{rel}","templated":true}]}}