{"id":40922,"date":"2023-05-08T15:56:14","date_gmt":"2023-05-08T18:56:14","guid":{"rendered":"https:\/\/temucotelevision.cl\/web\/?p=40922"},"modified":"2023-05-08T15:56:14","modified_gmt":"2023-05-08T18:56:14","slug":"diputado-jorge-rathgeb-por-resultados-de-rn-en-las-elecciones-tendremos-que-jugar-un-rol-importante-en-acercamiento-y-dialogo","status":"publish","type":"post","link":"https:\/\/temucotelevision.cl\/web\/2023\/05\/08\/diputado-jorge-rathgeb-por-resultados-de-rn-en-las-elecciones-tendremos-que-jugar-un-rol-importante-en-acercamiento-y-dialogo\/","title":{"rendered":"Diputado Jorge Rathgeb por resultados de RN en las elecciones: \u201cTendremos que jugar un rol importante en acercamiento y di\u00e1logo\u201d"},"content":{"rendered":"<div class=\"pvc_clear\"><\/div><p id=\"pvc_stats_40922\" class=\"pvc_stats total_only  \" data-element-id=\"40922\" style=\"\"><i class=\"pvc-stats-icon large\" aria-hidden=\"true\"><svg aria-hidden=\"true\" focusable=\"false\" data-prefix=\"far\" data-icon=\"chart-bar\" role=\"img\" xmlns=\"http:\/\/www.w3.org\/2000\/svg\" viewBox=\"0 0 512 512\" class=\"svg-inline--fa fa-chart-bar fa-w-16 fa-2x\"><path fill=\"currentColor\" d=\"M396.8 352h22.4c6.4 0 12.8-6.4 12.8-12.8V108.8c0-6.4-6.4-12.8-12.8-12.8h-22.4c-6.4 0-12.8 6.4-12.8 12.8v230.4c0 6.4 6.4 12.8 12.8 12.8zm-192 0h22.4c6.4 0 12.8-6.4 12.8-12.8V140.8c0-6.4-6.4-12.8-12.8-12.8h-22.4c-6.4 0-12.8 6.4-12.8 12.8v198.4c0 6.4 6.4 12.8 12.8 12.8zm96 0h22.4c6.4 0 12.8-6.4 12.8-12.8V204.8c0-6.4-6.4-12.8-12.8-12.8h-22.4c-6.4 0-12.8 6.4-12.8 12.8v134.4c0 6.4 6.4 12.8 12.8 12.8zM496 400H48V80c0-8.84-7.16-16-16-16H16C7.16 64 0 71.16 0 80v336c0 17.67 14.33 32 32 32h464c8.84 0 16-7.16 16-16v-16c0-8.84-7.16-16-16-16zm-387.2-48h22.4c6.4 0 12.8-6.4 12.8-12.8v-70.4c0-6.4-6.4-12.8-12.8-12.8h-22.4c-6.4 0-12.8 6.4-12.8 12.8v70.4c0 6.4 6.4 12.8 12.8 12.8z\" class=\"\"><\/path><\/svg><\/i> <img loading=\"lazy\" decoding=\"async\" width=\"16\" height=\"16\" alt=\"Loading\" src=\"https:\/\/temucotelevision.cl\/web\/wp-content\/plugins\/page-views-count\/ajax-loader-2x.gif\" border=0 \/><\/p><div class=\"pvc_clear\"><\/div>\n<p><strong>El diputado indic\u00f3 que los indicadores post proceso electoral no fueron de los mejores para su partido y que ahora deber\u00e1n cumplir con la tarea de mediar entre las posiciones presentes en el consejo constitucional, para as\u00ed lograr una buena carta fundamental.<\/strong><\/p>\n\n\n\n<p>Terminado el proceso electoral de este domingo 7 de mayo, el diputado de Renovaci\u00f3n Nacional por La Araucan\u00eda y presidente regional de la colectividad, Jorge Rathgeb, realiz\u00f3 un an\u00e1lisis de lo que se vivi\u00f3 en las urnas con resultados en mano y donde Germ\u00e1n Becker fue el consejero electo por el partido.<\/p>\n\n\n\n<p>El timonel de RN se\u00f1al\u00f3 que los indicadores no son del todo buenos acorde a lo que se hab\u00eda planteado en la antesala a los comicios, considerando que esperaban conseguir mejores cifras tanto en el pa\u00eds como tambi\u00e9n en la regi\u00f3n.<\/p>\n\n\n\n<p>Rathgeb coment\u00f3 que en la colectividad no pueden estar conformes con los resultados conseguidos y que eso es evidente, m\u00e1s all\u00e1 de que se obtuvo un cupo con un representante regional, pero que esto tambi\u00e9n debe servir para sacar lecciones importantes, pensando en los pr\u00f3ximos comicios que se vendr\u00e1n en nuestro pa\u00eds.<\/p>\n\n\n\n<p>\u201cComo Renovaci\u00f3n Nacional no podemos estar conformes con el resultado electoral que se dio, a pesar de que, en relaci\u00f3n a la distribuci\u00f3n de las fuerzas, jugaremos un papel importante en el acercamiento y obtener las mayor\u00edas para sacar adelante el texto constitucional. En otro aspecto en La Araucan\u00eda pasamos a ser la segunda fuerza electoral, lo que de todas maneras no es tan malo\u201d, se\u00f1al\u00f3 Rathgeb.<\/p>\n\n\n\n<p>El legislador indic\u00f3 que en la interna de la colectividad se deben hacer los an\u00e1lisis pronto y as\u00ed reparar en lo que no se hizo bien y fortalecer los puntos positivos, para responder a los ideales de ser un partido de centroderecha que tiene como objetivo ir en apoyo de todos los chilenos.<\/p>\n","protected":false},"excerpt":{"rendered":"<div class=\"pvc_clear\"><\/div>\n<p id=\"pvc_stats_40922\" class=\"pvc_stats total_only  \" data-element-id=\"40922\" style=\"\"><i class=\"pvc-stats-icon large\" aria-hidden=\"true\"><svg aria-hidden=\"true\" focusable=\"false\" data-prefix=\"far\" data-icon=\"chart-bar\" role=\"img\" xmlns=\"http:\/\/www.w3.org\/2000\/svg\" viewBox=\"0 0 512 512\" class=\"svg-inline--fa fa-chart-bar fa-w-16 fa-2x\"><path fill=\"currentColor\" d=\"M396.8 352h22.4c6.4 0 12.8-6.4 12.8-12.8V108.8c0-6.4-6.4-12.8-12.8-12.8h-22.4c-6.4 0-12.8 6.4-12.8 12.8v230.4c0 6.4 6.4 12.8 12.8 12.8zm-192 0h22.4c6.4 0 12.8-6.4 12.8-12.8V140.8c0-6.4-6.4-12.8-12.8-12.8h-22.4c-6.4 0-12.8 6.4-12.8 12.8v198.4c0 6.4 6.4 12.8 12.8 12.8zm96 0h22.4c6.4 0 12.8-6.4 12.8-12.8V204.8c0-6.4-6.4-12.8-12.8-12.8h-22.4c-6.4 0-12.8 6.4-12.8 12.8v134.4c0 6.4 6.4 12.8 12.8 12.8zM496 400H48V80c0-8.84-7.16-16-16-16H16C7.16 64 0 71.16 0 80v336c0 17.67 14.33 32 32 32h464c8.84 0 16-7.16 16-16v-16c0-8.84-7.16-16-16-16zm-387.2-48h22.4c6.4 0 12.8-6.4 12.8-12.8v-70.4c0-6.4-6.4-12.8-12.8-12.8h-22.4c-6.4 0-12.8 6.4-12.8 12.8v70.4c0 6.4 6.4 12.8 12.8 12.8z\" class=\"\"><\/path><\/svg><\/i> <img loading=\"lazy\" decoding=\"async\" width=\"16\" height=\"16\" alt=\"Loading\" src=\"https:\/\/temucotelevision.cl\/web\/wp-content\/plugins\/page-views-count\/ajax-loader-2x.gif\" border=0 \/><\/p>\n<div class=\"pvc_clear\"><\/div>\n<p>El diputado indic\u00f3 que los indicadores post proceso electoral no fueron de los mejores para su partido y que ahora<\/p>\n","protected":false},"author":1,"featured_media":40923,"comment_status":"open","ping_status":"open","sticky":false,"template":"","format":"standard","meta":{"colormag_page_container_layout":"default_layout","colormag_page_sidebar_layout":"default_layout","footnotes":""},"categories":[84],"tags":[154,3577,489,773],"class_list":["post-40922","post","type-post","status-publish","format-standard","has-post-thumbnail","hentry","category-politica","tag-diputado","tag-elecciones","tag-rathgeb","tag-rn"],"a3_pvc":{"activated":true,"total_views":70,"today_views":0},"_links":{"self":[{"href":"https:\/\/temucotelevision.cl\/web\/wp-json\/wp\/v2\/posts\/40922","targetHints":{"allow":["GET"]}}],"collection":[{"href":"https:\/\/temucotelevision.cl\/web\/wp-json\/wp\/v2\/posts"}],"about":[{"href":"https:\/\/temucotelevision.cl\/web\/wp-json\/wp\/v2\/types\/post"}],"author":[{"embeddable":true,"href":"https:\/\/temucotelevision.cl\/web\/wp-json\/wp\/v2\/users\/1"}],"replies":[{"embeddable":true,"href":"https:\/\/temucotelevision.cl\/web\/wp-json\/wp\/v2\/comments?post=40922"}],"version-history":[{"count":1,"href":"https:\/\/temucotelevision.cl\/web\/wp-json\/wp\/v2\/posts\/40922\/revisions"}],"predecessor-version":[{"id":40924,"href":"https:\/\/temucotelevision.cl\/web\/wp-json\/wp\/v2\/posts\/40922\/revisions\/40924"}],"wp:featuredmedia":[{"embeddable":true,"href":"https:\/\/temucotelevision.cl\/web\/wp-json\/wp\/v2\/media\/40923"}],"wp:attachment":[{"href":"https:\/\/temucotelevision.cl\/web\/wp-json\/wp\/v2\/media?parent=40922"}],"wp:term":[{"taxonomy":"category","embeddable":true,"href":"https:\/\/temucotelevision.cl\/web\/wp-json\/wp\/v2\/categories?post=40922"},{"taxonomy":"post_tag","embeddable":true,"href":"https:\/\/temucotelevision.cl\/web\/wp-json\/wp\/v2\/tags?post=40922"}],"curies":[{"name":"wp","href":"https:\/\/api.w.org\/{rel}","templated":true}]}}