{"id":40919,"date":"2023-05-08T15:53:23","date_gmt":"2023-05-08T18:53:23","guid":{"rendered":"https:\/\/temucotelevision.cl\/web\/?p=40919"},"modified":"2023-05-08T15:53:24","modified_gmt":"2023-05-08T18:53:24","slug":"en-loncoche-construyen-invernadero-con-aportes-de-aguas-araucania","status":"publish","type":"post","link":"https:\/\/temucotelevision.cl\/web\/2023\/05\/08\/en-loncoche-construyen-invernadero-con-aportes-de-aguas-araucania\/","title":{"rendered":"En Loncoche construyen invernadero con aportes de Aguas Araucan\u00eda"},"content":{"rendered":"<div class=\"pvc_clear\"><\/div><p id=\"pvc_stats_40919\" class=\"pvc_stats total_only  \" data-element-id=\"40919\" style=\"\"><i class=\"pvc-stats-icon large\" aria-hidden=\"true\"><svg aria-hidden=\"true\" focusable=\"false\" data-prefix=\"far\" data-icon=\"chart-bar\" role=\"img\" xmlns=\"http:\/\/www.w3.org\/2000\/svg\" viewBox=\"0 0 512 512\" class=\"svg-inline--fa fa-chart-bar fa-w-16 fa-2x\"><path fill=\"currentColor\" d=\"M396.8 352h22.4c6.4 0 12.8-6.4 12.8-12.8V108.8c0-6.4-6.4-12.8-12.8-12.8h-22.4c-6.4 0-12.8 6.4-12.8 12.8v230.4c0 6.4 6.4 12.8 12.8 12.8zm-192 0h22.4c6.4 0 12.8-6.4 12.8-12.8V140.8c0-6.4-6.4-12.8-12.8-12.8h-22.4c-6.4 0-12.8 6.4-12.8 12.8v198.4c0 6.4 6.4 12.8 12.8 12.8zm96 0h22.4c6.4 0 12.8-6.4 12.8-12.8V204.8c0-6.4-6.4-12.8-12.8-12.8h-22.4c-6.4 0-12.8 6.4-12.8 12.8v134.4c0 6.4 6.4 12.8 12.8 12.8zM496 400H48V80c0-8.84-7.16-16-16-16H16C7.16 64 0 71.16 0 80v336c0 17.67 14.33 32 32 32h464c8.84 0 16-7.16 16-16v-16c0-8.84-7.16-16-16-16zm-387.2-48h22.4c6.4 0 12.8-6.4 12.8-12.8v-70.4c0-6.4-6.4-12.8-12.8-12.8h-22.4c-6.4 0-12.8 6.4-12.8 12.8v70.4c0 6.4 6.4 12.8 12.8 12.8z\" class=\"\"><\/path><\/svg><\/i> <img loading=\"lazy\" decoding=\"async\" width=\"16\" height=\"16\" alt=\"Loading\" src=\"https:\/\/temucotelevision.cl\/web\/wp-content\/plugins\/page-views-count\/ajax-loader-2x.gif\" border=0 \/><\/p><div class=\"pvc_clear\"><\/div>\n<p><em>Se trata de un proyecto financiado en la versi\u00f3n 2022 del Fondo Concursable, que ya cuenta con sus primeras cosechas. Actualmente la sanitaria mantiene abiertas las postulaciones del proceso 2023, las que estar\u00e1n disponibles hasta el 2 de junio del presente a\u00f1o.<\/em><\/p>\n\n\n\n<p>Una gran cantidad de verduras y frutas han logrado cosechar los socios de la JJVV Ultra Estaci\u00f3n de Loncoche, con el invernadero que construyeron en un sitio dentro de su sede social. Este proyecto fue materializado con aportes del Fondo Concursable de Aguas Araucan\u00eda 2022, cuyas postulaciones se encuentran vigentes para su versi\u00f3n 2023.<\/p>\n\n\n\n<p>As\u00ed lo dio a conocer la Jefa de Relaci\u00f3n con la Comunidad, Antonieta Vargas, quien destac\u00f3 el acompa\u00f1amiento que realiza el equipo comunitario de la compa\u00f1\u00eda, durante la ejecuci\u00f3n de cada iniciativa.<\/p>\n\n\n\n<p>\u201cCelebramos este proyecto de la JJVV Ultra Estaci\u00f3n de Loncoche, quienes felices nos han compartido todo el proceso de plantaci\u00f3n y posteriores cosechas de hortalizas. Este es solo un ejemplo, de cientos, donde los l\u00edderes vecinales han impulsado proyectos que mejoran su calidad de vida\u201d, dijo.<\/p>\n\n\n\n<p><strong>POSTULACION 2023<\/strong><\/p>\n\n\n\n<p>Respecto de las postulaciones para el proceso en curso, la ejecutiva record\u00f3 que esta versi\u00f3n incluir\u00e1 a organizaciones de y para personas con discapacidad, adem\u00e1s de la Uniones Comunales, Juntas de Vecinos, Clubes de Adultos Mayores, Consejos de Desarrollo Local (CODELOS), Comit\u00e9s Ambientales Comunales y Talleres Laborales.<\/p>\n\n\n\n<p>\u201cLos proyectos a financiar corresponden a mejoramiento de espacios comunitarios; equipamiento de sedes comunitarias y organizaciones sociales; iniciativas de Medio Ambiente; buen uso del recurso H\u00eddrico y una nueva categor\u00eda relacionada al bienestar social y convivencia en comunidad. \u201cqueremos incentiva aquellas ideas que promuevan, actividades al aire libre, adquisici\u00f3n de herramientas de trabajo para talleres laborales, art\u00edculos m\u00e9dicos de apoyo, material para fisioterapia y rehabilitaci\u00f3n, entre otros\u201d, acot\u00f3.<\/p>\n\n\n\n<p><\/p>\n","protected":false},"excerpt":{"rendered":"<div class=\"pvc_clear\"><\/div>\n<p id=\"pvc_stats_40919\" class=\"pvc_stats total_only  \" data-element-id=\"40919\" style=\"\"><i class=\"pvc-stats-icon large\" aria-hidden=\"true\"><svg aria-hidden=\"true\" focusable=\"false\" data-prefix=\"far\" data-icon=\"chart-bar\" role=\"img\" xmlns=\"http:\/\/www.w3.org\/2000\/svg\" viewBox=\"0 0 512 512\" class=\"svg-inline--fa fa-chart-bar fa-w-16 fa-2x\"><path fill=\"currentColor\" d=\"M396.8 352h22.4c6.4 0 12.8-6.4 12.8-12.8V108.8c0-6.4-6.4-12.8-12.8-12.8h-22.4c-6.4 0-12.8 6.4-12.8 12.8v230.4c0 6.4 6.4 12.8 12.8 12.8zm-192 0h22.4c6.4 0 12.8-6.4 12.8-12.8V140.8c0-6.4-6.4-12.8-12.8-12.8h-22.4c-6.4 0-12.8 6.4-12.8 12.8v198.4c0 6.4 6.4 12.8 12.8 12.8zm96 0h22.4c6.4 0 12.8-6.4 12.8-12.8V204.8c0-6.4-6.4-12.8-12.8-12.8h-22.4c-6.4 0-12.8 6.4-12.8 12.8v134.4c0 6.4 6.4 12.8 12.8 12.8zM496 400H48V80c0-8.84-7.16-16-16-16H16C7.16 64 0 71.16 0 80v336c0 17.67 14.33 32 32 32h464c8.84 0 16-7.16 16-16v-16c0-8.84-7.16-16-16-16zm-387.2-48h22.4c6.4 0 12.8-6.4 12.8-12.8v-70.4c0-6.4-6.4-12.8-12.8-12.8h-22.4c-6.4 0-12.8 6.4-12.8 12.8v70.4c0 6.4 6.4 12.8 12.8 12.8z\" class=\"\"><\/path><\/svg><\/i> <img loading=\"lazy\" decoding=\"async\" width=\"16\" height=\"16\" alt=\"Loading\" src=\"https:\/\/temucotelevision.cl\/web\/wp-content\/plugins\/page-views-count\/ajax-loader-2x.gif\" border=0 \/><\/p>\n<div class=\"pvc_clear\"><\/div>\n<p>Se trata de un proyecto financiado en la versi\u00f3n 2022 del Fondo Concursable, que ya cuenta con sus primeras cosechas.<\/p>\n","protected":false},"author":1,"featured_media":40920,"comment_status":"open","ping_status":"open","sticky":false,"template":"","format":"standard","meta":{"colormag_page_container_layout":"default_layout","colormag_page_sidebar_layout":"default_layout","footnotes":""},"categories":[14],"tags":[753,6343],"class_list":["post-40919","post","type-post","status-publish","format-standard","has-post-thumbnail","hentry","category-temuco","tag-aguas-araucania","tag-invernadero"],"a3_pvc":{"activated":true,"total_views":114,"today_views":0},"_links":{"self":[{"href":"https:\/\/temucotelevision.cl\/web\/wp-json\/wp\/v2\/posts\/40919","targetHints":{"allow":["GET"]}}],"collection":[{"href":"https:\/\/temucotelevision.cl\/web\/wp-json\/wp\/v2\/posts"}],"about":[{"href":"https:\/\/temucotelevision.cl\/web\/wp-json\/wp\/v2\/types\/post"}],"author":[{"embeddable":true,"href":"https:\/\/temucotelevision.cl\/web\/wp-json\/wp\/v2\/users\/1"}],"replies":[{"embeddable":true,"href":"https:\/\/temucotelevision.cl\/web\/wp-json\/wp\/v2\/comments?post=40919"}],"version-history":[{"count":1,"href":"https:\/\/temucotelevision.cl\/web\/wp-json\/wp\/v2\/posts\/40919\/revisions"}],"predecessor-version":[{"id":40921,"href":"https:\/\/temucotelevision.cl\/web\/wp-json\/wp\/v2\/posts\/40919\/revisions\/40921"}],"wp:featuredmedia":[{"embeddable":true,"href":"https:\/\/temucotelevision.cl\/web\/wp-json\/wp\/v2\/media\/40920"}],"wp:attachment":[{"href":"https:\/\/temucotelevision.cl\/web\/wp-json\/wp\/v2\/media?parent=40919"}],"wp:term":[{"taxonomy":"category","embeddable":true,"href":"https:\/\/temucotelevision.cl\/web\/wp-json\/wp\/v2\/categories?post=40919"},{"taxonomy":"post_tag","embeddable":true,"href":"https:\/\/temucotelevision.cl\/web\/wp-json\/wp\/v2\/tags?post=40919"}],"curies":[{"name":"wp","href":"https:\/\/api.w.org\/{rel}","templated":true}]}}