{"id":40916,"date":"2023-05-08T15:48:12","date_gmt":"2023-05-08T18:48:12","guid":{"rendered":"https:\/\/temucotelevision.cl\/web\/?p=40916"},"modified":"2023-05-08T15:48:13","modified_gmt":"2023-05-08T18:48:13","slug":"30-anos-de-proteccion-sag-reafirma-prohibicion-de-caza-y-captura-en-lago-budi-lafkenmapu","status":"publish","type":"post","link":"https:\/\/temucotelevision.cl\/web\/2023\/05\/08\/30-anos-de-proteccion-sag-reafirma-prohibicion-de-caza-y-captura-en-lago-budi-lafkenmapu\/","title":{"rendered":"30 a\u00f1os de protecci\u00f3n: SAG reafirma prohibici\u00f3n de caza y captura en Lago Budi &#8211; Lafkenmapu"},"content":{"rendered":"<div class=\"pvc_clear\"><\/div><p id=\"pvc_stats_40916\" class=\"pvc_stats total_only  \" data-element-id=\"40916\" style=\"\"><i class=\"pvc-stats-icon large\" aria-hidden=\"true\"><svg aria-hidden=\"true\" focusable=\"false\" data-prefix=\"far\" data-icon=\"chart-bar\" role=\"img\" xmlns=\"http:\/\/www.w3.org\/2000\/svg\" viewBox=\"0 0 512 512\" class=\"svg-inline--fa fa-chart-bar fa-w-16 fa-2x\"><path fill=\"currentColor\" d=\"M396.8 352h22.4c6.4 0 12.8-6.4 12.8-12.8V108.8c0-6.4-6.4-12.8-12.8-12.8h-22.4c-6.4 0-12.8 6.4-12.8 12.8v230.4c0 6.4 6.4 12.8 12.8 12.8zm-192 0h22.4c6.4 0 12.8-6.4 12.8-12.8V140.8c0-6.4-6.4-12.8-12.8-12.8h-22.4c-6.4 0-12.8 6.4-12.8 12.8v198.4c0 6.4 6.4 12.8 12.8 12.8zm96 0h22.4c6.4 0 12.8-6.4 12.8-12.8V204.8c0-6.4-6.4-12.8-12.8-12.8h-22.4c-6.4 0-12.8 6.4-12.8 12.8v134.4c0 6.4 6.4 12.8 12.8 12.8zM496 400H48V80c0-8.84-7.16-16-16-16H16C7.16 64 0 71.16 0 80v336c0 17.67 14.33 32 32 32h464c8.84 0 16-7.16 16-16v-16c0-8.84-7.16-16-16-16zm-387.2-48h22.4c6.4 0 12.8-6.4 12.8-12.8v-70.4c0-6.4-6.4-12.8-12.8-12.8h-22.4c-6.4 0-12.8 6.4-12.8 12.8v70.4c0 6.4 6.4 12.8 12.8 12.8z\" class=\"\"><\/path><\/svg><\/i> <img loading=\"lazy\" decoding=\"async\" width=\"16\" height=\"16\" alt=\"Loading\" src=\"https:\/\/temucotelevision.cl\/web\/wp-content\/plugins\/page-views-count\/ajax-loader-2x.gif\" border=0 \/><\/p><div class=\"pvc_clear\"><\/div>\n<p>La protecci\u00f3n que rige desde el a\u00f1o 1992, convirti\u00f3 al \u201cLago Budi Lafkenmapu y sus \u00e1reas adyacentes\u201d, en la primera zona prohibida de caza que se estableci\u00f3 en el pa\u00eds y gracias a este decreto, que se renov\u00f3 el 2002 por primera vez y posteriormente el a\u00f1o 2012, se ha resguardado preservado y acrecentado la avifauna del lugar demostrando ser un importante beneficio en t\u00e9rminos de la mantenci\u00f3n de la diversidad biol\u00f3gica del sector, dando potencial desarrollo al sector tur\u00edstico y de observaci\u00f3n de naturaleza en Regi\u00f3n de La Araucan\u00eda.<\/p>\n\n\n\n<p>El \u00e1rea protegida cubre una superficie aproximada de 100.900 hect\u00e1reas que incluyen importantes humedales como el Lago Budi, \u00fanico lago de agua salobre de Chile, r\u00edo Imperial, r\u00edo Moncul, vegas de Moncul y r\u00edo Queule.<\/p>\n\n\n\n<p>El Encargado Regional de Programa de Recursos Naturales Renovables del SAG, Renato Arce, precis\u00f3 que la labor del SAG es fiscalizar que no se transgreda la prohibici\u00f3n de caza en la zona y seg\u00fan la Ley de Caza 19.473 estas funciones de control tambi\u00e9n pueden ser ejercidas por Carabineros de Chile, autoridad mar\u00edtima e inspectores\/as ad honorem de caza autorizados por el SAG.<\/p>\n\n\n\n<p>El director (s) del SAG Araucan\u00eda, Francisco Castillo destac\u00f3 que en sus inicios esta medida fue una imposici\u00f3n del Servicio con el fin de proteger las especies silvestres que habitaban este lugar. \u201cHoy gracias al apoyo de la comunidad, de los alcaldes de las comunas de Carahue, Saavedra, Teodoro Schmidt y Tolt\u00e9n, comunidades ind\u00edgenas, establecimientos educacionales, sociedades agr\u00edcolas, entre otros organismos, que existen dentro del \u00e1rea protegida, esta medida se ha convertido pr\u00e1cticamente en un requerimiento ya que son ellos quienes han solicitado y apoyado la continuidad de la prohibici\u00f3n de caza en el sector por un per\u00edodo de 30 a\u00f1os\u201d, explic\u00f3 Castillo.&nbsp;<\/p>\n\n\n\n<p>Cabe se\u00f1alar que las \u00e1reas con prohibici\u00f3n de caza son sectores donde la diversidad o la presencia de especies protegidas pueden ser alteradas por esta pr\u00e1ctica y, generalmente, son sitios importantes a nivel regional en t\u00e9rminos de diversidad de fauna silvestre. El establecimiento de estas zonas debe contar con el apoyo de las comunidades, municipios locales y organizaciones. Estas zonas tambi\u00e9n cumplen con convenios internacionales que ha suscrito Chile para la protecci\u00f3n de especies, tales como la Convenci\u00f3n de Especies Migratorias (Convenci\u00f3n de Bonn), Convenci\u00f3n Relativa a los Humedales de Importancia Internacional, tales como H\u00e1bitat de Especies de Aves Acu\u00e1ticas (Convenci\u00f3n de RAMSAR) y Convenio de la Diversidad Biol\u00f3gica, entre otros.<\/p>\n","protected":false},"excerpt":{"rendered":"<div class=\"pvc_clear\"><\/div>\n<p id=\"pvc_stats_40916\" class=\"pvc_stats total_only  \" data-element-id=\"40916\" style=\"\"><i class=\"pvc-stats-icon large\" aria-hidden=\"true\"><svg aria-hidden=\"true\" focusable=\"false\" data-prefix=\"far\" data-icon=\"chart-bar\" role=\"img\" xmlns=\"http:\/\/www.w3.org\/2000\/svg\" viewBox=\"0 0 512 512\" class=\"svg-inline--fa fa-chart-bar fa-w-16 fa-2x\"><path fill=\"currentColor\" d=\"M396.8 352h22.4c6.4 0 12.8-6.4 12.8-12.8V108.8c0-6.4-6.4-12.8-12.8-12.8h-22.4c-6.4 0-12.8 6.4-12.8 12.8v230.4c0 6.4 6.4 12.8 12.8 12.8zm-192 0h22.4c6.4 0 12.8-6.4 12.8-12.8V140.8c0-6.4-6.4-12.8-12.8-12.8h-22.4c-6.4 0-12.8 6.4-12.8 12.8v198.4c0 6.4 6.4 12.8 12.8 12.8zm96 0h22.4c6.4 0 12.8-6.4 12.8-12.8V204.8c0-6.4-6.4-12.8-12.8-12.8h-22.4c-6.4 0-12.8 6.4-12.8 12.8v134.4c0 6.4 6.4 12.8 12.8 12.8zM496 400H48V80c0-8.84-7.16-16-16-16H16C7.16 64 0 71.16 0 80v336c0 17.67 14.33 32 32 32h464c8.84 0 16-7.16 16-16v-16c0-8.84-7.16-16-16-16zm-387.2-48h22.4c6.4 0 12.8-6.4 12.8-12.8v-70.4c0-6.4-6.4-12.8-12.8-12.8h-22.4c-6.4 0-12.8 6.4-12.8 12.8v70.4c0 6.4 6.4 12.8 12.8 12.8z\" class=\"\"><\/path><\/svg><\/i> <img loading=\"lazy\" decoding=\"async\" width=\"16\" height=\"16\" alt=\"Loading\" src=\"https:\/\/temucotelevision.cl\/web\/wp-content\/plugins\/page-views-count\/ajax-loader-2x.gif\" border=0 \/><\/p>\n<div class=\"pvc_clear\"><\/div>\n<p>La protecci\u00f3n que rige desde el a\u00f1o 1992, convirti\u00f3 al \u201cLago Budi Lafkenmapu y sus \u00e1reas adyacentes\u201d, en la primera<\/p>\n","protected":false},"author":1,"featured_media":40917,"comment_status":"open","ping_status":"open","sticky":false,"template":"","format":"standard","meta":{"colormag_page_container_layout":"default_layout","colormag_page_sidebar_layout":"default_layout","footnotes":""},"categories":[14],"tags":[3624,6413,6414,5331],"class_list":["post-40916","post","type-post","status-publish","format-standard","has-post-thumbnail","hentry","category-temuco","tag-captura","tag-caza","tag-lago-budi","tag-sag"],"a3_pvc":{"activated":true,"total_views":74,"today_views":0},"_links":{"self":[{"href":"https:\/\/temucotelevision.cl\/web\/wp-json\/wp\/v2\/posts\/40916","targetHints":{"allow":["GET"]}}],"collection":[{"href":"https:\/\/temucotelevision.cl\/web\/wp-json\/wp\/v2\/posts"}],"about":[{"href":"https:\/\/temucotelevision.cl\/web\/wp-json\/wp\/v2\/types\/post"}],"author":[{"embeddable":true,"href":"https:\/\/temucotelevision.cl\/web\/wp-json\/wp\/v2\/users\/1"}],"replies":[{"embeddable":true,"href":"https:\/\/temucotelevision.cl\/web\/wp-json\/wp\/v2\/comments?post=40916"}],"version-history":[{"count":1,"href":"https:\/\/temucotelevision.cl\/web\/wp-json\/wp\/v2\/posts\/40916\/revisions"}],"predecessor-version":[{"id":40918,"href":"https:\/\/temucotelevision.cl\/web\/wp-json\/wp\/v2\/posts\/40916\/revisions\/40918"}],"wp:featuredmedia":[{"embeddable":true,"href":"https:\/\/temucotelevision.cl\/web\/wp-json\/wp\/v2\/media\/40917"}],"wp:attachment":[{"href":"https:\/\/temucotelevision.cl\/web\/wp-json\/wp\/v2\/media?parent=40916"}],"wp:term":[{"taxonomy":"category","embeddable":true,"href":"https:\/\/temucotelevision.cl\/web\/wp-json\/wp\/v2\/categories?post=40916"},{"taxonomy":"post_tag","embeddable":true,"href":"https:\/\/temucotelevision.cl\/web\/wp-json\/wp\/v2\/tags?post=40916"}],"curies":[{"name":"wp","href":"https:\/\/api.w.org\/{rel}","templated":true}]}}