{"id":40803,"date":"2023-05-03T12:06:42","date_gmt":"2023-05-03T15:06:42","guid":{"rendered":"https:\/\/temucotelevision.cl\/web\/?p=40803"},"modified":"2023-05-03T12:06:43","modified_gmt":"2023-05-03T15:06:43","slug":"festival-reino-fungi-de-pucon-una-experiencia-unica-para-amantes-de-los-hongos","status":"publish","type":"post","link":"https:\/\/temucotelevision.cl\/web\/2023\/05\/03\/festival-reino-fungi-de-pucon-una-experiencia-unica-para-amantes-de-los-hongos\/","title":{"rendered":"Festival Reino Fungi de Puc\u00f3n: una experiencia \u00fanica para amantes de los hongos\u00a0"},"content":{"rendered":"<div class=\"pvc_clear\"><\/div><p id=\"pvc_stats_40803\" class=\"pvc_stats total_only  \" data-element-id=\"40803\" style=\"\"><i class=\"pvc-stats-icon large\" aria-hidden=\"true\"><svg aria-hidden=\"true\" focusable=\"false\" data-prefix=\"far\" data-icon=\"chart-bar\" role=\"img\" xmlns=\"http:\/\/www.w3.org\/2000\/svg\" viewBox=\"0 0 512 512\" class=\"svg-inline--fa fa-chart-bar fa-w-16 fa-2x\"><path fill=\"currentColor\" d=\"M396.8 352h22.4c6.4 0 12.8-6.4 12.8-12.8V108.8c0-6.4-6.4-12.8-12.8-12.8h-22.4c-6.4 0-12.8 6.4-12.8 12.8v230.4c0 6.4 6.4 12.8 12.8 12.8zm-192 0h22.4c6.4 0 12.8-6.4 12.8-12.8V140.8c0-6.4-6.4-12.8-12.8-12.8h-22.4c-6.4 0-12.8 6.4-12.8 12.8v198.4c0 6.4 6.4 12.8 12.8 12.8zm96 0h22.4c6.4 0 12.8-6.4 12.8-12.8V204.8c0-6.4-6.4-12.8-12.8-12.8h-22.4c-6.4 0-12.8 6.4-12.8 12.8v134.4c0 6.4 6.4 12.8 12.8 12.8zM496 400H48V80c0-8.84-7.16-16-16-16H16C7.16 64 0 71.16 0 80v336c0 17.67 14.33 32 32 32h464c8.84 0 16-7.16 16-16v-16c0-8.84-7.16-16-16-16zm-387.2-48h22.4c6.4 0 12.8-6.4 12.8-12.8v-70.4c0-6.4-6.4-12.8-12.8-12.8h-22.4c-6.4 0-12.8 6.4-12.8 12.8v70.4c0 6.4 6.4 12.8 12.8 12.8z\" class=\"\"><\/path><\/svg><\/i> <img loading=\"lazy\" decoding=\"async\" width=\"16\" height=\"16\" alt=\"Loading\" src=\"https:\/\/temucotelevision.cl\/web\/wp-content\/plugins\/page-views-count\/ajax-loader-2x.gif\" border=0 \/><\/p><div class=\"pvc_clear\"><\/div>\n<p class=\"wp-block-paragraph\"><strong>Charlas, talleres, salidas a terreno, un mercado de productos f\u00fangicos con m\u00e1s de 60 expositores, m\u00fasica, cine, teatro, paneles de conversaci\u00f3n, una red de gastronom\u00eda y salas con exposici\u00f3n de arte, ciencia y tecnolog\u00eda en torno al sustrato, son algunas de las actividades que estar\u00e1n disponibles en la segunda versi\u00f3n del Festival Reino Fungi de Puc\u00f3n. Un encuentro gratuito que se llevar\u00e1 a cabo los d\u00edas 12, 13 y 14 de mayo 2023 en la ciudad lacustre.<\/strong><\/p>\n\n\n\n<p class=\"wp-block-paragraph\">Mic\u00f3logos, mic\u00f3logas y amantes del reino de los hongos llegar\u00e1n hasta Puc\u00f3n para celebrar juntos en un encuentro comunitario, basado en la interacci\u00f3n de ciencia, arte, tecnolog\u00eda, cultura y educaci\u00f3n. Con el objetivo de aportar a la conservaci\u00f3n de la funga, Festival Reino Fungi, trabaja un enfoque integral y sustentable, que considera el fortalecimiento del ecosistema emprendedor mediante la difusi\u00f3n e innovaci\u00f3n de las econom\u00edas y productos locales.&nbsp;<\/p>\n\n\n\n<p class=\"wp-block-paragraph\">Adem\u00e1s durante las semanas previas al evento, estudiantes de entre 3\u00ba y 6\u00ba b\u00e1sico, participan de un programa educativo, que se imparte en 7 escuelas rurales, un liceo y un colegio subvencionado de la comuna..&nbsp;<\/p>\n\n\n\n<p class=\"wp-block-paragraph\">El Festival Reino Fungi se llevar\u00e1 a cabo en tres puntos estrat\u00e9gicos de Puc\u00f3n: Hotel Enjoy, Universidad de la Frontera y Gimnasio Municipal. Miguel Bolt, director ejecutivo, comenta: &#8220;<em>Hemos trabajado duro para crear una experiencia \u00fanica que celebre la importancia de los hongos en nuestra naturaleza y cultura. Este a\u00f1o, hemos ampliado nuestra oferta de actividades para incluir exposiciones, talleres y charlas con expertos nacionales e internacionales \u00a1Es una oportunidad incre\u00edble para aprender sobre los hongos! Adem\u00e1s, estamos orgullosos de contribuir al desarrollo y la difusi\u00f3n del conocimiento cient\u00edfico interdisciplinario en la Araucan\u00eda, y al turismo sostenible fuera de la temporada de verano\u201d.&nbsp;<\/em><\/p>\n\n\n\n<p class=\"wp-block-paragraph\">El Festival contar\u00e1 con destacadas exponentes de las ciencia y la cultura a nivel nacional e internacional, entre ellas: Giuliana Furci y Daniela Torres de&nbsp;<a href=\"https:\/\/www.ffungi.org\/esp\/inicio\">Fundaci\u00f3n Fungi<\/a>, Fernanda Campos de Mapu Fungi, Adriana Corrales de&nbsp;<a href=\"https:\/\/www.spun.earth\/\">SPUN<\/a>, (Society for the Protection of Underground Networks). Magdalena Sanfuentes, psiquiatra, Silvia Lazzarino, Ilustradora cient\u00edfica y Anita Epulef, Chef Pewenche.&nbsp;<\/p>\n\n\n\n<p class=\"wp-block-paragraph\">Respecto a la curator\u00eda de contenidos de esta segunda versi\u00f3n, Gabriel Orrego, director cient\u00edfico de Festival Reino Fungi, comenta:&nbsp;<em>\u201cEste a\u00f1o le daremos \u00e9nfasis a los paneles de conversaci\u00f3n, porque queremos que surjan cosas nuevas, que a veces no salen de manera individual, pero pueden brotar en instancias de co-creaci\u00f3n y sinergia. Confiamos en que van a surgir conexiones poderosas, capaces de trascender al festival. Este a\u00f1o se suma tambi\u00e9n algo muy interesante: vamos a empezar a muestrear, vamos a empezar un programa de&nbsp;<\/em><\/p>\n\n\n\n<p class=\"wp-block-paragraph\"><em>ciencia ciudadana. Queremos que el festival comience a levantar informaci\u00f3n peri\u00f3dicamente en ciertos sitios\u201d.&nbsp;<\/em><\/p>\n\n\n\n<p class=\"wp-block-paragraph\">El Gobernador Regional de la Araucan\u00eda y Presidente de la Corporaci\u00f3n Desarrolla Araucan\u00eda, Luciano Rivas Stepke, invit\u00f3 a la comunidad a participar del encuentro y se\u00f1al\u00f3:&nbsp;<em>\u201cApoyamos esta iniciativa que busca fomentar la educaci\u00f3n, la investigaci\u00f3n, democratizar el conocimiento por sobre todo, pero que tambi\u00e9n busca romper la estacionalidad en una zona tan importante para el turismo, como es la comuna de Puc\u00f3n y nuestra zona lacustre. Como Corporaci\u00f3n de Desarrollo, siempre trabajando por los grandes eventos y por el desarrollo productivo de nuestra Araucan\u00eda\u201d.<\/em><\/p>\n\n\n\n<p class=\"wp-block-paragraph\">Festival Reino Fungi es posible gracias a alianzas estrat\u00e9gicas y patrocinios con instituciones p\u00fablicas y privadas como el Gobierno Regional de la Araucan\u00eda, Ministerio de las Culturas, las Artes y el Patrimonio, Sernatur, Municipalidad de Puc\u00f3n, SPUN, Fundaci\u00f3n Fungi, Fundaci\u00f3n Mar Adentro , Red del Coraz\u00f3n y muchos m\u00e1s.&nbsp;<\/p>\n\n\n\n<p class=\"wp-block-paragraph\">Se vienen d\u00edas de celebraci\u00f3n al alero de los hongos del mundo: d\u00edas de micorrizas, del micelio, de hongos descomponedores, de recolecci\u00f3n de hongos comestibles, de sustrato, de terapias, experimentos, arte y ciencia ciudadana. S\u00famate y aprende m\u00e1s sobre biodiversidad y la importancia de la funga en este encuentro multidisciplinario que se vivir\u00e1 en el sur de Chile. Revisa los detalles en la web\u00a0<a href=\"http:\/\/www.festivalreinofungi.cl\/\">www.festivalreinofungi.cl<\/a>\u00a0y s\u00edguelos en sus redes sociales IG: @Festivalreinofungi\u00a0<\/p>\n\n\n\n<iframe loading=\"lazy\" width=\"560\" height=\"315\" src=\"https:\/\/www.youtube.com\/embed\/6VsObpLyaFo\" title=\"YouTube video player\" frameborder=\"0\" allow=\"accelerometer; autoplay; clipboard-write; encrypted-media; gyroscope; picture-in-picture; web-share\" allowfullscreen><\/iframe>\n","protected":false},"excerpt":{"rendered":"<div class=\"pvc_clear\"><\/div>\n<p id=\"pvc_stats_40803\" class=\"pvc_stats total_only  \" data-element-id=\"40803\" style=\"\"><i class=\"pvc-stats-icon large\" aria-hidden=\"true\"><svg aria-hidden=\"true\" focusable=\"false\" data-prefix=\"far\" data-icon=\"chart-bar\" role=\"img\" xmlns=\"http:\/\/www.w3.org\/2000\/svg\" viewBox=\"0 0 512 512\" class=\"svg-inline--fa fa-chart-bar fa-w-16 fa-2x\"><path fill=\"currentColor\" d=\"M396.8 352h22.4c6.4 0 12.8-6.4 12.8-12.8V108.8c0-6.4-6.4-12.8-12.8-12.8h-22.4c-6.4 0-12.8 6.4-12.8 12.8v230.4c0 6.4 6.4 12.8 12.8 12.8zm-192 0h22.4c6.4 0 12.8-6.4 12.8-12.8V140.8c0-6.4-6.4-12.8-12.8-12.8h-22.4c-6.4 0-12.8 6.4-12.8 12.8v198.4c0 6.4 6.4 12.8 12.8 12.8zm96 0h22.4c6.4 0 12.8-6.4 12.8-12.8V204.8c0-6.4-6.4-12.8-12.8-12.8h-22.4c-6.4 0-12.8 6.4-12.8 12.8v134.4c0 6.4 6.4 12.8 12.8 12.8zM496 400H48V80c0-8.84-7.16-16-16-16H16C7.16 64 0 71.16 0 80v336c0 17.67 14.33 32 32 32h464c8.84 0 16-7.16 16-16v-16c0-8.84-7.16-16-16-16zm-387.2-48h22.4c6.4 0 12.8-6.4 12.8-12.8v-70.4c0-6.4-6.4-12.8-12.8-12.8h-22.4c-6.4 0-12.8 6.4-12.8 12.8v70.4c0 6.4 6.4 12.8 12.8 12.8z\" class=\"\"><\/path><\/svg><\/i> <img loading=\"lazy\" decoding=\"async\" width=\"16\" height=\"16\" alt=\"Loading\" src=\"https:\/\/temucotelevision.cl\/web\/wp-content\/plugins\/page-views-count\/ajax-loader-2x.gif\" border=0 \/><\/p>\n<div class=\"pvc_clear\"><\/div>\n<p>Charlas, talleres, salidas a terreno, un mercado de productos f\u00fangicos con m\u00e1s de 60 expositores, m\u00fasica, cine, teatro, paneles de<\/p>\n","protected":false},"author":1,"featured_media":40804,"comment_status":"open","ping_status":"open","sticky":false,"template":"","format":"standard","meta":{"colormag_page_container_layout":"default_layout","colormag_page_sidebar_layout":"default_layout","advanced_seo_description":"","jetpack_seo_html_title":"","jetpack_seo_noindex":false,"jetpack_seo_schema_type":"","_jetpack_newsletter_access":"","_jetpack_dont_email_post_to_subs":false,"_jetpack_newsletter_tier_id":0,"_jetpack_memberships_contains_paywalled_content":false,"_jetpack_feature_clip_id":0,"_jetpack_memberships_contains_paid_content":false,"footnotes":"","jetpack_publicize_message":"","jetpack_publicize_feature_enabled":true,"jetpack_social_post_already_shared":false,"jetpack_social_options":{"image_generator_settings":{"template":"highway","default_image_id":0,"font":"","enabled":false},"version":2},"jetpack_post_was_ever_published":false},"categories":[86],"tags":[282,259,141,3625],"class_list":["post-40803","post","type-post","status-publish","format-standard","has-post-thumbnail","hentry","category-panoramas","tag-charlas","tag-expositores","tag-festival","tag-hongos"],"a3_pvc":{"activated":true,"total_views":241,"today_views":0},"jetpack_publicize_connections":[],"jetpack_sharing_enabled":true,"jetpack_likes_enabled":true,"jetpack_featured_media_url":"https:\/\/temucotelevision.cl\/web\/wp-content\/uploads\/2023\/05\/Hongo.jpg","_links":{"self":[{"href":"https:\/\/temucotelevision.cl\/web\/wp-json\/wp\/v2\/posts\/40803","targetHints":{"allow":["GET"]}}],"collection":[{"href":"https:\/\/temucotelevision.cl\/web\/wp-json\/wp\/v2\/posts"}],"about":[{"href":"https:\/\/temucotelevision.cl\/web\/wp-json\/wp\/v2\/types\/post"}],"author":[{"embeddable":true,"href":"https:\/\/temucotelevision.cl\/web\/wp-json\/wp\/v2\/users\/1"}],"replies":[{"embeddable":true,"href":"https:\/\/temucotelevision.cl\/web\/wp-json\/wp\/v2\/comments?post=40803"}],"version-history":[{"count":1,"href":"https:\/\/temucotelevision.cl\/web\/wp-json\/wp\/v2\/posts\/40803\/revisions"}],"predecessor-version":[{"id":40805,"href":"https:\/\/temucotelevision.cl\/web\/wp-json\/wp\/v2\/posts\/40803\/revisions\/40805"}],"wp:featuredmedia":[{"embeddable":true,"href":"https:\/\/temucotelevision.cl\/web\/wp-json\/wp\/v2\/media\/40804"}],"wp:attachment":[{"href":"https:\/\/temucotelevision.cl\/web\/wp-json\/wp\/v2\/media?parent=40803"}],"wp:term":[{"taxonomy":"category","embeddable":true,"href":"https:\/\/temucotelevision.cl\/web\/wp-json\/wp\/v2\/categories?post=40803"},{"taxonomy":"post_tag","embeddable":true,"href":"https:\/\/temucotelevision.cl\/web\/wp-json\/wp\/v2\/tags?post=40803"}],"curies":[{"name":"wp","href":"https:\/\/api.w.org\/{rel}","templated":true}]}}