{"id":40784,"date":"2023-05-02T17:31:26","date_gmt":"2023-05-02T20:31:26","guid":{"rendered":"https:\/\/temucotelevision.cl\/web\/?p=40784"},"modified":"2023-05-02T17:32:23","modified_gmt":"2023-05-02T20:32:23","slug":"durante-el-feriado-del-1-de-mayo-la-direccion-del-trabajo-suspendio-a-115-trabajadores-por-incumplimiento-de-normas-laborales-en-la-araucania-4-trabajadores-fueron-suspendidos","status":"publish","type":"post","link":"https:\/\/temucotelevision.cl\/web\/2023\/05\/02\/durante-el-feriado-del-1-de-mayo-la-direccion-del-trabajo-suspendio-a-115-trabajadores-por-incumplimiento-de-normas-laborales-en-la-araucania-4-trabajadores-fueron-suspendidos\/","title":{"rendered":"Durante feriado 1 de mayo, la Direcci\u00f3n del Trabajo suspendi\u00f3 a 115 trabajadores por incumplimiento de normas laborales, en La Araucan\u00eda 4 trabajadores fueron suspendidos"},"content":{"rendered":"<div class=\"pvc_clear\"><\/div><p id=\"pvc_stats_40784\" class=\"pvc_stats total_only  \" data-element-id=\"40784\" style=\"\"><i class=\"pvc-stats-icon large\" aria-hidden=\"true\"><svg aria-hidden=\"true\" focusable=\"false\" data-prefix=\"far\" data-icon=\"chart-bar\" role=\"img\" xmlns=\"http:\/\/www.w3.org\/2000\/svg\" viewBox=\"0 0 512 512\" class=\"svg-inline--fa fa-chart-bar fa-w-16 fa-2x\"><path fill=\"currentColor\" d=\"M396.8 352h22.4c6.4 0 12.8-6.4 12.8-12.8V108.8c0-6.4-6.4-12.8-12.8-12.8h-22.4c-6.4 0-12.8 6.4-12.8 12.8v230.4c0 6.4 6.4 12.8 12.8 12.8zm-192 0h22.4c6.4 0 12.8-6.4 12.8-12.8V140.8c0-6.4-6.4-12.8-12.8-12.8h-22.4c-6.4 0-12.8 6.4-12.8 12.8v198.4c0 6.4 6.4 12.8 12.8 12.8zm96 0h22.4c6.4 0 12.8-6.4 12.8-12.8V204.8c0-6.4-6.4-12.8-12.8-12.8h-22.4c-6.4 0-12.8 6.4-12.8 12.8v134.4c0 6.4 6.4 12.8 12.8 12.8zM496 400H48V80c0-8.84-7.16-16-16-16H16C7.16 64 0 71.16 0 80v336c0 17.67 14.33 32 32 32h464c8.84 0 16-7.16 16-16v-16c0-8.84-7.16-16-16-16zm-387.2-48h22.4c6.4 0 12.8-6.4 12.8-12.8v-70.4c0-6.4-6.4-12.8-12.8-12.8h-22.4c-6.4 0-12.8 6.4-12.8 12.8v70.4c0 6.4 6.4 12.8 12.8 12.8z\" class=\"\"><\/path><\/svg><\/i> <img loading=\"lazy\" decoding=\"async\" width=\"16\" height=\"16\" alt=\"Loading\" src=\"https:\/\/temucotelevision.cl\/web\/wp-content\/plugins\/page-views-count\/ajax-loader-2x.gif\" border=0 \/><\/p><div class=\"pvc_clear\"><\/div>\n<p class=\"wp-block-paragraph\"><strong>Multas a empleadores infractores llegaron a casi 63 millones de pesos. \u00a0\u00a0\u00a0\u00a0<\/strong><\/p>\n\n\n\n<p class=\"wp-block-paragraph\">Un total de 115 trabajadoras y trabajadores del comercio fueron suspendidos ayer lunes de sus turnos por la Direcci\u00f3n del Trabajo (DT) al no corresponderles laborar en el feriado obligatorio e irrenunciable del 1 de mayo.&nbsp;<\/p>\n\n\n\n<p class=\"wp-block-paragraph\">As\u00ed lo inform\u00f3 el organismo fiscalizador, que ayer fiscaliz\u00f3 en todo el pa\u00eds el respeto al derecho al descanso en este feriado y tambi\u00e9n el derecho al descanso alternado cada dos a\u00f1os de las trabajadoras y trabajadores del comercio que s\u00ed deben laborar en este tipo de feriados.<\/p>\n\n\n\n<p class=\"wp-block-paragraph\">Durante la jornada la DT realiz\u00f3 205 fiscalizaciones, 74 de las cuales terminaron con la aplicaci\u00f3n de multas. En total, el monto aplicado asciende a los $62.802.560.&nbsp;<\/p>\n\n\n\n<p class=\"wp-block-paragraph\">El 1 de mayo de 2022 se realizaron 104 fiscalizaciones que terminaron con 48 multas, equivalentes a $47.001.343. Un total de 86 trabajadores a los que no les correspond\u00eda trabajar se les suspendi\u00f3 la jornada y fueron enviados a sus casas.<\/p>\n\n\n\n<p class=\"wp-block-paragraph\">Respecto de la jornada de ayer lunes, el siguiente es el desglose regional de multas y trabajadores suspendidos:<\/p>\n\n\n\n<figure class=\"wp-block-table\"><table><tbody><tr><td>Regi\u00f3n<\/td><td>Fiscalizaciones<\/td><td>Multas<\/td><td>Trabajadores suspendidos<\/td><\/tr><tr><td>Arica Parinacota<\/td><td>5<\/td><td>1<\/td><td>2<\/td><\/tr><tr><td>Tarapac\u00e1<\/td><td>6<\/td><td>6<\/td><td>15<\/td><\/tr><tr><td>Antofagasta<\/td><td>9<\/td><td>8<\/td><td>27<\/td><\/tr><tr><td>Atacama<\/td><td>6<\/td><td>1<\/td><td>1<\/td><\/tr><tr><td>Coquimbo<\/td><td>9<\/td><td>1<\/td><td>1<\/td><\/tr><tr><td>Valpara\u00edso<\/td><td>15<\/td><td>4<\/td><td>5<\/td><\/tr><tr><td>Metropolitana<\/td><td>40<\/td><td>13<\/td><td>10<\/td><\/tr><tr><td>O\u2019Higgins<\/td><td>19<\/td><td>12<\/td><td>21<\/td><\/tr><tr><td>Maule<\/td><td>12<\/td><td>3<\/td><td>4<\/td><\/tr><tr><td>\u00d1uble<\/td><td>6<\/td><td>2<\/td><td>4<\/td><\/tr><tr><td>Biob\u00edo<\/td><td>11<\/td><td>3<\/td><td>2<\/td><\/tr><tr><td>La Araucan\u00eda<\/td><td>25<\/td><td>4<\/td><td>4<\/td><\/tr><tr><td>Los R\u00edos<\/td><td>10<\/td><td>4<\/td><td>3<\/td><\/tr><tr><td>Los Lagos<\/td><td>22<\/td><td>9<\/td><td>10<\/td><\/tr><tr><td>Ays\u00e9n<\/td><td>4<\/td><td>2<\/td><td>4<\/td><\/tr><tr><td>Magallanes<\/td><td>6<\/td><td>1<\/td><td>2<\/td><\/tr><tr><td>TOTAL<\/td><td>205<\/td><td>74<\/td><td>115<\/td><\/tr><\/tbody><\/table><\/figure>\n","protected":false},"excerpt":{"rendered":"<div class=\"pvc_clear\"><\/div>\n<p id=\"pvc_stats_40784\" class=\"pvc_stats total_only  \" data-element-id=\"40784\" style=\"\"><i class=\"pvc-stats-icon large\" aria-hidden=\"true\"><svg aria-hidden=\"true\" focusable=\"false\" data-prefix=\"far\" data-icon=\"chart-bar\" role=\"img\" xmlns=\"http:\/\/www.w3.org\/2000\/svg\" viewBox=\"0 0 512 512\" class=\"svg-inline--fa fa-chart-bar fa-w-16 fa-2x\"><path fill=\"currentColor\" d=\"M396.8 352h22.4c6.4 0 12.8-6.4 12.8-12.8V108.8c0-6.4-6.4-12.8-12.8-12.8h-22.4c-6.4 0-12.8 6.4-12.8 12.8v230.4c0 6.4 6.4 12.8 12.8 12.8zm-192 0h22.4c6.4 0 12.8-6.4 12.8-12.8V140.8c0-6.4-6.4-12.8-12.8-12.8h-22.4c-6.4 0-12.8 6.4-12.8 12.8v198.4c0 6.4 6.4 12.8 12.8 12.8zm96 0h22.4c6.4 0 12.8-6.4 12.8-12.8V204.8c0-6.4-6.4-12.8-12.8-12.8h-22.4c-6.4 0-12.8 6.4-12.8 12.8v134.4c0 6.4 6.4 12.8 12.8 12.8zM496 400H48V80c0-8.84-7.16-16-16-16H16C7.16 64 0 71.16 0 80v336c0 17.67 14.33 32 32 32h464c8.84 0 16-7.16 16-16v-16c0-8.84-7.16-16-16-16zm-387.2-48h22.4c6.4 0 12.8-6.4 12.8-12.8v-70.4c0-6.4-6.4-12.8-12.8-12.8h-22.4c-6.4 0-12.8 6.4-12.8 12.8v70.4c0 6.4 6.4 12.8 12.8 12.8z\" class=\"\"><\/path><\/svg><\/i> <img loading=\"lazy\" decoding=\"async\" width=\"16\" height=\"16\" alt=\"Loading\" src=\"https:\/\/temucotelevision.cl\/web\/wp-content\/plugins\/page-views-count\/ajax-loader-2x.gif\" border=0 \/><\/p>\n<div class=\"pvc_clear\"><\/div>\n<p>Multas a empleadores infractores llegaron a casi 63 millones de pesos. \u00a0\u00a0\u00a0\u00a0 Un total de 115 trabajadoras y trabajadores del<\/p>\n","protected":false},"author":1,"featured_media":40785,"comment_status":"open","ping_status":"open","sticky":false,"template":"","format":"standard","meta":{"colormag_page_container_layout":"default_layout","colormag_page_sidebar_layout":"default_layout","advanced_seo_description":"","jetpack_seo_html_title":"","jetpack_seo_noindex":false,"jetpack_seo_schema_type":"","_jetpack_newsletter_access":"","_jetpack_dont_email_post_to_subs":false,"_jetpack_newsletter_tier_id":0,"_jetpack_memberships_contains_paywalled_content":false,"_jetpack_feature_clip_id":0,"_jetpack_memberships_contains_paid_content":false,"footnotes":"","jetpack_publicize_message":"","jetpack_publicize_feature_enabled":true,"jetpack_social_post_already_shared":false,"jetpack_social_options":{"image_generator_settings":{"template":"highway","default_image_id":0,"font":"","enabled":false},"version":2},"jetpack_post_was_ever_published":false},"categories":[15],"tags":[],"class_list":["post-40784","post","type-post","status-publish","format-standard","has-post-thumbnail","hentry","category-la-araucania"],"a3_pvc":{"activated":true,"total_views":113,"today_views":0},"jetpack_publicize_connections":[],"jetpack_sharing_enabled":true,"jetpack_likes_enabled":true,"jetpack_featured_media_url":"https:\/\/temucotelevision.cl\/web\/wp-content\/uploads\/2023\/05\/Direccion-Trabajo.jpg","_links":{"self":[{"href":"https:\/\/temucotelevision.cl\/web\/wp-json\/wp\/v2\/posts\/40784","targetHints":{"allow":["GET"]}}],"collection":[{"href":"https:\/\/temucotelevision.cl\/web\/wp-json\/wp\/v2\/posts"}],"about":[{"href":"https:\/\/temucotelevision.cl\/web\/wp-json\/wp\/v2\/types\/post"}],"author":[{"embeddable":true,"href":"https:\/\/temucotelevision.cl\/web\/wp-json\/wp\/v2\/users\/1"}],"replies":[{"embeddable":true,"href":"https:\/\/temucotelevision.cl\/web\/wp-json\/wp\/v2\/comments?post=40784"}],"version-history":[{"count":2,"href":"https:\/\/temucotelevision.cl\/web\/wp-json\/wp\/v2\/posts\/40784\/revisions"}],"predecessor-version":[{"id":40787,"href":"https:\/\/temucotelevision.cl\/web\/wp-json\/wp\/v2\/posts\/40784\/revisions\/40787"}],"wp:featuredmedia":[{"embeddable":true,"href":"https:\/\/temucotelevision.cl\/web\/wp-json\/wp\/v2\/media\/40785"}],"wp:attachment":[{"href":"https:\/\/temucotelevision.cl\/web\/wp-json\/wp\/v2\/media?parent=40784"}],"wp:term":[{"taxonomy":"category","embeddable":true,"href":"https:\/\/temucotelevision.cl\/web\/wp-json\/wp\/v2\/categories?post=40784"},{"taxonomy":"post_tag","embeddable":true,"href":"https:\/\/temucotelevision.cl\/web\/wp-json\/wp\/v2\/tags?post=40784"}],"curies":[{"name":"wp","href":"https:\/\/api.w.org\/{rel}","templated":true}]}}