{"id":40762,"date":"2023-04-30T21:28:54","date_gmt":"2023-05-01T00:28:54","guid":{"rendered":"https:\/\/temucotelevision.cl\/web\/?p=40762"},"modified":"2023-04-30T21:29:51","modified_gmt":"2023-05-01T00:29:51","slug":"incendios-forestales-mineduc-entrega-mas-de-8-mil-libros-a-establecimientos-danados-y-anuncia-nueva-beca-para-estudiantes-de-localidades-afectadas-del-bio-bio-y-araucania","status":"publish","type":"post","link":"https:\/\/temucotelevision.cl\/web\/2023\/04\/30\/incendios-forestales-mineduc-entrega-mas-de-8-mil-libros-a-establecimientos-danados-y-anuncia-nueva-beca-para-estudiantes-de-localidades-afectadas-del-bio-bio-y-araucania\/","title":{"rendered":"Incendios forestales: Mineduc entrega m\u00e1s de 8 mil libros a establecimientos da\u00f1ados y anuncia nueva beca para estudiantes del Bio Bio y Araucan\u00eda\u00a0\u00a0"},"content":{"rendered":"<div class=\"pvc_clear\"><\/div><p id=\"pvc_stats_40762\" class=\"pvc_stats total_only  \" data-element-id=\"40762\" style=\"\"><i class=\"pvc-stats-icon large\" aria-hidden=\"true\"><svg aria-hidden=\"true\" focusable=\"false\" data-prefix=\"far\" data-icon=\"chart-bar\" role=\"img\" xmlns=\"http:\/\/www.w3.org\/2000\/svg\" viewBox=\"0 0 512 512\" class=\"svg-inline--fa fa-chart-bar fa-w-16 fa-2x\"><path fill=\"currentColor\" d=\"M396.8 352h22.4c6.4 0 12.8-6.4 12.8-12.8V108.8c0-6.4-6.4-12.8-12.8-12.8h-22.4c-6.4 0-12.8 6.4-12.8 12.8v230.4c0 6.4 6.4 12.8 12.8 12.8zm-192 0h22.4c6.4 0 12.8-6.4 12.8-12.8V140.8c0-6.4-6.4-12.8-12.8-12.8h-22.4c-6.4 0-12.8 6.4-12.8 12.8v198.4c0 6.4 6.4 12.8 12.8 12.8zm96 0h22.4c6.4 0 12.8-6.4 12.8-12.8V204.8c0-6.4-6.4-12.8-12.8-12.8h-22.4c-6.4 0-12.8 6.4-12.8 12.8v134.4c0 6.4 6.4 12.8 12.8 12.8zM496 400H48V80c0-8.84-7.16-16-16-16H16C7.16 64 0 71.16 0 80v336c0 17.67 14.33 32 32 32h464c8.84 0 16-7.16 16-16v-16c0-8.84-7.16-16-16-16zm-387.2-48h22.4c6.4 0 12.8-6.4 12.8-12.8v-70.4c0-6.4-6.4-12.8-12.8-12.8h-22.4c-6.4 0-12.8 6.4-12.8 12.8v70.4c0 6.4 6.4 12.8 12.8 12.8z\" class=\"\"><\/path><\/svg><\/i> <img loading=\"lazy\" decoding=\"async\" width=\"16\" height=\"16\" alt=\"Loading\" src=\"https:\/\/temucotelevision.cl\/web\/wp-content\/plugins\/page-views-count\/ajax-loader-2x.gif\" border=0 \/><\/p><div class=\"pvc_clear\"><\/div>\n<ul class=\"wp-block-list\"><li><em>La entrega de bibliograf\u00eda benefici\u00f3 a 19 establecimientos educacionales de las regiones de Biob\u00edo y La Araucan\u00eda. El ministro \u00c1vila encabez\u00f3 la entrega durante su visita a la localidad de Santa Juana.<\/em><\/li><li><em>Adem\u00e1s, la Junaeb dispuso de una beca dirigida a estudiantes de educaci\u00f3n superior, que consiste en una transferencia anual de hasta $700 mil y un aporte en alimentaci\u00f3n id\u00e9ntico al entregado en la BAES.&nbsp;<\/em><\/li><\/ul>\n\n\n\n<p class=\"wp-block-paragraph\">\u00a0Este jueves, el ministro de Educaci\u00f3n, Marco Antonio \u00c1vila, visit\u00f3 la Regi\u00f3n del Biob\u00edo con el objetivo de presentar una serie de medidas de apoyo a estudiantes y comunidades escolares damnificadas por los incendios que afectaron a la zona centro sur del pa\u00eds durante el verano. Se trata de la\u00a0<strong>entrega de m\u00e1s de 8 mil libros<\/strong>destinados a aquellos establecimientos educacionales siniestrados, adem\u00e1s de la creaci\u00f3n de una beca especial para apoyar a los estudiantes de educaci\u00f3n superior de las localidades afectadas.\u00a0<\/p>\n\n\n\n<p class=\"wp-block-paragraph\">En el caso de la entrega de material bibliogr\u00e1fico, la iniciativa fue anunciada desde la Escuela Chacay de Santa Juana y busca reponer las bibliotecas escolares y apoyar a las y los estudiantes que enfrentaron un dif\u00edcil inicio de a\u00f1o escolar debido a la p\u00e9rdida de sus establecimientos e implementos educativos, incluyendo sus libros. En total, el Mineduc entreg\u00f3 8.472 libros, un promedio de 445 textos para cada uno de los&nbsp;<strong>19 establecimientos educativos afectados por los incendios&nbsp;<\/strong>y que reciben financiamiento p\u00fablico (11 en la Regi\u00f3n del Biob\u00edo y 8 en la Regi\u00f3n de La Araucan\u00eda).&nbsp;<\/p>\n\n\n\n<p class=\"wp-block-paragraph\">\u201cEsta entrega de libros responde a los esfuerzos que como Mineduc hacemos para priorizar recursos que&nbsp;<strong>posibiliten la reactivaci\u00f3n educativa de aquellas comunidades cuyos establecimientos resultaron da\u00f1ados total o parcialmente por los incendios forestales.&nbsp;<\/strong>Ante este compromiso, hoy estamos en Santa Juana para entregar a la comunidad un material bibliogr\u00e1fico que contribuir\u00e1 al desarrollo de la habilidad de lectoescritura de los estudiantes afectados y les garantizar\u00e1 el acceso a recursos educativos de calidad, aun en tiempos dif\u00edciles\u201d, dijo el&nbsp;<strong>ministro Marco Antonio \u00c1vila.&nbsp;<\/strong><\/p>\n\n\n\n<p class=\"wp-block-paragraph\">La selecci\u00f3n de libros incluye sagas completas de autoras nacionales e internacionales, cuentos y \u00e1lbumes ilustrados, cl\u00e1sicos infantiles chilenos e internacionales, y libros de no ficci\u00f3n con temas atractivos para estudiantes, como flora y fauna o medioambiente.&nbsp;<\/p>\n\n\n\n<p class=\"wp-block-paragraph\">\u201cComo Unidad de Curr\u00edculum y Evaluaci\u00f3n (UCE), queremos destacar el importante rol que tienen las bibliotecas como un espacio de vinculaci\u00f3n y desarrollo integral al interior de las comunidades educativas. Creemos que en contextos adversos, como los que enfrentan los establecimientos siniestrados, poner a disposici\u00f3n colecciones de libros impresas permite abordar temas socioemocionales fundamentales, as\u00ed como fortalecer la reactivaci\u00f3n de aprendizajes\u201d, indic\u00f3 la<strong>coordinadora nacional de la UCE, Viviana Castillo.<\/strong><\/p>\n\n\n\n<p class=\"wp-block-paragraph\">Gracias a esta entrega, se alcanzar\u00e1 un promedio de 18 libros por estudiante en los establecimientos beneficiados, superando el indicador m\u00ednimo internacional establecido por la Federaci\u00f3n Internacional de Asociaciones de Bibliotecarios y Bibliotecas (IFLA) de 10 libros en promedio por estudiante.<\/p>\n\n\n\n<p class=\"wp-block-paragraph\"><strong>Beca para estudiantes de educaci\u00f3n superior<\/strong><\/p>\n\n\n\n<p class=\"wp-block-paragraph\">Desde la Universidad de Concepci\u00f3n, en la Regi\u00f3n del Biob\u00edo, el ministro \u00c1vila y la&nbsp;<strong>directora de la Junta Nacional de Auxilio Escolar y Becas (Junaeb), Camila Rubio,<\/strong>&nbsp;junto a la seremi de Educaci\u00f3n, Elizabeth Ch\u00e1vez, y la vicerrectora de la Universidad de Concepci\u00f3n, Paulina Rinc\u00f3n, anunciaron la entrega de una beca para estudiantes de educaci\u00f3n superior de las regiones del Biob\u00edo, \u00d1uble y La Araucan\u00eda, que se vieron afectados por los incendios forestales.&nbsp;<\/p>\n\n\n\n<p class=\"wp-block-paragraph\">\u201cSeguiremos fortaleciendo la permanencia y la trayectoria educativa de las y los estudiantes en todos los territorios del pa\u00eds. Para acceder a esta beca, los estudiantes afectados deben estar&nbsp;<strong>matriculados en una instituci\u00f3n de educaci\u00f3n superior acreditada por el Estado y estar catastrados en la Ficha FIBE del Ministerio de Desarrollo Social y Familia, en la que se indique que sufrieron da\u00f1os en enseres o viviendas producto de los incendios<\/strong>\u201d, se\u00f1al\u00f3 el ministro de Educaci\u00f3n, Marco Antonio \u00c1vila.&nbsp;<\/p>\n\n\n\n<p class=\"wp-block-paragraph\">La beca tiene un presupuesto de $900 millones y contar\u00e1 con dos componentes:&nbsp;<strong>un monto de mantenci\u00f3n,&nbsp;<\/strong>que considera una transferencia anual de libre disposici\u00f3n de hasta $700.000, distribuidos hasta en 10 cuotas, y sin necesidad de postulaci\u00f3n, las que se pagar\u00e1n a trav\u00e9s de la Cuenta RUT o pago masivo de BancoEstado; y&nbsp;<strong>un aporte extra destinado a alimentaci\u00f3n.<\/strong><\/p>\n\n\n\n<p class=\"wp-block-paragraph\">\u201cDesde Junaeb estamos comprometidos con apoyar a todas y todos los estudiantes que se vieron duramente afectados por los incendios forestales. Es importante agregar que&nbsp;<strong>el componente alimentaci\u00f3n es un aporte extra a la transferencia de recursos directos,&nbsp;<\/strong>y que corresponden a mensualidades id\u00e9nticas a las entregadas en la Beca de Alimentaci\u00f3n a la Educaci\u00f3n Superior que entregamos desde Junaeb (BAES)\u201d, aclar\u00f3 la directora de Junaeb, Camila Rubio.<\/p>\n\n\n\n<p class=\"wp-block-paragraph\">Durante la cita, a la que tambi\u00e9n asistieron otras autoridades regionales y representantes de las diferentes casas de estudio, las autoridades se\u00f1alaron que esta beca<strong>&nbsp;<\/strong>ser\u00e1 retroactiva desde marzo, no obstante, si un estudiante se matricula en segundo semestre se considerar\u00e1 el pago desde el semestre en que se encuentra matriculado. Adem\u00e1s, las autoridades informaron que en mayo se conocer\u00e1 el listado de beneficiarios.<\/p>\n","protected":false},"excerpt":{"rendered":"<div class=\"pvc_clear\"><\/div>\n<p id=\"pvc_stats_40762\" class=\"pvc_stats total_only  \" data-element-id=\"40762\" style=\"\"><i class=\"pvc-stats-icon large\" aria-hidden=\"true\"><svg aria-hidden=\"true\" focusable=\"false\" data-prefix=\"far\" data-icon=\"chart-bar\" role=\"img\" xmlns=\"http:\/\/www.w3.org\/2000\/svg\" viewBox=\"0 0 512 512\" class=\"svg-inline--fa fa-chart-bar fa-w-16 fa-2x\"><path fill=\"currentColor\" d=\"M396.8 352h22.4c6.4 0 12.8-6.4 12.8-12.8V108.8c0-6.4-6.4-12.8-12.8-12.8h-22.4c-6.4 0-12.8 6.4-12.8 12.8v230.4c0 6.4 6.4 12.8 12.8 12.8zm-192 0h22.4c6.4 0 12.8-6.4 12.8-12.8V140.8c0-6.4-6.4-12.8-12.8-12.8h-22.4c-6.4 0-12.8 6.4-12.8 12.8v198.4c0 6.4 6.4 12.8 12.8 12.8zm96 0h22.4c6.4 0 12.8-6.4 12.8-12.8V204.8c0-6.4-6.4-12.8-12.8-12.8h-22.4c-6.4 0-12.8 6.4-12.8 12.8v134.4c0 6.4 6.4 12.8 12.8 12.8zM496 400H48V80c0-8.84-7.16-16-16-16H16C7.16 64 0 71.16 0 80v336c0 17.67 14.33 32 32 32h464c8.84 0 16-7.16 16-16v-16c0-8.84-7.16-16-16-16zm-387.2-48h22.4c6.4 0 12.8-6.4 12.8-12.8v-70.4c0-6.4-6.4-12.8-12.8-12.8h-22.4c-6.4 0-12.8 6.4-12.8 12.8v70.4c0 6.4 6.4 12.8 12.8 12.8z\" class=\"\"><\/path><\/svg><\/i> <img loading=\"lazy\" decoding=\"async\" width=\"16\" height=\"16\" alt=\"Loading\" src=\"https:\/\/temucotelevision.cl\/web\/wp-content\/plugins\/page-views-count\/ajax-loader-2x.gif\" border=0 \/><\/p>\n<div class=\"pvc_clear\"><\/div>\n<p>La entrega de bibliograf\u00eda benefici\u00f3 a 19 establecimientos educacionales de las regiones de Biob\u00edo y La Araucan\u00eda. El ministro \u00c1vila<\/p>\n","protected":false},"author":1,"featured_media":40763,"comment_status":"open","ping_status":"open","sticky":false,"template":"","format":"standard","meta":{"colormag_page_container_layout":"default_layout","colormag_page_sidebar_layout":"default_layout","advanced_seo_description":"","jetpack_seo_html_title":"","jetpack_seo_noindex":false,"jetpack_seo_schema_type":"","_jetpack_newsletter_access":"","_jetpack_dont_email_post_to_subs":false,"_jetpack_newsletter_tier_id":0,"_jetpack_memberships_contains_paywalled_content":false,"_jetpack_feature_clip_id":0,"_jetpack_memberships_contains_paid_content":false,"footnotes":"","jetpack_publicize_message":"","jetpack_publicize_feature_enabled":true,"jetpack_social_post_already_shared":false,"jetpack_social_options":{"image_generator_settings":{"template":"highway","default_image_id":0,"font":"","enabled":false},"version":2},"jetpack_post_was_ever_published":false},"categories":[14],"tags":[2142,926,150,1202],"class_list":["post-40762","post","type-post","status-publish","format-standard","has-post-thumbnail","hentry","category-temuco","tag-beca","tag-establecimientos","tag-estudiantes","tag-mineduc"],"a3_pvc":{"activated":true,"total_views":85,"today_views":0},"jetpack_publicize_connections":[],"jetpack_sharing_enabled":true,"jetpack_likes_enabled":true,"jetpack_featured_media_url":"https:\/\/temucotelevision.cl\/web\/wp-content\/uploads\/2023\/04\/Becas.jpg","_links":{"self":[{"href":"https:\/\/temucotelevision.cl\/web\/wp-json\/wp\/v2\/posts\/40762","targetHints":{"allow":["GET"]}}],"collection":[{"href":"https:\/\/temucotelevision.cl\/web\/wp-json\/wp\/v2\/posts"}],"about":[{"href":"https:\/\/temucotelevision.cl\/web\/wp-json\/wp\/v2\/types\/post"}],"author":[{"embeddable":true,"href":"https:\/\/temucotelevision.cl\/web\/wp-json\/wp\/v2\/users\/1"}],"replies":[{"embeddable":true,"href":"https:\/\/temucotelevision.cl\/web\/wp-json\/wp\/v2\/comments?post=40762"}],"version-history":[{"count":2,"href":"https:\/\/temucotelevision.cl\/web\/wp-json\/wp\/v2\/posts\/40762\/revisions"}],"predecessor-version":[{"id":40765,"href":"https:\/\/temucotelevision.cl\/web\/wp-json\/wp\/v2\/posts\/40762\/revisions\/40765"}],"wp:featuredmedia":[{"embeddable":true,"href":"https:\/\/temucotelevision.cl\/web\/wp-json\/wp\/v2\/media\/40763"}],"wp:attachment":[{"href":"https:\/\/temucotelevision.cl\/web\/wp-json\/wp\/v2\/media?parent=40762"}],"wp:term":[{"taxonomy":"category","embeddable":true,"href":"https:\/\/temucotelevision.cl\/web\/wp-json\/wp\/v2\/categories?post=40762"},{"taxonomy":"post_tag","embeddable":true,"href":"https:\/\/temucotelevision.cl\/web\/wp-json\/wp\/v2\/tags?post=40762"}],"curies":[{"name":"wp","href":"https:\/\/api.w.org\/{rel}","templated":true}]}}