{"id":40631,"date":"2023-04-25T11:42:48","date_gmt":"2023-04-25T14:42:48","guid":{"rendered":"https:\/\/temucotelevision.cl\/web\/?p=40631"},"modified":"2023-04-25T11:42:49","modified_gmt":"2023-04-25T14:42:49","slug":"teleton-marca-la-oportunidad-de-rehabilitarme-y-conocer-lo-que-hoy-en-dia-es-mi-pasion-y-trabajo-el-tenis","status":"publish","type":"post","link":"https:\/\/temucotelevision.cl\/web\/2023\/04\/25\/teleton-marca-la-oportunidad-de-rehabilitarme-y-conocer-lo-que-hoy-en-dia-es-mi-pasion-y-trabajo-el-tenis\/","title":{"rendered":"\u201cTelet\u00f3n marca la oportunidad de rehabilitarme y conocer lo que hoy en d\u00eda es mi pasi\u00f3n y trabajo: el tenis\u201d"},"content":{"rendered":"<div class=\"pvc_clear\"><\/div><p id=\"pvc_stats_40631\" class=\"pvc_stats total_only  \" data-element-id=\"40631\" style=\"\"><i class=\"pvc-stats-icon large\" aria-hidden=\"true\"><svg aria-hidden=\"true\" focusable=\"false\" data-prefix=\"far\" data-icon=\"chart-bar\" role=\"img\" xmlns=\"http:\/\/www.w3.org\/2000\/svg\" viewBox=\"0 0 512 512\" class=\"svg-inline--fa fa-chart-bar fa-w-16 fa-2x\"><path fill=\"currentColor\" d=\"M396.8 352h22.4c6.4 0 12.8-6.4 12.8-12.8V108.8c0-6.4-6.4-12.8-12.8-12.8h-22.4c-6.4 0-12.8 6.4-12.8 12.8v230.4c0 6.4 6.4 12.8 12.8 12.8zm-192 0h22.4c6.4 0 12.8-6.4 12.8-12.8V140.8c0-6.4-6.4-12.8-12.8-12.8h-22.4c-6.4 0-12.8 6.4-12.8 12.8v198.4c0 6.4 6.4 12.8 12.8 12.8zm96 0h22.4c6.4 0 12.8-6.4 12.8-12.8V204.8c0-6.4-6.4-12.8-12.8-12.8h-22.4c-6.4 0-12.8 6.4-12.8 12.8v134.4c0 6.4 6.4 12.8 12.8 12.8zM496 400H48V80c0-8.84-7.16-16-16-16H16C7.16 64 0 71.16 0 80v336c0 17.67 14.33 32 32 32h464c8.84 0 16-7.16 16-16v-16c0-8.84-7.16-16-16-16zm-387.2-48h22.4c6.4 0 12.8-6.4 12.8-12.8v-70.4c0-6.4-6.4-12.8-12.8-12.8h-22.4c-6.4 0-12.8 6.4-12.8 12.8v70.4c0 6.4 6.4 12.8 12.8 12.8z\" class=\"\"><\/path><\/svg><\/i> <img loading=\"lazy\" decoding=\"async\" width=\"16\" height=\"16\" alt=\"Loading\" src=\"https:\/\/temucotelevision.cl\/web\/wp-content\/plugins\/page-views-count\/ajax-loader-2x.gif\" border=0 \/><\/p><div class=\"pvc_clear\"><\/div>\n<p>Mi nombre es Sof\u00eda Fernanda Fuentes Orellana. Tengo 29 a\u00f1os y actualmente soy seleccionada nacional de tenis en silla de ruedas.<\/p>\n\n\n\n<p>En noviembre de 2014 sufr\u00ed un accidente en moto. Perd\u00ed una de mis piernas, estuve en coma un tiempo y sin visi\u00f3n. Y durante el 2015 empec\u00e9 mi rehabilitaci\u00f3n en el instituto Telet\u00f3n de Talca, donde en mi proceso de rehabilitaci\u00f3n conoc\u00ed a Cristi\u00e1n Cherif, quien fue mi entrenador (hasta 2017) y me mostr\u00f3 el deporte adaptado.<\/p>\n\n\n\n<p>Empec\u00e9 primero en tenis de mesa, en el cual se me dio la oportunidad de ir a un para nacional. All\u00ed, y con mi compa\u00f1era, logramos medalla de oro por la regi\u00f3n. Despu\u00e9s, empec\u00e9 a ir a mis primeras clases de tenis con Cristi\u00e1n, las cuales me gustaron mucho. Pas\u00f3 el tiempo y pude ir a mi primer nacional de tenis en silla, saliendo bicampeona en dobles. Con el tiempo segu\u00ed yendo a otras competencias; empec\u00e9 a salir campeona y as\u00ed se me fueron abriendo puertas, hasta que empec\u00e9 a competir internacionalmente. Con esto se me dio tambi\u00e9n la posibilidad de poder ir a entrenar a Santiago con la selecci\u00f3n de tenis en silla (y poder ser seleccionada nacional, como lo soy hoy en d\u00eda).<\/p>\n\n\n\n<p>Viv\u00ed dos a\u00f1os en Antofagasta, donde entren\u00e9 con Jorge Morales, quien fue mi entrenador hasta 2020. Con esto pude ir a los Juegos Para Panamericanos de Lima 2019. Tambi\u00e9n, y tras esto, pude ir a mi primer clasificatorio, pero debido a la falta de apoyo, regres\u00e9 a Talca a fines de 2019 donde me dediqu\u00e9 a mi trabajo durante dos a\u00f1os, ya que soy emprendedora.<\/p>\n\n\n\n<p>Intent\u00e9 volver al deporte en 2021, y en octubre del 2022 conoc\u00ed a Francisco Barros, quien es actualmente mi entrenador. En noviembre de ese a\u00f1o fui a mi primer torneo despu\u00e9s de haber estado m\u00e1s de dos a\u00f1os sin entrenar; sal\u00ed campeona en singles y dobles. Despu\u00e9s, y a las semanas siguientes, se me dio la posibilidad de participar en un torneo interno para poder ir al clasificatorio del presente a\u00f1o. Gan\u00e9 mis partidos y viajamos a M\u00e9xico al clasificatorio por equipo, donde clasificamos al mundial en Portugal para mayo de 2023.<\/p>\n\n\n\n<p>Telet\u00f3n marca un gran rol en mi vida, por entregarme la oportunidad de poder rehabilitarme y conocer lo que hoy en d\u00eda es mi pasi\u00f3n y trabajo: el tenis. Apoy\u00f3 durante a\u00f1os mi carrera, y permiti\u00f3 que se me abrieran puertas para poder desarrollarme a\u00fan m\u00e1s ante la sociedad y crecer como persona.<\/p>\n\n\n\n<p><strong>Sof\u00eda Fuentes Orellana<\/strong><\/p>\n\n\n\n<p><strong>Seleccionada nacional de tenis en silla de ruedas y ex paciente Telet\u00f3n<\/strong><\/p>\n\n\n\n<figure class=\"wp-block-image size-full\"><img loading=\"lazy\" decoding=\"async\" width=\"858\" height=\"400\" src=\"https:\/\/temucotelevision.cl\/web\/wp-content\/uploads\/2023\/04\/Sofia-Fuentes.jpg\" alt=\"\" class=\"wp-image-40633\" srcset=\"https:\/\/temucotelevision.cl\/web\/wp-content\/uploads\/2023\/04\/Sofia-Fuentes.jpg 858w, https:\/\/temucotelevision.cl\/web\/wp-content\/uploads\/2023\/04\/Sofia-Fuentes-768x358.jpg 768w\" sizes=\"auto, (max-width: 858px) 100vw, 858px\" \/><\/figure>\n","protected":false},"excerpt":{"rendered":"<div class=\"pvc_clear\"><\/div>\n<p id=\"pvc_stats_40631\" class=\"pvc_stats total_only  \" data-element-id=\"40631\" style=\"\"><i class=\"pvc-stats-icon large\" aria-hidden=\"true\"><svg aria-hidden=\"true\" focusable=\"false\" data-prefix=\"far\" data-icon=\"chart-bar\" role=\"img\" xmlns=\"http:\/\/www.w3.org\/2000\/svg\" viewBox=\"0 0 512 512\" class=\"svg-inline--fa fa-chart-bar fa-w-16 fa-2x\"><path fill=\"currentColor\" d=\"M396.8 352h22.4c6.4 0 12.8-6.4 12.8-12.8V108.8c0-6.4-6.4-12.8-12.8-12.8h-22.4c-6.4 0-12.8 6.4-12.8 12.8v230.4c0 6.4 6.4 12.8 12.8 12.8zm-192 0h22.4c6.4 0 12.8-6.4 12.8-12.8V140.8c0-6.4-6.4-12.8-12.8-12.8h-22.4c-6.4 0-12.8 6.4-12.8 12.8v198.4c0 6.4 6.4 12.8 12.8 12.8zm96 0h22.4c6.4 0 12.8-6.4 12.8-12.8V204.8c0-6.4-6.4-12.8-12.8-12.8h-22.4c-6.4 0-12.8 6.4-12.8 12.8v134.4c0 6.4 6.4 12.8 12.8 12.8zM496 400H48V80c0-8.84-7.16-16-16-16H16C7.16 64 0 71.16 0 80v336c0 17.67 14.33 32 32 32h464c8.84 0 16-7.16 16-16v-16c0-8.84-7.16-16-16-16zm-387.2-48h22.4c6.4 0 12.8-6.4 12.8-12.8v-70.4c0-6.4-6.4-12.8-12.8-12.8h-22.4c-6.4 0-12.8 6.4-12.8 12.8v70.4c0 6.4 6.4 12.8 12.8 12.8z\" class=\"\"><\/path><\/svg><\/i> <img loading=\"lazy\" decoding=\"async\" width=\"16\" height=\"16\" alt=\"Loading\" src=\"https:\/\/temucotelevision.cl\/web\/wp-content\/plugins\/page-views-count\/ajax-loader-2x.gif\" border=0 \/><\/p>\n<div class=\"pvc_clear\"><\/div>\n<p>Mi nombre es Sof\u00eda Fernanda Fuentes Orellana. Tengo 29 a\u00f1os y actualmente soy seleccionada nacional de tenis en silla de<\/p>\n","protected":false},"author":1,"featured_media":40632,"comment_status":"open","ping_status":"open","sticky":false,"template":"","format":"standard","meta":{"colormag_page_container_layout":"default_layout","colormag_page_sidebar_layout":"default_layout","footnotes":""},"categories":[101,18],"tags":[5256,1989,5200],"class_list":["post-40631","post","type-post","status-publish","format-standard","has-post-thumbnail","hentry","category-actualidad","category-nacional","tag-rehabilitacion","tag-teleton","tag-tenis"],"a3_pvc":{"activated":true,"total_views":63,"today_views":1},"_links":{"self":[{"href":"https:\/\/temucotelevision.cl\/web\/wp-json\/wp\/v2\/posts\/40631","targetHints":{"allow":["GET"]}}],"collection":[{"href":"https:\/\/temucotelevision.cl\/web\/wp-json\/wp\/v2\/posts"}],"about":[{"href":"https:\/\/temucotelevision.cl\/web\/wp-json\/wp\/v2\/types\/post"}],"author":[{"embeddable":true,"href":"https:\/\/temucotelevision.cl\/web\/wp-json\/wp\/v2\/users\/1"}],"replies":[{"embeddable":true,"href":"https:\/\/temucotelevision.cl\/web\/wp-json\/wp\/v2\/comments?post=40631"}],"version-history":[{"count":1,"href":"https:\/\/temucotelevision.cl\/web\/wp-json\/wp\/v2\/posts\/40631\/revisions"}],"predecessor-version":[{"id":40634,"href":"https:\/\/temucotelevision.cl\/web\/wp-json\/wp\/v2\/posts\/40631\/revisions\/40634"}],"wp:featuredmedia":[{"embeddable":true,"href":"https:\/\/temucotelevision.cl\/web\/wp-json\/wp\/v2\/media\/40632"}],"wp:attachment":[{"href":"https:\/\/temucotelevision.cl\/web\/wp-json\/wp\/v2\/media?parent=40631"}],"wp:term":[{"taxonomy":"category","embeddable":true,"href":"https:\/\/temucotelevision.cl\/web\/wp-json\/wp\/v2\/categories?post=40631"},{"taxonomy":"post_tag","embeddable":true,"href":"https:\/\/temucotelevision.cl\/web\/wp-json\/wp\/v2\/tags?post=40631"}],"curies":[{"name":"wp","href":"https:\/\/api.w.org\/{rel}","templated":true}]}}