{"id":40589,"date":"2023-04-22T23:36:20","date_gmt":"2023-04-23T02:36:20","guid":{"rendered":"https:\/\/temucotelevision.cl\/web\/?p=40589"},"modified":"2023-04-22T23:36:21","modified_gmt":"2023-04-23T02:36:21","slug":"bayamon-fest-traera-lo-mejor-de-la-musica-urbana-al-movistar-arena","status":"publish","type":"post","link":"https:\/\/temucotelevision.cl\/web\/2023\/04\/22\/bayamon-fest-traera-lo-mejor-de-la-musica-urbana-al-movistar-arena\/","title":{"rendered":"Bayamon Fest traer\u00e1 lo mejor de la m\u00fasica urbana al Movistar Arena"},"content":{"rendered":"<div class=\"pvc_clear\"><\/div><p id=\"pvc_stats_40589\" class=\"pvc_stats total_only  \" data-element-id=\"40589\" style=\"\"><i class=\"pvc-stats-icon large\" aria-hidden=\"true\"><svg aria-hidden=\"true\" focusable=\"false\" data-prefix=\"far\" data-icon=\"chart-bar\" role=\"img\" xmlns=\"http:\/\/www.w3.org\/2000\/svg\" viewBox=\"0 0 512 512\" class=\"svg-inline--fa fa-chart-bar fa-w-16 fa-2x\"><path fill=\"currentColor\" d=\"M396.8 352h22.4c6.4 0 12.8-6.4 12.8-12.8V108.8c0-6.4-6.4-12.8-12.8-12.8h-22.4c-6.4 0-12.8 6.4-12.8 12.8v230.4c0 6.4 6.4 12.8 12.8 12.8zm-192 0h22.4c6.4 0 12.8-6.4 12.8-12.8V140.8c0-6.4-6.4-12.8-12.8-12.8h-22.4c-6.4 0-12.8 6.4-12.8 12.8v198.4c0 6.4 6.4 12.8 12.8 12.8zm96 0h22.4c6.4 0 12.8-6.4 12.8-12.8V204.8c0-6.4-6.4-12.8-12.8-12.8h-22.4c-6.4 0-12.8 6.4-12.8 12.8v134.4c0 6.4 6.4 12.8 12.8 12.8zM496 400H48V80c0-8.84-7.16-16-16-16H16C7.16 64 0 71.16 0 80v336c0 17.67 14.33 32 32 32h464c8.84 0 16-7.16 16-16v-16c0-8.84-7.16-16-16-16zm-387.2-48h22.4c6.4 0 12.8-6.4 12.8-12.8v-70.4c0-6.4-6.4-12.8-12.8-12.8h-22.4c-6.4 0-12.8 6.4-12.8 12.8v70.4c0 6.4 6.4 12.8 12.8 12.8z\" class=\"\"><\/path><\/svg><\/i> <img loading=\"lazy\" decoding=\"async\" width=\"16\" height=\"16\" alt=\"Loading\" src=\"https:\/\/temucotelevision.cl\/web\/wp-content\/plugins\/page-views-count\/ajax-loader-2x.gif\" border=0 \/><\/p><div class=\"pvc_clear\"><\/div>\n<p class=\"has-medium-font-size\"><strong>La jornada tendr\u00e1 como invitados a Darkiel, Luigi 21 Plus, RKM &amp; Ken Y, La Joaqui y Noriel, adem\u00e1s de los chilenos Gino Mella, Ithan NY y Dj Rocka.<\/strong><\/p>\n\n\n\n<p>Con un imbatible line up, se realizar\u00e1 el debut del\u00a0<strong>BayamonFest<\/strong>, encuentro que reunir\u00e1 a artistas de primer nivel en el movimiento urbano puertorrique\u00f1o, con una invitada especial Argentina, por primera vez juntos en Chile. Este concierto se realizar\u00e1 el\u00a0<strong>martes 20 de junio (previo al feriado), a las 20:00 horas, en el Movistar Arena.<\/strong>\u00a0Entradas disponibles en\u00a0<a rel=\"noreferrer noopener\" href=\"https:\/\/trackercl1.fidelizador.com\/L107FAB3EGE1FE4CB2H10B44FJF1E56A2FC6K107FAB3E9402758348F18CE476&amp;t=5399\" target=\"_blank\"><strong>PuntoTicket<\/strong><\/a>.<\/p>\n\n\n\n<p>Directamente desde la capital del reggaet\u00f3n,\u00a0<strong>Darkiel, Luigi 21 Plus, RKM &amp; Ken Y,\u00a0<\/strong>y<strong>\u00a0Noriel<\/strong>\u00a0junto a<strong>\u00a0La Joaqui,<\/strong>\u00a0llegar\u00e1n al pa\u00eds para presentar lo mejor de sus repertorios y hacer perrear hasta el -20 a los miles de fan\u00e1ticos que presenciar\u00e1n uno de los eventos musicales m\u00e1s prendidos de este 2023.<\/p>\n\n\n\n<p>Dentro de los invitados internacionales se encuentra&nbsp;<strong>Darkiel<\/strong>, multifac\u00e9tico artista que cuenta con hits como \u201cSigue bail\u00e1ndome\u201d, \u201cAdicto\u201d, \u201cAqu\u00ed est\u00e1s t\u00fa\u201d, \u201cTe llam\u00e9 borracho\u201d y su m\u00e1s reciente estreno \u201cDios ha sido bueno\u201d, con Aly el Mensajero y Boy Wander CF.<\/p>\n\n\n\n<p>Por su parte,<strong>&nbsp;Luigi 21 Plus<\/strong>, desde 2006 ha desarrollado una exitosa carrera en la m\u00fasica urbana. Dentro de sus hits est\u00e1n \u201cMe reclama\u201d y \u201cGata oficial\u201d, junto a su \u00faltimo lanzamiento \u201cLa madre el que grabe\u201d, que present\u00f3 hace s\u00f3lo unas semanas.<\/p>\n\n\n\n<p>Catalogados como el d\u00fao rom\u00e1ntico del reggaet\u00f3n,&nbsp;<strong>RKM &amp; Ken<\/strong>&nbsp;<strong>Y<\/strong>, acaban de estrenar el single \u201cPerreo X Calle\u201d. Con gran \u00e9xito en Chile, en 2009 cautivaron al p\u00fablico del Festival de Vi\u00f1a del Mar y ahora esperan romperla en la primera edici\u00f3n del Bayamon Fest.<\/p>\n\n\n\n<p>Representando al g\u00e9nero femenino,\u00a0<strong>La Joaqui<\/strong>\u00a0mostrar\u00e1 en el festival el proyecto musical que la tiene como una de las mujeres m\u00e1s importantes del g\u00e9nero urbano y hit viral en TikTok. La artista argentina, acaba de lanzar \u201cM.A (Remix)\u201d su \u00faltimo single junto a BM y Callejero Fino. \u00a0<\/p>\n\n\n\n<figure class=\"wp-block-image size-large\"><img loading=\"lazy\" decoding=\"async\" width=\"1024\" height=\"1024\" src=\"https:\/\/temucotelevision.cl\/web\/wp-content\/uploads\/2023\/04\/image-4-1024x1024.png\" alt=\"\" class=\"wp-image-40590\" srcset=\"https:\/\/temucotelevision.cl\/web\/wp-content\/uploads\/2023\/04\/image-4-1024x1024.png 1024w, https:\/\/temucotelevision.cl\/web\/wp-content\/uploads\/2023\/04\/image-4-1000x1000.png 1000w, https:\/\/temucotelevision.cl\/web\/wp-content\/uploads\/2023\/04\/image-4-768x768.png 768w, https:\/\/temucotelevision.cl\/web\/wp-content\/uploads\/2023\/04\/image-4.png 1080w\" sizes=\"auto, (max-width: 1024px) 100vw, 1024px\" \/><\/figure>\n","protected":false},"excerpt":{"rendered":"<div class=\"pvc_clear\"><\/div>\n<p id=\"pvc_stats_40589\" class=\"pvc_stats total_only  \" data-element-id=\"40589\" style=\"\"><i class=\"pvc-stats-icon large\" aria-hidden=\"true\"><svg aria-hidden=\"true\" focusable=\"false\" data-prefix=\"far\" data-icon=\"chart-bar\" role=\"img\" xmlns=\"http:\/\/www.w3.org\/2000\/svg\" viewBox=\"0 0 512 512\" class=\"svg-inline--fa fa-chart-bar fa-w-16 fa-2x\"><path fill=\"currentColor\" d=\"M396.8 352h22.4c6.4 0 12.8-6.4 12.8-12.8V108.8c0-6.4-6.4-12.8-12.8-12.8h-22.4c-6.4 0-12.8 6.4-12.8 12.8v230.4c0 6.4 6.4 12.8 12.8 12.8zm-192 0h22.4c6.4 0 12.8-6.4 12.8-12.8V140.8c0-6.4-6.4-12.8-12.8-12.8h-22.4c-6.4 0-12.8 6.4-12.8 12.8v198.4c0 6.4 6.4 12.8 12.8 12.8zm96 0h22.4c6.4 0 12.8-6.4 12.8-12.8V204.8c0-6.4-6.4-12.8-12.8-12.8h-22.4c-6.4 0-12.8 6.4-12.8 12.8v134.4c0 6.4 6.4 12.8 12.8 12.8zM496 400H48V80c0-8.84-7.16-16-16-16H16C7.16 64 0 71.16 0 80v336c0 17.67 14.33 32 32 32h464c8.84 0 16-7.16 16-16v-16c0-8.84-7.16-16-16-16zm-387.2-48h22.4c6.4 0 12.8-6.4 12.8-12.8v-70.4c0-6.4-6.4-12.8-12.8-12.8h-22.4c-6.4 0-12.8 6.4-12.8 12.8v70.4c0 6.4 6.4 12.8 12.8 12.8z\" class=\"\"><\/path><\/svg><\/i> <img loading=\"lazy\" decoding=\"async\" width=\"16\" height=\"16\" alt=\"Loading\" src=\"https:\/\/temucotelevision.cl\/web\/wp-content\/plugins\/page-views-count\/ajax-loader-2x.gif\" border=0 \/><\/p>\n<div class=\"pvc_clear\"><\/div>\n<p>La jornada tendr\u00e1 como invitados a Darkiel, Luigi 21 Plus, RKM &amp; Ken Y, La Joaqui y Noriel, adem\u00e1s de<\/p>\n","protected":false},"author":143,"featured_media":40591,"comment_status":"open","ping_status":"open","sticky":false,"template":"","format":"standard","meta":{"colormag_page_container_layout":"default_layout","colormag_page_sidebar_layout":"default_layout","footnotes":""},"categories":[369],"tags":[],"class_list":["post-40589","post","type-post","status-publish","format-standard","has-post-thumbnail","hentry","category-musica"],"a3_pvc":{"activated":true,"total_views":171,"today_views":0},"_links":{"self":[{"href":"https:\/\/temucotelevision.cl\/web\/wp-json\/wp\/v2\/posts\/40589","targetHints":{"allow":["GET"]}}],"collection":[{"href":"https:\/\/temucotelevision.cl\/web\/wp-json\/wp\/v2\/posts"}],"about":[{"href":"https:\/\/temucotelevision.cl\/web\/wp-json\/wp\/v2\/types\/post"}],"author":[{"embeddable":true,"href":"https:\/\/temucotelevision.cl\/web\/wp-json\/wp\/v2\/users\/143"}],"replies":[{"embeddable":true,"href":"https:\/\/temucotelevision.cl\/web\/wp-json\/wp\/v2\/comments?post=40589"}],"version-history":[{"count":1,"href":"https:\/\/temucotelevision.cl\/web\/wp-json\/wp\/v2\/posts\/40589\/revisions"}],"predecessor-version":[{"id":40592,"href":"https:\/\/temucotelevision.cl\/web\/wp-json\/wp\/v2\/posts\/40589\/revisions\/40592"}],"wp:featuredmedia":[{"embeddable":true,"href":"https:\/\/temucotelevision.cl\/web\/wp-json\/wp\/v2\/media\/40591"}],"wp:attachment":[{"href":"https:\/\/temucotelevision.cl\/web\/wp-json\/wp\/v2\/media?parent=40589"}],"wp:term":[{"taxonomy":"category","embeddable":true,"href":"https:\/\/temucotelevision.cl\/web\/wp-json\/wp\/v2\/categories?post=40589"},{"taxonomy":"post_tag","embeddable":true,"href":"https:\/\/temucotelevision.cl\/web\/wp-json\/wp\/v2\/tags?post=40589"}],"curies":[{"name":"wp","href":"https:\/\/api.w.org\/{rel}","templated":true}]}}