{"id":40585,"date":"2023-04-22T23:00:36","date_gmt":"2023-04-23T02:00:36","guid":{"rendered":"https:\/\/temucotelevision.cl\/web\/?p=40585"},"modified":"2023-04-22T23:04:16","modified_gmt":"2023-04-23T02:04:16","slug":"josjossi-la-nueva-promesa-del-genero-en-chile-lanza-tema-con-may-creizy","status":"publish","type":"post","link":"https:\/\/temucotelevision.cl\/web\/2023\/04\/22\/josjossi-la-nueva-promesa-del-genero-en-chile-lanza-tema-con-may-creizy\/","title":{"rendered":"Jossi, la nueva promesa del g\u00e9nero en Chile, lanza tema con May Creizy"},"content":{"rendered":"<div class=\"pvc_clear\"><\/div><p id=\"pvc_stats_40585\" class=\"pvc_stats total_only  \" data-element-id=\"40585\" style=\"\"><i class=\"pvc-stats-icon large\" aria-hidden=\"true\"><svg aria-hidden=\"true\" focusable=\"false\" data-prefix=\"far\" data-icon=\"chart-bar\" role=\"img\" xmlns=\"http:\/\/www.w3.org\/2000\/svg\" viewBox=\"0 0 512 512\" class=\"svg-inline--fa fa-chart-bar fa-w-16 fa-2x\"><path fill=\"currentColor\" d=\"M396.8 352h22.4c6.4 0 12.8-6.4 12.8-12.8V108.8c0-6.4-6.4-12.8-12.8-12.8h-22.4c-6.4 0-12.8 6.4-12.8 12.8v230.4c0 6.4 6.4 12.8 12.8 12.8zm-192 0h22.4c6.4 0 12.8-6.4 12.8-12.8V140.8c0-6.4-6.4-12.8-12.8-12.8h-22.4c-6.4 0-12.8 6.4-12.8 12.8v198.4c0 6.4 6.4 12.8 12.8 12.8zm96 0h22.4c6.4 0 12.8-6.4 12.8-12.8V204.8c0-6.4-6.4-12.8-12.8-12.8h-22.4c-6.4 0-12.8 6.4-12.8 12.8v134.4c0 6.4 6.4 12.8 12.8 12.8zM496 400H48V80c0-8.84-7.16-16-16-16H16C7.16 64 0 71.16 0 80v336c0 17.67 14.33 32 32 32h464c8.84 0 16-7.16 16-16v-16c0-8.84-7.16-16-16-16zm-387.2-48h22.4c6.4 0 12.8-6.4 12.8-12.8v-70.4c0-6.4-6.4-12.8-12.8-12.8h-22.4c-6.4 0-12.8 6.4-12.8 12.8v70.4c0 6.4 6.4 12.8 12.8 12.8z\" class=\"\"><\/path><\/svg><\/i> <img loading=\"lazy\" decoding=\"async\" width=\"16\" height=\"16\" alt=\"Loading\" src=\"https:\/\/temucotelevision.cl\/web\/wp-content\/plugins\/page-views-count\/ajax-loader-2x.gif\" border=0 \/><\/p><div class=\"pvc_clear\"><\/div>\n<p class=\"has-medium-font-size\"><strong>Las j\u00f3venes cantantes presentan el explosivo\u00a0<a rel=\"noreferrer noopener\" href=\"https:\/\/trackercl1.fidelizador.com\/L107FAB3EGE1FE4C24H10B44FJF1E54C3EE3K107FAB3E94027583DEFF82EA78&amp;t=5407\" target=\"_blank\">\u201cToma\u201d,<\/a>\u00a0single que naci\u00f3 para romperla en ambos pa\u00edses y el resto de Latinoam\u00e9rica.<\/strong><\/p>\n\n\n\n<p>Un nuevo \u00e9pico junte entre Chile y Argentina nace con\u00a0<strong>Jossi<\/strong>\u00a0y\u00a0<strong>May Creizy<\/strong>. Su canci\u00f3n \u201c<strong>Toma<\/strong>\u201d pretende arrasar y transformarse en uno de los hits de esta temporada. La cantante chilena, que es la \u00fanica mujer fichada por\u00a0<strong>Stars Music Chile<\/strong>, cuenta con gran proyecci\u00f3n en la escena y este nuevo trabajo representa su primera incursi\u00f3n internacional.<\/p>\n\n\n\n<p>Con el single \u201c<strong>Toma<\/strong>\u201d, Jossi comienza a traspasar fronteras, en esta oportunidad de la mano de <strong>May Creizy<\/strong>, artista que est\u00e1 dando mucho que hablar en el pa\u00eds vecino.<\/p>\n\n\n\n<p><strong>\u201cEsta canci\u00f3n habla sobre los momentos de diversi\u00f3n, y esas imborrables salidas con las amigas, pero tambi\u00e9n se refiere a la visi\u00f3n que debemos tener sobre nosotros mismos y del amor propio\u201d,<\/strong> expresa Jossi.<\/p>\n\n\n\n<p><strong>&#8220;Toma\u201d<\/strong>, estrenada en el canal de la argentina tambi\u00e9n conocida como \u2018La nena m\u00e1s mani\u00e1tica\u2019, fue grabada en Chile, mientras que su videoclip fue filmado en Argentina. \u00a0<\/p>\n\n\n\n<p>Desde su aparici\u00f3n en el movimiento urbano,&nbsp;<strong>Jossi<\/strong>&nbsp;destac\u00f3 por su en\u00e9rgico proyecto musical, que la tiene como una de las cantantes m\u00e1s promisorias del pa\u00eds. Gracias a su talento, es que fue reclutada por Stars Music Chile, sello discogr\u00e1fico de artistas como<strong>&nbsp;Cris MJ, Lucky Brown y Giuliano Yankees.<\/strong><\/p>\n\n\n\n<p>\u201c<strong>Love<\/strong>\u201d y su anterior lanzamiento \u201c<strong>Ibiza<\/strong>\u201d, es una muestra del talento de Jossi, cantante que sin duda est\u00e1 destinada a romperla no s\u00f3lo en Chile, sino que tambi\u00e9n a nivel internacional. \u00a0<\/p>\n\n\n\n<figure class=\"wp-block-embed is-type-video is-provider-youtube wp-block-embed-youtube wp-embed-aspect-16-9 wp-has-aspect-ratio\"><div class=\"wp-block-embed__wrapper\">\n<div class=\"epyt-video-wrapper\"><iframe loading=\"lazy\"  id=\"_ytid_56561\"  width=\"800\" height=\"450\"  data-origwidth=\"800\" data-origheight=\"450\" src=\"https:\/\/www.youtube.com\/embed\/D6b_L58XRs0?enablejsapi=1&#038;autoplay=0&#038;cc_load_policy=0&#038;cc_lang_pref=&#038;iv_load_policy=1&#038;loop=0&#038;rel=1&#038;fs=1&#038;playsinline=0&#038;autohide=2&#038;theme=dark&#038;color=red&#038;controls=1&#038;disablekb=0&#038;\" class=\"__youtube_prefs__  epyt-is-override  no-lazyload\" title=\"YouTube player\"  allow=\"fullscreen; accelerometer; autoplay; clipboard-write; encrypted-media; gyroscope; picture-in-picture; web-share\" referrerpolicy=\"strict-origin-when-cross-origin\" allowfullscreen data-no-lazy=\"1\" data-skipgform_ajax_framebjll=\"\"><\/iframe><\/div>\n<\/div><\/figure>\n","protected":false},"excerpt":{"rendered":"<div class=\"pvc_clear\"><\/div>\n<p id=\"pvc_stats_40585\" class=\"pvc_stats total_only  \" data-element-id=\"40585\" style=\"\"><i class=\"pvc-stats-icon large\" aria-hidden=\"true\"><svg aria-hidden=\"true\" focusable=\"false\" data-prefix=\"far\" data-icon=\"chart-bar\" role=\"img\" xmlns=\"http:\/\/www.w3.org\/2000\/svg\" viewBox=\"0 0 512 512\" class=\"svg-inline--fa fa-chart-bar fa-w-16 fa-2x\"><path fill=\"currentColor\" d=\"M396.8 352h22.4c6.4 0 12.8-6.4 12.8-12.8V108.8c0-6.4-6.4-12.8-12.8-12.8h-22.4c-6.4 0-12.8 6.4-12.8 12.8v230.4c0 6.4 6.4 12.8 12.8 12.8zm-192 0h22.4c6.4 0 12.8-6.4 12.8-12.8V140.8c0-6.4-6.4-12.8-12.8-12.8h-22.4c-6.4 0-12.8 6.4-12.8 12.8v198.4c0 6.4 6.4 12.8 12.8 12.8zm96 0h22.4c6.4 0 12.8-6.4 12.8-12.8V204.8c0-6.4-6.4-12.8-12.8-12.8h-22.4c-6.4 0-12.8 6.4-12.8 12.8v134.4c0 6.4 6.4 12.8 12.8 12.8zM496 400H48V80c0-8.84-7.16-16-16-16H16C7.16 64 0 71.16 0 80v336c0 17.67 14.33 32 32 32h464c8.84 0 16-7.16 16-16v-16c0-8.84-7.16-16-16-16zm-387.2-48h22.4c6.4 0 12.8-6.4 12.8-12.8v-70.4c0-6.4-6.4-12.8-12.8-12.8h-22.4c-6.4 0-12.8 6.4-12.8 12.8v70.4c0 6.4 6.4 12.8 12.8 12.8z\" class=\"\"><\/path><\/svg><\/i> <img loading=\"lazy\" decoding=\"async\" width=\"16\" height=\"16\" alt=\"Loading\" src=\"https:\/\/temucotelevision.cl\/web\/wp-content\/plugins\/page-views-count\/ajax-loader-2x.gif\" border=0 \/><\/p>\n<div class=\"pvc_clear\"><\/div>\n<p>Las j\u00f3venes cantantes presentan el explosivo\u00a0\u201cToma\u201d,\u00a0single que naci\u00f3 para romperla en ambos pa\u00edses y el resto de Latinoam\u00e9rica. Un nuevo<\/p>\n","protected":false},"author":143,"featured_media":40586,"comment_status":"open","ping_status":"open","sticky":false,"template":"","format":"standard","meta":{"colormag_page_container_layout":"default_layout","colormag_page_sidebar_layout":"default_layout","footnotes":""},"categories":[369],"tags":[],"class_list":["post-40585","post","type-post","status-publish","format-standard","has-post-thumbnail","hentry","category-musica"],"a3_pvc":{"activated":true,"total_views":101,"today_views":0},"_links":{"self":[{"href":"https:\/\/temucotelevision.cl\/web\/wp-json\/wp\/v2\/posts\/40585","targetHints":{"allow":["GET"]}}],"collection":[{"href":"https:\/\/temucotelevision.cl\/web\/wp-json\/wp\/v2\/posts"}],"about":[{"href":"https:\/\/temucotelevision.cl\/web\/wp-json\/wp\/v2\/types\/post"}],"author":[{"embeddable":true,"href":"https:\/\/temucotelevision.cl\/web\/wp-json\/wp\/v2\/users\/143"}],"replies":[{"embeddable":true,"href":"https:\/\/temucotelevision.cl\/web\/wp-json\/wp\/v2\/comments?post=40585"}],"version-history":[{"count":2,"href":"https:\/\/temucotelevision.cl\/web\/wp-json\/wp\/v2\/posts\/40585\/revisions"}],"predecessor-version":[{"id":40588,"href":"https:\/\/temucotelevision.cl\/web\/wp-json\/wp\/v2\/posts\/40585\/revisions\/40588"}],"wp:featuredmedia":[{"embeddable":true,"href":"https:\/\/temucotelevision.cl\/web\/wp-json\/wp\/v2\/media\/40586"}],"wp:attachment":[{"href":"https:\/\/temucotelevision.cl\/web\/wp-json\/wp\/v2\/media?parent=40585"}],"wp:term":[{"taxonomy":"category","embeddable":true,"href":"https:\/\/temucotelevision.cl\/web\/wp-json\/wp\/v2\/categories?post=40585"},{"taxonomy":"post_tag","embeddable":true,"href":"https:\/\/temucotelevision.cl\/web\/wp-json\/wp\/v2\/tags?post=40585"}],"curies":[{"name":"wp","href":"https:\/\/api.w.org\/{rel}","templated":true}]}}