{"id":40573,"date":"2023-04-22T15:38:38","date_gmt":"2023-04-22T18:38:38","guid":{"rendered":"https:\/\/temucotelevision.cl\/web\/?p=40573"},"modified":"2023-04-22T15:39:55","modified_gmt":"2023-04-22T18:39:55","slug":"municipio-celebro-el-dia-de-la-cocina-chilena-con-la-incorporacion-del-plato-tipico-de-temuco-en-12-restaurantes-de-la-ciudad","status":"publish","type":"post","link":"https:\/\/temucotelevision.cl\/web\/2023\/04\/22\/municipio-celebro-el-dia-de-la-cocina-chilena-con-la-incorporacion-del-plato-tipico-de-temuco-en-12-restaurantes-de-la-ciudad\/","title":{"rendered":"Municipio celebr\u00f3 el D\u00eda de la Cocina Chilena con la incorporaci\u00f3n del plato t\u00edpico de Temuco en 12 restaurantes de la ciudad"},"content":{"rendered":"<div class=\"pvc_clear\"><\/div><p id=\"pvc_stats_40573\" class=\"pvc_stats total_only  \" data-element-id=\"40573\" style=\"\"><i class=\"pvc-stats-icon large\" aria-hidden=\"true\"><svg aria-hidden=\"true\" focusable=\"false\" data-prefix=\"far\" data-icon=\"chart-bar\" role=\"img\" xmlns=\"http:\/\/www.w3.org\/2000\/svg\" viewBox=\"0 0 512 512\" class=\"svg-inline--fa fa-chart-bar fa-w-16 fa-2x\"><path fill=\"currentColor\" d=\"M396.8 352h22.4c6.4 0 12.8-6.4 12.8-12.8V108.8c0-6.4-6.4-12.8-12.8-12.8h-22.4c-6.4 0-12.8 6.4-12.8 12.8v230.4c0 6.4 6.4 12.8 12.8 12.8zm-192 0h22.4c6.4 0 12.8-6.4 12.8-12.8V140.8c0-6.4-6.4-12.8-12.8-12.8h-22.4c-6.4 0-12.8 6.4-12.8 12.8v198.4c0 6.4 6.4 12.8 12.8 12.8zm96 0h22.4c6.4 0 12.8-6.4 12.8-12.8V204.8c0-6.4-6.4-12.8-12.8-12.8h-22.4c-6.4 0-12.8 6.4-12.8 12.8v134.4c0 6.4 6.4 12.8 12.8 12.8zM496 400H48V80c0-8.84-7.16-16-16-16H16C7.16 64 0 71.16 0 80v336c0 17.67 14.33 32 32 32h464c8.84 0 16-7.16 16-16v-16c0-8.84-7.16-16-16-16zm-387.2-48h22.4c6.4 0 12.8-6.4 12.8-12.8v-70.4c0-6.4-6.4-12.8-12.8-12.8h-22.4c-6.4 0-12.8 6.4-12.8 12.8v70.4c0 6.4 6.4 12.8 12.8 12.8z\" class=\"\"><\/path><\/svg><\/i> <img loading=\"lazy\" decoding=\"async\" width=\"16\" height=\"16\" alt=\"Loading\" src=\"https:\/\/temucotelevision.cl\/web\/wp-content\/plugins\/page-views-count\/ajax-loader-2x.gif\" border=0 \/><\/p><div class=\"pvc_clear\"><\/div>\n<p>Como es tradici\u00f3n, la municipalidad de Temuco, a trav\u00e9s de su Direcci\u00f3n de Turismo, Patrimonio y Cultura, celebr\u00f3 el D\u00eda de la Cocina Chilena incorporando el \u201cChanchito araucano\u201d, plato t\u00edpico de la ciudad, en la carta de 12 restaurantes de la comuna, la mayor\u00eda de ellos pertenecientes al barrio gastron\u00f3mico \u00d1ielol.&nbsp;<\/p>\n\n\n\n<p>En una carpa montada para la ocasi\u00f3n, a los pies del cerro \u00d1ielol, se entregaron los sellos que indican d\u00f3nde se comercializar\u00e1 este plato t\u00edpico, preparaci\u00f3n que fue escogida a trav\u00e9s de una votaci\u00f3n ciudadana el pasado mes de noviembre y que ahora ser\u00e1 comercializada en distintos locales gastron\u00f3micos.&nbsp;<\/p>\n\n\n\n<p>El objetivo de la iniciativa, que surgi\u00f3 exactamente hace un a\u00f1o atr\u00e1s gracias al trabajo colaborativo de distintas instituciones vinculadas a la materia, busca posicionar al \u201cChanchito araucano\u201d como preparaci\u00f3n culinaria de Temuco y ampliar su oferta a todo el rubro gastron\u00f3mico de la ciudad.<\/p>\n\n\n\n<p>El alcalde de Temuco, Roberto Neira, fue quien hizo entrega de los sellos a los representantes de los 12 restaurantes que llegaron a la ceremonia, que son: Caupolic\u00e1n, La Gruta, La Parra del \u00d1ielol, Las Mu\u00f1ecas del \u00d1ielol, El Quincho, Mar\u00eda Elena, Zuni Tradiciones, Restaurant &amp; Centro de eventos Cumbres Araucan\u00eda, La Pica de la T\u00eda Paty, Mami Mar\u00eda, Mil\u00fa y restaurant In.<\/p>\n\n\n\n<p>En la ocasi\u00f3n, el jefe comunal dijo que \u201cestamos muy contentos porque ya hay m\u00e1s locales que se suman a esta ruta gastron\u00f3mica y que van a ofrecer el \u201cChanchito Araucano\u201d, haciendo que tur\u00edsticamente esto sea una iniciativa muy importante que se podr\u00e1 recomendar a los turistas que nos visiten. Este plato es muy importante porque tiene muchos ingredientes que son de la zona y adem\u00e1s tambi\u00e9n Temuco tiene que potenciarse tur\u00edsticamente, ya que venimos saliendo de una pandemia y este rubro se vio muy afectado\u201d, destac\u00f3 Neira.&nbsp;<\/p>\n\n\n\n<p>Por su parte, Angelina Rivera, del restaurant&nbsp;Las Mu\u00f1ecas del \u00d1ielol, expres\u00f3 que \u201cestamos muy contentos porque este plato hace un a\u00f1o que se est\u00e1 tratando de implementar y por fin fue posible gracias al municipio, as\u00ed que estamos muy felices de incorporar este plato en nuestros restaurantes, as\u00ed que esperamos que a todos los guste. Este plato representa nuestra identidad, tiene productos de nuestra regi\u00f3n, por lo tanto, s\u00ed representa la identidad de los temuquenses\u201d.&nbsp;<\/p>\n\n\n\n<p><strong>\u201cChanchito araucano\u201d<\/strong><\/p>\n\n\n\n<p>El plato fue presentado por el Restaurant In y se trata de una preparaci\u00f3n t\u00edpica de la gastronom\u00eda del sur de Chile. Sus ingredientes son el lomo ahumado de chanchito de la zona relleno de manzanas y avellanas tostadas, acompa\u00f1ado de guiso de trigo mote y papas nativas. El \u201cChanchito araucano\u201d fue creado en conjunto por los chefs de cocina Marcos Cuevas, Hern\u00e1n Lienlaf y el chef ejecutivo y concesionario del Restaurante In, Nicol\u00e1s Orrego.<\/p>\n\n\n\n<p>Importante es se\u00f1alar que esta iniciativa fue posible gracias a la conformaci\u00f3n de una mesa de trabajo constituida por diversas instituciones del \u00e1rea educativa, gastron\u00f3mica y tur\u00edstica, donde se encuentran: Agra, Inacap, CFT Santo Tom\u00e1s, Instituto Superior de Especialidades T\u00e9cnicas, Hotelga, Liceo Industrial, C\u00e1mara de Comercio Detallista, C\u00e1mara de Comercio, Servicios y Turismo, Liceo T\u00e9cnico Santa Cruz \u00d1ielol, Barrio Gastron\u00f3mico \u00d1ielol, Mercado Modelo y Feria Pinto, adem\u00e1s de la Direcci\u00f3n de Turismo, Patrimonio y Cultura que sac\u00f3 adelante la propuesta.&nbsp;<\/p>\n\n\n\n<p>Finalmente, destacar que los restaurantes que deseen incluir esta preparaci\u00f3n en su carta, pueden enviar un correo a&nbsp;<a>destinotemuco@temuco.cl<\/a>&nbsp;o llamar al 45 2973 116 para comunicarse con la Direcci\u00f3n de Turismo, Patrimonio y Cultura y coordinar todos los detalles de la iniciativa.&nbsp;<\/p>\n\n\n\n<figure class=\"wp-block-image size-full\"><img loading=\"lazy\" decoding=\"async\" width=\"800\" height=\"455\" src=\"https:\/\/temucotelevision.cl\/web\/wp-content\/uploads\/2023\/04\/Cocina2.jpg\" alt=\"\" class=\"wp-image-40576\" srcset=\"https:\/\/temucotelevision.cl\/web\/wp-content\/uploads\/2023\/04\/Cocina2.jpg 800w, https:\/\/temucotelevision.cl\/web\/wp-content\/uploads\/2023\/04\/Cocina2-768x437.jpg 768w\" sizes=\"auto, (max-width: 800px) 100vw, 800px\" \/><\/figure>\n","protected":false},"excerpt":{"rendered":"<div class=\"pvc_clear\"><\/div>\n<p id=\"pvc_stats_40573\" class=\"pvc_stats total_only  \" data-element-id=\"40573\" style=\"\"><i class=\"pvc-stats-icon large\" aria-hidden=\"true\"><svg aria-hidden=\"true\" focusable=\"false\" data-prefix=\"far\" data-icon=\"chart-bar\" role=\"img\" xmlns=\"http:\/\/www.w3.org\/2000\/svg\" viewBox=\"0 0 512 512\" class=\"svg-inline--fa fa-chart-bar fa-w-16 fa-2x\"><path fill=\"currentColor\" d=\"M396.8 352h22.4c6.4 0 12.8-6.4 12.8-12.8V108.8c0-6.4-6.4-12.8-12.8-12.8h-22.4c-6.4 0-12.8 6.4-12.8 12.8v230.4c0 6.4 6.4 12.8 12.8 12.8zm-192 0h22.4c6.4 0 12.8-6.4 12.8-12.8V140.8c0-6.4-6.4-12.8-12.8-12.8h-22.4c-6.4 0-12.8 6.4-12.8 12.8v198.4c0 6.4 6.4 12.8 12.8 12.8zm96 0h22.4c6.4 0 12.8-6.4 12.8-12.8V204.8c0-6.4-6.4-12.8-12.8-12.8h-22.4c-6.4 0-12.8 6.4-12.8 12.8v134.4c0 6.4 6.4 12.8 12.8 12.8zM496 400H48V80c0-8.84-7.16-16-16-16H16C7.16 64 0 71.16 0 80v336c0 17.67 14.33 32 32 32h464c8.84 0 16-7.16 16-16v-16c0-8.84-7.16-16-16-16zm-387.2-48h22.4c6.4 0 12.8-6.4 12.8-12.8v-70.4c0-6.4-6.4-12.8-12.8-12.8h-22.4c-6.4 0-12.8 6.4-12.8 12.8v70.4c0 6.4 6.4 12.8 12.8 12.8z\" class=\"\"><\/path><\/svg><\/i> <img loading=\"lazy\" decoding=\"async\" width=\"16\" height=\"16\" alt=\"Loading\" src=\"https:\/\/temucotelevision.cl\/web\/wp-content\/plugins\/page-views-count\/ajax-loader-2x.gif\" border=0 \/><\/p>\n<div class=\"pvc_clear\"><\/div>\n<p>Como es tradici\u00f3n, la municipalidad de Temuco, a trav\u00e9s de su Direcci\u00f3n de Turismo, Patrimonio y Cultura, celebr\u00f3 el D\u00eda<\/p>\n","protected":false},"author":1,"featured_media":40574,"comment_status":"open","ping_status":"open","sticky":false,"template":"","format":"standard","meta":{"colormag_page_container_layout":"default_layout","colormag_page_sidebar_layout":"default_layout","footnotes":""},"categories":[15],"tags":[1379,5979,1377,6384],"class_list":["post-40573","post","type-post","status-publish","format-standard","has-post-thumbnail","hentry","category-la-araucania","tag-cocina","tag-plato","tag-restaurantes","tag-tipico"],"a3_pvc":{"activated":true,"total_views":90,"today_views":1},"_links":{"self":[{"href":"https:\/\/temucotelevision.cl\/web\/wp-json\/wp\/v2\/posts\/40573","targetHints":{"allow":["GET"]}}],"collection":[{"href":"https:\/\/temucotelevision.cl\/web\/wp-json\/wp\/v2\/posts"}],"about":[{"href":"https:\/\/temucotelevision.cl\/web\/wp-json\/wp\/v2\/types\/post"}],"author":[{"embeddable":true,"href":"https:\/\/temucotelevision.cl\/web\/wp-json\/wp\/v2\/users\/1"}],"replies":[{"embeddable":true,"href":"https:\/\/temucotelevision.cl\/web\/wp-json\/wp\/v2\/comments?post=40573"}],"version-history":[{"count":2,"href":"https:\/\/temucotelevision.cl\/web\/wp-json\/wp\/v2\/posts\/40573\/revisions"}],"predecessor-version":[{"id":40577,"href":"https:\/\/temucotelevision.cl\/web\/wp-json\/wp\/v2\/posts\/40573\/revisions\/40577"}],"wp:featuredmedia":[{"embeddable":true,"href":"https:\/\/temucotelevision.cl\/web\/wp-json\/wp\/v2\/media\/40574"}],"wp:attachment":[{"href":"https:\/\/temucotelevision.cl\/web\/wp-json\/wp\/v2\/media?parent=40573"}],"wp:term":[{"taxonomy":"category","embeddable":true,"href":"https:\/\/temucotelevision.cl\/web\/wp-json\/wp\/v2\/categories?post=40573"},{"taxonomy":"post_tag","embeddable":true,"href":"https:\/\/temucotelevision.cl\/web\/wp-json\/wp\/v2\/tags?post=40573"}],"curies":[{"name":"wp","href":"https:\/\/api.w.org\/{rel}","templated":true}]}}