{"id":40570,"date":"2023-04-22T15:34:31","date_gmt":"2023-04-22T18:34:31","guid":{"rendered":"https:\/\/temucotelevision.cl\/web\/?p=40570"},"modified":"2023-04-22T15:34:33","modified_gmt":"2023-04-22T18:34:33","slug":"diputado-becker-por-cuadernos-con-contenido-sexista-el-gobierno-insiste-en-vulnerar-la-educacion-que-los-padres-quieren-ser-a-sus-hijos","status":"publish","type":"post","link":"https:\/\/temucotelevision.cl\/web\/2023\/04\/22\/diputado-becker-por-cuadernos-con-contenido-sexista-el-gobierno-insiste-en-vulnerar-la-educacion-que-los-padres-quieren-ser-a-sus-hijos\/","title":{"rendered":"Diputado Becker por cuadernos con contenido sexista: &#8220;El gobierno insiste en vulnerar la educaci\u00f3n que los padres quieren ser a sus hijos&#8221;"},"content":{"rendered":"<div class=\"pvc_clear\"><\/div><p id=\"pvc_stats_40570\" class=\"pvc_stats total_only  \" data-element-id=\"40570\" style=\"\"><i class=\"pvc-stats-icon large\" aria-hidden=\"true\"><svg aria-hidden=\"true\" focusable=\"false\" data-prefix=\"far\" data-icon=\"chart-bar\" role=\"img\" xmlns=\"http:\/\/www.w3.org\/2000\/svg\" viewBox=\"0 0 512 512\" class=\"svg-inline--fa fa-chart-bar fa-w-16 fa-2x\"><path fill=\"currentColor\" d=\"M396.8 352h22.4c6.4 0 12.8-6.4 12.8-12.8V108.8c0-6.4-6.4-12.8-12.8-12.8h-22.4c-6.4 0-12.8 6.4-12.8 12.8v230.4c0 6.4 6.4 12.8 12.8 12.8zm-192 0h22.4c6.4 0 12.8-6.4 12.8-12.8V140.8c0-6.4-6.4-12.8-12.8-12.8h-22.4c-6.4 0-12.8 6.4-12.8 12.8v198.4c0 6.4 6.4 12.8 12.8 12.8zm96 0h22.4c6.4 0 12.8-6.4 12.8-12.8V204.8c0-6.4-6.4-12.8-12.8-12.8h-22.4c-6.4 0-12.8 6.4-12.8 12.8v134.4c0 6.4 6.4 12.8 12.8 12.8zM496 400H48V80c0-8.84-7.16-16-16-16H16C7.16 64 0 71.16 0 80v336c0 17.67 14.33 32 32 32h464c8.84 0 16-7.16 16-16v-16c0-8.84-7.16-16-16-16zm-387.2-48h22.4c6.4 0 12.8-6.4 12.8-12.8v-70.4c0-6.4-6.4-12.8-12.8-12.8h-22.4c-6.4 0-12.8 6.4-12.8 12.8v70.4c0 6.4 6.4 12.8 12.8 12.8z\" class=\"\"><\/path><\/svg><\/i> <img loading=\"lazy\" decoding=\"async\" width=\"16\" height=\"16\" alt=\"Loading\" src=\"https:\/\/temucotelevision.cl\/web\/wp-content\/plugins\/page-views-count\/ajax-loader-2x.gif\" border=0 \/><\/p><div class=\"pvc_clear\"><\/div>\n<p><em>Parlamentario record\u00f3 que este tipo de pr\u00e1cticas ya fue rechazada cuando se intent\u00f3 incorporar \u201cen el mamarracho de Constituci\u00f3n del a\u00f1o pasado\u201d y pidi\u00f3 un pronunciamiento de la Contralor\u00eda por cuadernos entregados por Junaeb&nbsp;<\/em><\/p>\n\n\n\n<p>&nbsp;&nbsp;&nbsp;&nbsp;&nbsp;&nbsp;&nbsp;&nbsp;&nbsp;&nbsp;&nbsp;&nbsp;&nbsp;&nbsp;&nbsp;&nbsp;&nbsp;&nbsp;Los diputados de Renovaci\u00f3n Nacional, Eduardo Dur\u00e1n, Marcia Raphael, Hugo Rey, adem\u00e1s del parlamentario por La Araucan\u00eda Miguel Becker, enviaron un requerimiento a la Contralor\u00eda General de la Rep\u00fablica para que el organismo emita un pronunciamiento por la compra de \u00fatiles escolares a nivel nacional por parte de la Junta Nacional de Auxilio Escolar y Becas (JUNAEB).<\/p>\n\n\n\n<p>En particular, los parlamentarios cuestionan que se est\u00e9n utilizando recursos de todos los chilenos para la compra de \u00fatiles escolares que incluyen impresos de contenido sobre la diversidad sexual, los que est\u00e1n siendo distribuido a los menores de edad.<\/p>\n\n\n\n<p>Al respecto, el diputado Miguel Becker detall\u00f3 que \u201cse trata de m\u00e1s de 17 mil 500 millones de pesos los que el Gobierno ha usado para introducir en ni\u00f1os y ni\u00f1as de todo el pa\u00eds su doctrina acerca de la diversidad sexual, o lo que ellos creen que debe ense\u00f1arse a menores de edad cuya personalidad est\u00e1 en plena formaci\u00f3n\u201d.<\/p>\n\n\n\n<p>Los diputados enfatizaron que ley es clara al se\u00f1alar que \u201clos Ministerios, las Intendencias, las Gobernaciones y los \u00f3rganos y servicios p\u00fablicos que integran la administraci\u00f3n del Estado, no podr\u00e1n incurrir en otros gastos por concepto de publicidad y difusi\u00f3n que los necesarios para el cumplimiento de sus funciones y en aquellos que tengan por objeto informar a los usuarios sobre la forma de acceder a las prestaciones que otorgan\u201d,&nbsp;<\/p>\n\n\n\n<p>En ese contexto, los legisladores afirmaron que la JUNAEB, por definici\u00f3n, es un organismo aut\u00f3nomo del Estado y su finalidad es la de \u201cAcompa\u00f1ar a los estudiantes en condici\u00f3n de desventaja social, econ\u00f3mica, psicol\u00f3gica y\/o biol\u00f3gica, para contribuir a la igualdad de oportunidades dentro del sistema educacional a trav\u00e9s de la entrega oportuna de bienes y servicios\u201d, entre los cuales se lleva a cabo el \u201cPrograma de \u00datiles Escolares (PUE)\u201d que tiene como prop\u00f3sito contribuir a la permanencia de los estudiantes en el sistema educacional, \u201cdisminuyendo los gastos por concepto de compra de \u00fatiles escolares en que debe incurrir el grupo familiar.\u201d<\/p>\n\n\n\n<p>Sin embargo, a\u00f1adieron, han sido los mismos padres y apoderados quienes se han manifestado en redes sociales en contra el dise\u00f1o de los cuadernos entregados -previa aprobaci\u00f3n del Ministerio de Educaci\u00f3n- por la empresa Torre. Dichos cuadernos hacen clara alusi\u00f3n a un instructivo relacionado con lograr una transformaci\u00f3n cultural en materia de \u201cEducaci\u00f3n No Sexista\u201d.&nbsp;<\/p>\n\n\n\n<p>Miguel Becker enfatiz\u00f3 que \u201cnadie puede estar en contra de la entrega de \u00fatiles escolares a familias vulnerables de nuestro pa\u00eds. Pero lo que hace nuevamente el Gobierno es intentar introducir a la fuerza su ideolog\u00eda de g\u00e9nero en miles de hogares. Y lo que es m\u00e1s abusivo, en miles de ni\u00f1as y ni\u00f1os, a quienes, aprovechando que no tienen m\u00e1s opci\u00f3n que recibir estos \u00fatiles, se les incorpora dise\u00f1os tendenciosos, en desmedro de otros tem\u00e1s m\u00e1s importantes para su formaci\u00f3n, como la alimentaci\u00f3n equilibrada o la vida sana\u201d.&nbsp;<\/p>\n\n\n\n<p>El diputado por La Araucan\u00eda sostuvo que \u201cesto vulnera el derecho preferente que tiene los padres y apoderados para elegir y decidir qu\u00e9 educaci\u00f3n quieren para sus hijos y el Gobierno usa recursos p\u00fablicos para instaurar la educaci\u00f3n ideologizada que la ciudadan\u00eda rechaz\u00f3 en el&nbsp;<em>mamarracho<\/em>&nbsp;que intentaron poner como Constituci\u00f3n, el a\u00f1o pasado\u201d.<\/p>\n\n\n\n<p>Los legisladores pidieron \u201ctener un pronunciamiento por parte del Ente Contralor respecto al inserto de este tipo de informaci\u00f3n, que si bien, se encuentra dentro de los lineamientos del Programa Seamos Comunidad en lo que dice relaci\u00f3n al apartado de Educaci\u00f3n No Sexista, resulta cuestionable que se utilicen recursos p\u00fablicos para la difusi\u00f3n de aquello\u201d y, m\u00e1s a\u00fan, que \u201csea utilizada como medio propagand\u00edstico de una educaci\u00f3n ideologizada\u201d, tal como se si tratara de un inserto pol\u00edtico, olvidando la incorporaci\u00f3n de informaci\u00f3n de real importancia, como la alimentaci\u00f3n equilibrada, la importancia de los habitos saludables, entre otros, que se supon\u00edan incorporados en los mismos cuadernos.<\/p>\n","protected":false},"excerpt":{"rendered":"<div class=\"pvc_clear\"><\/div>\n<p id=\"pvc_stats_40570\" class=\"pvc_stats total_only  \" data-element-id=\"40570\" style=\"\"><i class=\"pvc-stats-icon large\" aria-hidden=\"true\"><svg aria-hidden=\"true\" focusable=\"false\" data-prefix=\"far\" data-icon=\"chart-bar\" role=\"img\" xmlns=\"http:\/\/www.w3.org\/2000\/svg\" viewBox=\"0 0 512 512\" class=\"svg-inline--fa fa-chart-bar fa-w-16 fa-2x\"><path fill=\"currentColor\" d=\"M396.8 352h22.4c6.4 0 12.8-6.4 12.8-12.8V108.8c0-6.4-6.4-12.8-12.8-12.8h-22.4c-6.4 0-12.8 6.4-12.8 12.8v230.4c0 6.4 6.4 12.8 12.8 12.8zm-192 0h22.4c6.4 0 12.8-6.4 12.8-12.8V140.8c0-6.4-6.4-12.8-12.8-12.8h-22.4c-6.4 0-12.8 6.4-12.8 12.8v198.4c0 6.4 6.4 12.8 12.8 12.8zm96 0h22.4c6.4 0 12.8-6.4 12.8-12.8V204.8c0-6.4-6.4-12.8-12.8-12.8h-22.4c-6.4 0-12.8 6.4-12.8 12.8v134.4c0 6.4 6.4 12.8 12.8 12.8zM496 400H48V80c0-8.84-7.16-16-16-16H16C7.16 64 0 71.16 0 80v336c0 17.67 14.33 32 32 32h464c8.84 0 16-7.16 16-16v-16c0-8.84-7.16-16-16-16zm-387.2-48h22.4c6.4 0 12.8-6.4 12.8-12.8v-70.4c0-6.4-6.4-12.8-12.8-12.8h-22.4c-6.4 0-12.8 6.4-12.8 12.8v70.4c0 6.4 6.4 12.8 12.8 12.8z\" class=\"\"><\/path><\/svg><\/i> <img loading=\"lazy\" decoding=\"async\" width=\"16\" height=\"16\" alt=\"Loading\" src=\"https:\/\/temucotelevision.cl\/web\/wp-content\/plugins\/page-views-count\/ajax-loader-2x.gif\" border=0 \/><\/p>\n<div class=\"pvc_clear\"><\/div>\n<p>Parlamentario record\u00f3 que este tipo de pr\u00e1cticas ya fue rechazada cuando se intent\u00f3 incorporar \u201cen el mamarracho de Constituci\u00f3n del<\/p>\n","protected":false},"author":1,"featured_media":40571,"comment_status":"open","ping_status":"open","sticky":false,"template":"","format":"standard","meta":{"colormag_page_container_layout":"default_layout","colormag_page_sidebar_layout":"default_layout","footnotes":""},"categories":[84],"tags":[467,154,148,206],"class_list":["post-40570","post","type-post","status-publish","format-standard","has-post-thumbnail","hentry","category-politica","tag-becker","tag-diputado","tag-educacion","tag-gobierno"],"a3_pvc":{"activated":true,"total_views":88,"today_views":0},"_links":{"self":[{"href":"https:\/\/temucotelevision.cl\/web\/wp-json\/wp\/v2\/posts\/40570","targetHints":{"allow":["GET"]}}],"collection":[{"href":"https:\/\/temucotelevision.cl\/web\/wp-json\/wp\/v2\/posts"}],"about":[{"href":"https:\/\/temucotelevision.cl\/web\/wp-json\/wp\/v2\/types\/post"}],"author":[{"embeddable":true,"href":"https:\/\/temucotelevision.cl\/web\/wp-json\/wp\/v2\/users\/1"}],"replies":[{"embeddable":true,"href":"https:\/\/temucotelevision.cl\/web\/wp-json\/wp\/v2\/comments?post=40570"}],"version-history":[{"count":1,"href":"https:\/\/temucotelevision.cl\/web\/wp-json\/wp\/v2\/posts\/40570\/revisions"}],"predecessor-version":[{"id":40572,"href":"https:\/\/temucotelevision.cl\/web\/wp-json\/wp\/v2\/posts\/40570\/revisions\/40572"}],"wp:featuredmedia":[{"embeddable":true,"href":"https:\/\/temucotelevision.cl\/web\/wp-json\/wp\/v2\/media\/40571"}],"wp:attachment":[{"href":"https:\/\/temucotelevision.cl\/web\/wp-json\/wp\/v2\/media?parent=40570"}],"wp:term":[{"taxonomy":"category","embeddable":true,"href":"https:\/\/temucotelevision.cl\/web\/wp-json\/wp\/v2\/categories?post=40570"},{"taxonomy":"post_tag","embeddable":true,"href":"https:\/\/temucotelevision.cl\/web\/wp-json\/wp\/v2\/tags?post=40570"}],"curies":[{"name":"wp","href":"https:\/\/api.w.org\/{rel}","templated":true}]}}