{"id":40549,"date":"2023-04-21T22:40:58","date_gmt":"2023-04-22T01:40:58","guid":{"rendered":"https:\/\/temucotelevision.cl\/web\/?p=40549"},"modified":"2023-04-21T22:41:00","modified_gmt":"2023-04-22T01:41:00","slug":"la-delincuencia-absorbe-el-debate-constitucional-en-redes-sociales","status":"publish","type":"post","link":"https:\/\/temucotelevision.cl\/web\/2023\/04\/21\/la-delincuencia-absorbe-el-debate-constitucional-en-redes-sociales\/","title":{"rendered":"La delincuencia absorbe el debate constitucional en redes sociales"},"content":{"rendered":"<div class=\"pvc_clear\"><\/div><p id=\"pvc_stats_40549\" class=\"pvc_stats total_only  \" data-element-id=\"40549\" style=\"\"><i class=\"pvc-stats-icon large\" aria-hidden=\"true\"><svg aria-hidden=\"true\" focusable=\"false\" data-prefix=\"far\" data-icon=\"chart-bar\" role=\"img\" xmlns=\"http:\/\/www.w3.org\/2000\/svg\" viewBox=\"0 0 512 512\" class=\"svg-inline--fa fa-chart-bar fa-w-16 fa-2x\"><path fill=\"currentColor\" d=\"M396.8 352h22.4c6.4 0 12.8-6.4 12.8-12.8V108.8c0-6.4-6.4-12.8-12.8-12.8h-22.4c-6.4 0-12.8 6.4-12.8 12.8v230.4c0 6.4 6.4 12.8 12.8 12.8zm-192 0h22.4c6.4 0 12.8-6.4 12.8-12.8V140.8c0-6.4-6.4-12.8-12.8-12.8h-22.4c-6.4 0-12.8 6.4-12.8 12.8v198.4c0 6.4 6.4 12.8 12.8 12.8zm96 0h22.4c6.4 0 12.8-6.4 12.8-12.8V204.8c0-6.4-6.4-12.8-12.8-12.8h-22.4c-6.4 0-12.8 6.4-12.8 12.8v134.4c0 6.4 6.4 12.8 12.8 12.8zM496 400H48V80c0-8.84-7.16-16-16-16H16C7.16 64 0 71.16 0 80v336c0 17.67 14.33 32 32 32h464c8.84 0 16-7.16 16-16v-16c0-8.84-7.16-16-16-16zm-387.2-48h22.4c6.4 0 12.8-6.4 12.8-12.8v-70.4c0-6.4-6.4-12.8-12.8-12.8h-22.4c-6.4 0-12.8 6.4-12.8 12.8v70.4c0 6.4 6.4 12.8 12.8 12.8z\" class=\"\"><\/path><\/svg><\/i> <img loading=\"lazy\" decoding=\"async\" width=\"16\" height=\"16\" alt=\"Loading\" src=\"https:\/\/temucotelevision.cl\/web\/wp-content\/plugins\/page-views-count\/ajax-loader-2x.gif\" border=0 \/><\/p><div class=\"pvc_clear\"><\/div>\n<ul class=\"wp-block-list\"><li><strong>Entre el 1 y el 19 de abril, el 39% de las conversaciones en redes sociales en torno al proceso tuvo como foco la delincuencia, la inseguridad y el narcotr\u00e1fico.<\/strong><\/li><\/ul>\n\n\n\n<p>Seg\u00fan el&nbsp;<em>Social Listening<\/em>&nbsp;realizado por las consultoras Im\u00e1n y Orishinal, la conversaci\u00f3n en las redes sobre el proceso constituyente est\u00e1 fuertemente absorbido por la agenda de delincuencia. De hecho, el 39% del total de interacciones se produce en torno a ese tema, la inseguridad y el narcotr\u00e1fico. En tanto, un 24% se concentra en tem\u00e1ticas ligadas a la desigualdad y un 13%, se refiere a asuntos de \u00edndole econ\u00f3mico. Mucho m\u00e1s abajo aparecen temas vinculados con el sistema pol\u00edtico, otros derechos sociales, feminismo, medioambiente y pueblos originarios.&nbsp;<\/p>\n\n\n\n<figure class=\"wp-block-image size-full\"><img loading=\"lazy\" decoding=\"async\" width=\"668\" height=\"441\" src=\"https:\/\/temucotelevision.cl\/web\/wp-content\/uploads\/2023\/04\/1.png\" alt=\"\" class=\"wp-image-40550\"\/><\/figure>\n\n\n\n<p>Seg\u00fan explica Jos\u00e9 Miguel Izquierdo, cientista pol\u00edtico y socio director de Im\u00e1n Comunicaci\u00f3n, \u201cla inseguridad se ha tomado la agenda a nivel pa\u00eds. No es extra\u00f1o que los usuarios, incluso cuando discuten acerca del proceso constituyente, la tengan como el principal tema de conversaci\u00f3n. Es muy probable que, en alguna medida, permee la campa\u00f1a y determine el debate institucional\u201d.<\/p>\n\n\n\n<p>\u201cDe todos modos \u2014se\u00f1ala Pablo San Mart\u00edn, analista pol\u00edtico de Im\u00e1n\u2014 la desigualdad sigue siendo un tema muy presente. Los efectos del estallido y de la pandemia, sobre todo en materia educacional, hacen imposible dejarlo de lado. Va a ser uno de los temas calientes en la discusi\u00f3n constitucional y debiese aparecer m\u00e1s, a medida que avance el proceso\u201d.&nbsp;<\/p>\n\n\n\n<p>El \u00edndice de conversaci\u00f3n que midi\u00f3 el estudio arroj\u00f3 un&nbsp;<em>peak<\/em>&nbsp;de 3.387 conversaciones en torno al proceso constituyente el 8 de abril, d\u00eda posterior al inicio de la franja electoral. El 19 de abril dicho \u00edndice, con base 100 en el d\u00eda con m\u00e1s conversaciones, es decir, el 8 de abril, se encontraba en un 73%.&nbsp;<\/p>\n\n\n\n<figure class=\"wp-block-image size-full\"><img loading=\"lazy\" decoding=\"async\" width=\"711\" height=\"500\" src=\"https:\/\/temucotelevision.cl\/web\/wp-content\/uploads\/2023\/04\/2.png\" alt=\"\" class=\"wp-image-40551\" srcset=\"https:\/\/temucotelevision.cl\/web\/wp-content\/uploads\/2023\/04\/2.png 711w, https:\/\/temucotelevision.cl\/web\/wp-content\/uploads\/2023\/04\/2-130x90.png 130w\" sizes=\"auto, (max-width: 711px) 100vw, 711px\" \/><\/figure>\n\n\n\n<p>El&nbsp;<em>Social Listening<\/em>&nbsp;tambi\u00e9n incluy\u00f3 un an\u00e1lisis de las menciones de los hashtags que los bloques pol\u00edticos han impulsado en sus conversaciones acerca del proceso durante abril. Estos, en algunos casos, incluyen el nombre de las listas en competencia. #ChileSeguro, #Republicanos y #VivirSinMiedo son algunos de los utilizados por el bloque de derecha. Mientras que #UnidadParaChile, #TodoPorChile y #EstadoSocialdeDerecho son algunos de los utilizados por el bloque de izquierda. El estudio indica que \u2014en el periodo comprendido por el informe\u2014 los hashtags impulsados por la derecha tuvieron m\u00e1s de 16 mil menciones, mientras que los propuestos por la izquierda tuvieron alrededor de 9 mil.&nbsp;&nbsp;<\/p>\n\n\n\n<figure class=\"wp-block-image size-full\"><img loading=\"lazy\" decoding=\"async\" width=\"629\" height=\"510\" src=\"https:\/\/temucotelevision.cl\/web\/wp-content\/uploads\/2023\/04\/3.png\" alt=\"\" class=\"wp-image-40552\"\/><\/figure>\n\n\n\n<p>Izquierdo explica que \u201cla derecha ha sabido utilizar la contingencia a su favor. La competencia se est\u00e1 desarrollando en su cancha. #ChileSeguro, por ejemplo, es un hashtag (y nombre de lista, por supuesto) que representa muy bien el sentir actual de la ciudadan\u00eda. Est\u00e1 funcionando mejor, hasta ahora, que varios propuestos por el bloque de izquierda. #UnidadParaChile , sin embargo, ha tenido un alt\u00edsimo nivel de menciones\u201d.<\/p>\n\n\n\n<p><strong>Ranking Twitero<\/strong><\/p>\n\n\n\n<p>El an\u00e1lisis con respecto a los principales l\u00edderes de opini\u00f3n se hizo tomando en cuenta la actividad en Twitter, donde ocurre el 89% de la conversaci\u00f3n. Consider\u00f3 perfiles de medios digitales, influenciadores, actores pol\u00edticos e instituciones. Adem\u00e1s, se hizo una divisi\u00f3n entre micro usuarios (hasta 100k seguidores), macro usuarios (hasta 500k seguidores), fama usuarios (hasta 1M seguidores) y mega usuarios (+1M seguidores).&nbsp;<\/p>\n\n\n\n<p>Entre los micro usuarios m\u00e1s influyentes se encuentran el presidente de la C\u00e1mara de Diputados Vlado Mirosevic y las cuentas oficiales de Convergencia Social y Renovaci\u00f3n Nacional.&nbsp;<\/p>\n\n\n\n<p>Entre los macro usuarios m\u00e1s influyentes, en tanto, se encuentran el periodista Gonzalo Feito, el ex ministro Sergio Melnick y el senador Francisco Chahu\u00e1n.&nbsp;<\/p>\n\n\n\n<p>Entre los fama usuarios m\u00e1s influyentes est\u00e1n el l\u00edder del Partido Republicano, Jos\u00e9 Antonio Kast y la diputada del Partido Comunista, Karol Cariola. Mientras que en los mega usuarios m\u00e1s influyentes est\u00e1n la cuenta oficial de CNN Chile y la del portal de noticias Infobae.&nbsp;&nbsp;&nbsp;<\/p>\n\n\n\n<figure class=\"wp-block-image size-full\"><img loading=\"lazy\" decoding=\"async\" width=\"921\" height=\"385\" src=\"https:\/\/temucotelevision.cl\/web\/wp-content\/uploads\/2023\/04\/4.png\" alt=\"\" class=\"wp-image-40553\" srcset=\"https:\/\/temucotelevision.cl\/web\/wp-content\/uploads\/2023\/04\/4.png 921w, https:\/\/temucotelevision.cl\/web\/wp-content\/uploads\/2023\/04\/4-768x321.png 768w\" sizes=\"auto, (max-width: 921px) 100vw, 921px\" \/><\/figure>\n\n\n\n<p>El periodo de an\u00e1lisis abarc\u00f3 desde el 1 al 19 de abril y las redes sociales que se examinaron fueron Twitter, Instagram, Youtube, Tik Tok, medios digitales de noticias y portales como blogs y foros. La conversaci\u00f3n en torno al proceso constituyente, en todo caso, ocurre en mayor porcentaje en Twitter: un 89% de las menciones se dieron en esa plataforma. Le siguen los portales de noticias con un 5% e Instagram con un 3%.&nbsp;<\/p>\n\n\n\n<p><strong>Sobre el Social Listening<\/strong><\/p>\n\n\n\n<p>El social listening es una herramienta clave para entender las preocupaciones y opiniones de la sociedad en tiempo real. En el contexto del proceso constituyente se vuelve a\u00fan m\u00e1s importante ya que permite a los actores pol\u00edticos y partidos entender las demandas y expectativas de los ciudadanos. Al escuchar y analizar las conversaciones en las diferentes plataformas digitales, podemos tener una idea clara de los temas y preocupaciones m\u00e1s relevantes para la poblaci\u00f3n.<\/p>\n\n\n\n<p>Esto permite ajustar las estrategias pol\u00edticas y de comunicaci\u00f3n para responder de manera efectiva a las necesidades de la sociedad. En definitiva, el social listening se presenta como una herramienta clave para cualquier partido o pol\u00edtico que quiera construir estrategias efectivas y coherentes con las necesidades de la sociedad.<\/p>\n\n\n\n<p>Sergio Teubal CEO de Orishinal se\u00f1ala -\u201cLas redes sociales crearon un cambio de paradigma en el mundo de la pol\u00edtica y los negocios. El surgimiento de estas oblig\u00f3 a las organizaciones a reconocer que no controlan toda su comunicaci\u00f3n y reevaluar c\u00f3mo se comunican con sus audiencias. Desde una perspectiva de marketing, las redes sociales hicieron que las Organizaciones se dieran cuenta de que ya no se trata de una comunicaci\u00f3n unidireccional.\u201d<\/p>\n","protected":false},"excerpt":{"rendered":"<div class=\"pvc_clear\"><\/div>\n<p id=\"pvc_stats_40549\" class=\"pvc_stats total_only  \" data-element-id=\"40549\" style=\"\"><i class=\"pvc-stats-icon large\" aria-hidden=\"true\"><svg aria-hidden=\"true\" focusable=\"false\" data-prefix=\"far\" data-icon=\"chart-bar\" role=\"img\" xmlns=\"http:\/\/www.w3.org\/2000\/svg\" viewBox=\"0 0 512 512\" class=\"svg-inline--fa fa-chart-bar fa-w-16 fa-2x\"><path fill=\"currentColor\" d=\"M396.8 352h22.4c6.4 0 12.8-6.4 12.8-12.8V108.8c0-6.4-6.4-12.8-12.8-12.8h-22.4c-6.4 0-12.8 6.4-12.8 12.8v230.4c0 6.4 6.4 12.8 12.8 12.8zm-192 0h22.4c6.4 0 12.8-6.4 12.8-12.8V140.8c0-6.4-6.4-12.8-12.8-12.8h-22.4c-6.4 0-12.8 6.4-12.8 12.8v198.4c0 6.4 6.4 12.8 12.8 12.8zm96 0h22.4c6.4 0 12.8-6.4 12.8-12.8V204.8c0-6.4-6.4-12.8-12.8-12.8h-22.4c-6.4 0-12.8 6.4-12.8 12.8v134.4c0 6.4 6.4 12.8 12.8 12.8zM496 400H48V80c0-8.84-7.16-16-16-16H16C7.16 64 0 71.16 0 80v336c0 17.67 14.33 32 32 32h464c8.84 0 16-7.16 16-16v-16c0-8.84-7.16-16-16-16zm-387.2-48h22.4c6.4 0 12.8-6.4 12.8-12.8v-70.4c0-6.4-6.4-12.8-12.8-12.8h-22.4c-6.4 0-12.8 6.4-12.8 12.8v70.4c0 6.4 6.4 12.8 12.8 12.8z\" class=\"\"><\/path><\/svg><\/i> <img loading=\"lazy\" decoding=\"async\" width=\"16\" height=\"16\" alt=\"Loading\" src=\"https:\/\/temucotelevision.cl\/web\/wp-content\/plugins\/page-views-count\/ajax-loader-2x.gif\" border=0 \/><\/p>\n<div class=\"pvc_clear\"><\/div>\n<p>Entre el 1 y el 19 de abril, el 39% de las conversaciones en redes sociales en torno al proceso<\/p>\n","protected":false},"author":1,"featured_media":40385,"comment_status":"open","ping_status":"open","sticky":false,"template":"","format":"standard","meta":{"colormag_page_container_layout":"default_layout","colormag_page_sidebar_layout":"default_layout","footnotes":""},"categories":[84],"tags":[4302,959,1466],"class_list":["post-40549","post","type-post","status-publish","format-standard","has-post-thumbnail","hentry","category-politica","tag-debate","tag-delincuencia","tag-redes"],"a3_pvc":{"activated":true,"total_views":121,"today_views":0},"_links":{"self":[{"href":"https:\/\/temucotelevision.cl\/web\/wp-json\/wp\/v2\/posts\/40549","targetHints":{"allow":["GET"]}}],"collection":[{"href":"https:\/\/temucotelevision.cl\/web\/wp-json\/wp\/v2\/posts"}],"about":[{"href":"https:\/\/temucotelevision.cl\/web\/wp-json\/wp\/v2\/types\/post"}],"author":[{"embeddable":true,"href":"https:\/\/temucotelevision.cl\/web\/wp-json\/wp\/v2\/users\/1"}],"replies":[{"embeddable":true,"href":"https:\/\/temucotelevision.cl\/web\/wp-json\/wp\/v2\/comments?post=40549"}],"version-history":[{"count":1,"href":"https:\/\/temucotelevision.cl\/web\/wp-json\/wp\/v2\/posts\/40549\/revisions"}],"predecessor-version":[{"id":40554,"href":"https:\/\/temucotelevision.cl\/web\/wp-json\/wp\/v2\/posts\/40549\/revisions\/40554"}],"wp:featuredmedia":[{"embeddable":true,"href":"https:\/\/temucotelevision.cl\/web\/wp-json\/wp\/v2\/media\/40385"}],"wp:attachment":[{"href":"https:\/\/temucotelevision.cl\/web\/wp-json\/wp\/v2\/media?parent=40549"}],"wp:term":[{"taxonomy":"category","embeddable":true,"href":"https:\/\/temucotelevision.cl\/web\/wp-json\/wp\/v2\/categories?post=40549"},{"taxonomy":"post_tag","embeddable":true,"href":"https:\/\/temucotelevision.cl\/web\/wp-json\/wp\/v2\/tags?post=40549"}],"curies":[{"name":"wp","href":"https:\/\/api.w.org\/{rel}","templated":true}]}}