{"id":40546,"date":"2023-04-21T22:34:39","date_gmt":"2023-04-22T01:34:39","guid":{"rendered":"https:\/\/temucotelevision.cl\/web\/?p=40546"},"modified":"2023-04-21T22:34:40","modified_gmt":"2023-04-22T01:34:40","slug":"diputada-naveillan-y-medidas-de-proteccion-es-prioritario-saber-como-se-protege-a-las-victimas-del-terrorismo","status":"publish","type":"post","link":"https:\/\/temucotelevision.cl\/web\/2023\/04\/21\/diputada-naveillan-y-medidas-de-proteccion-es-prioritario-saber-como-se-protege-a-las-victimas-del-terrorismo\/","title":{"rendered":"Diputada Naveillan y medidas de protecci\u00f3n: &#8220;Es prioritario saber c\u00f3mo se protege a las v\u00edctimas del terrorismo&#8221;"},"content":{"rendered":"<div class=\"pvc_clear\"><\/div><p id=\"pvc_stats_40546\" class=\"pvc_stats total_only  \" data-element-id=\"40546\" style=\"\"><i class=\"pvc-stats-icon large\" aria-hidden=\"true\"><svg aria-hidden=\"true\" focusable=\"false\" data-prefix=\"far\" data-icon=\"chart-bar\" role=\"img\" xmlns=\"http:\/\/www.w3.org\/2000\/svg\" viewBox=\"0 0 512 512\" class=\"svg-inline--fa fa-chart-bar fa-w-16 fa-2x\"><path fill=\"currentColor\" d=\"M396.8 352h22.4c6.4 0 12.8-6.4 12.8-12.8V108.8c0-6.4-6.4-12.8-12.8-12.8h-22.4c-6.4 0-12.8 6.4-12.8 12.8v230.4c0 6.4 6.4 12.8 12.8 12.8zm-192 0h22.4c6.4 0 12.8-6.4 12.8-12.8V140.8c0-6.4-6.4-12.8-12.8-12.8h-22.4c-6.4 0-12.8 6.4-12.8 12.8v198.4c0 6.4 6.4 12.8 12.8 12.8zm96 0h22.4c6.4 0 12.8-6.4 12.8-12.8V204.8c0-6.4-6.4-12.8-12.8-12.8h-22.4c-6.4 0-12.8 6.4-12.8 12.8v134.4c0 6.4 6.4 12.8 12.8 12.8zM496 400H48V80c0-8.84-7.16-16-16-16H16C7.16 64 0 71.16 0 80v336c0 17.67 14.33 32 32 32h464c8.84 0 16-7.16 16-16v-16c0-8.84-7.16-16-16-16zm-387.2-48h22.4c6.4 0 12.8-6.4 12.8-12.8v-70.4c0-6.4-6.4-12.8-12.8-12.8h-22.4c-6.4 0-12.8 6.4-12.8 12.8v70.4c0 6.4 6.4 12.8 12.8 12.8z\" class=\"\"><\/path><\/svg><\/i> <img loading=\"lazy\" decoding=\"async\" width=\"16\" height=\"16\" alt=\"Loading\" src=\"https:\/\/temucotelevision.cl\/web\/wp-content\/plugins\/page-views-count\/ajax-loader-2x.gif\" border=0 \/><\/p><div class=\"pvc_clear\"><\/div>\n<p><em>La parlamentaria por La Araucan\u00eda solicit\u00f3 al fiscal regional y al Subsecretario del Interior informaci\u00f3n respecto de las medidas de protecci\u00f3n a v\u00edctimas y del equipamiento con el que cuenta Carabineros para enfrentar a los grupos radicalizados<\/em><\/p>\n\n\n\n<p>&nbsp;&nbsp;&nbsp;&nbsp;&nbsp;&nbsp;&nbsp;&nbsp;&nbsp;&nbsp;&nbsp;&nbsp;&nbsp;&nbsp;&nbsp;&nbsp;&nbsp;&nbsp;Mediante dos oficios \u2013 dirigidos al Fiscal regional de La Araucan\u00eda, Roberto Garrido y al Subsecretario del interior, Manuel Monsalve- la Diputada por La Araucan\u00eda, Gloria Naveill\u00e1n, solicit\u00f3 conocer el detalle de la forma en que se protege a las v\u00edctimas de atentados registrados en la zona, en particular, en la provincia de Malleco.<\/p>\n\n\n\n<p>Lo anterior, luego que la Corte de Apelaciones de Temuco acogiera la Orden de no innovar solicitada de urgencia por el fiscal regional y el jefe de la Unidad regional de atenci\u00f3n a v\u00edctimas y testigos del Ministerio P\u00fablico, y que permiti\u00f3 mantener la reserva de las identidades de cinco v\u00edctimas de los delitos que se le imputan al lider de la Coordinadora Arauco Malleco, H\u00e9ctor Llaitul.<\/p>\n\n\n\n<p>En el escrito dirigido al jefe de la Fiscal\u00eda regional, la Diputada extiende \u201cla preocupaci\u00f3n que tienen los habitantes de La Araucan\u00eda por el aumento de atentados en la zona, pese a haberse decretado numerosas medidas de protecci\u00f3n que, sin embargo, no han logrado su cometido\u201d. Por ello, la parlamentaria solicit\u00f3 conocer \u201ccu\u00e1ntas de estas medidas de protecci\u00f3n no han podido llevarse a efecto por parte de las polic\u00edas\u201d. M\u00e1s all\u00e1 de cuantificarlas, dijo, \u201ces importante saber por qu\u00e9 las polic\u00edas y la fiscal\u00eda no han podido imponer la ley cuando corresponde. Creo que para mejorar la seguridad de las v\u00edctimas, testigos y hasta de los mismos funconarios policiales, hay que partir transparentando lo que pasa, en especial en las zonas rurales, y dejar de hacernos los lesos diciendo que estas medidas se cumplen, cuando todos sabemos que no es as\u00ed\u201d, plante\u00f3 Naveill\u00e1n.<\/p>\n\n\n\n<p>En otro oficio, la diputada por Malleco solicit\u00f3 al subsecretario Manuel Monsalve la entrega de informaci\u00f3n detallada respecto de la cantidad y tipo de veh\u00edculos utilizados en la actualidad por Carabineros de la Prefectura de Control Orden P\u00fablico de Pailahueque, adem\u00e1s de conocer qu\u00e9 tipo de equipamiento y herramientas usan, \u201cy m\u00e1s importante que el tipo de armamento o equipo de protecci\u00f3n, lo que esperamos saber, pero de verdad, es el estado en que se encuentra este equipamiento. Porque hace rato se habla de los chalecos antibalas&nbsp;<em>calientes<\/em>, que se van rotando en todos los turnos y que disminuye la vida util de chalecos, cascos y todos los equipos de protecci\u00f3n\u201d, sostuvo la Diputada Naveill\u00e1n.<\/p>\n\n\n\n<p>La parlamentaria reconoci\u00f3 que \u201choy Carabineros hace la pega que nadie en el pa\u00eds quiere hacer, esa de enfrentar a terroristas cara a cara, y m\u00e1s encima con medidas de seguridad que, lamentablemente, siguen costando vidas. Entonces eso nos dice que todav\u00eda falta. Faltan equipos y que estos de verdad sean de \u00faltima generaci\u00f3n. Porque no sacamos nada con tener a todos los carabineros con revolver, y a 5 kms los terroristas andan con metralletas en el asiento de las camionetas; ni tener un cementerio de blindados en Pailahueque, mientras carabineros andan patrullando en autos que parecen city car. Necesitamos que el Gobierno, que el subsecretario Monsalve y la Ministra Toh\u00e1 hagan un catastro y pongan los recursos que se necesitan\u201d, emplaz\u00f3 la diputada Naveill\u00e1n.<\/p>\n\n\n\n<p>La legisladora record\u00f3 que \u201cesta semana una jueza que poco sabe de terrorismo quiso quitarle la protecci\u00f3n de su identidad a cinco personas valientes que declararon contra uno de los terroristas m\u00e1s grandes y cobardes que ha operado en La Araucan\u00eda, y seguramente las medidas de protecci\u00f3n posteriores para esos testigos no habr\u00eda sido suficientes\u201d. Por eso llam\u00f3 a \u201cque se transparente la realidad de lo que ocurre, de los recursos que hay, porque es el primer paso para contar con medidas de protecci\u00f3n a v\u00edctimas y testigos eficientes, y con Carabineros protegidos y equipados para combatir de igual a igual a estos terroristas\u201d.<\/p>\n","protected":false},"excerpt":{"rendered":"<div class=\"pvc_clear\"><\/div>\n<p id=\"pvc_stats_40546\" class=\"pvc_stats total_only  \" data-element-id=\"40546\" style=\"\"><i class=\"pvc-stats-icon large\" aria-hidden=\"true\"><svg aria-hidden=\"true\" focusable=\"false\" data-prefix=\"far\" data-icon=\"chart-bar\" role=\"img\" xmlns=\"http:\/\/www.w3.org\/2000\/svg\" viewBox=\"0 0 512 512\" class=\"svg-inline--fa fa-chart-bar fa-w-16 fa-2x\"><path fill=\"currentColor\" d=\"M396.8 352h22.4c6.4 0 12.8-6.4 12.8-12.8V108.8c0-6.4-6.4-12.8-12.8-12.8h-22.4c-6.4 0-12.8 6.4-12.8 12.8v230.4c0 6.4 6.4 12.8 12.8 12.8zm-192 0h22.4c6.4 0 12.8-6.4 12.8-12.8V140.8c0-6.4-6.4-12.8-12.8-12.8h-22.4c-6.4 0-12.8 6.4-12.8 12.8v198.4c0 6.4 6.4 12.8 12.8 12.8zm96 0h22.4c6.4 0 12.8-6.4 12.8-12.8V204.8c0-6.4-6.4-12.8-12.8-12.8h-22.4c-6.4 0-12.8 6.4-12.8 12.8v134.4c0 6.4 6.4 12.8 12.8 12.8zM496 400H48V80c0-8.84-7.16-16-16-16H16C7.16 64 0 71.16 0 80v336c0 17.67 14.33 32 32 32h464c8.84 0 16-7.16 16-16v-16c0-8.84-7.16-16-16-16zm-387.2-48h22.4c6.4 0 12.8-6.4 12.8-12.8v-70.4c0-6.4-6.4-12.8-12.8-12.8h-22.4c-6.4 0-12.8 6.4-12.8 12.8v70.4c0 6.4 6.4 12.8 12.8 12.8z\" class=\"\"><\/path><\/svg><\/i> <img loading=\"lazy\" decoding=\"async\" width=\"16\" height=\"16\" alt=\"Loading\" src=\"https:\/\/temucotelevision.cl\/web\/wp-content\/plugins\/page-views-count\/ajax-loader-2x.gif\" border=0 \/><\/p>\n<div class=\"pvc_clear\"><\/div>\n<p>La parlamentaria por La Araucan\u00eda solicit\u00f3 al fiscal regional y al Subsecretario del Interior informaci\u00f3n respecto de las medidas de<\/p>\n","protected":false},"author":1,"featured_media":40547,"comment_status":"open","ping_status":"open","sticky":false,"template":"","format":"standard","meta":{"colormag_page_container_layout":"default_layout","colormag_page_sidebar_layout":"default_layout","footnotes":""},"categories":[84],"tags":[788,620,5518,1405],"class_list":["post-40546","post","type-post","status-publish","format-standard","has-post-thumbnail","hentry","category-politica","tag-diputada","tag-medidas","tag-naveillan-2","tag-victimas"],"a3_pvc":{"activated":true,"total_views":39,"today_views":0},"_links":{"self":[{"href":"https:\/\/temucotelevision.cl\/web\/wp-json\/wp\/v2\/posts\/40546","targetHints":{"allow":["GET"]}}],"collection":[{"href":"https:\/\/temucotelevision.cl\/web\/wp-json\/wp\/v2\/posts"}],"about":[{"href":"https:\/\/temucotelevision.cl\/web\/wp-json\/wp\/v2\/types\/post"}],"author":[{"embeddable":true,"href":"https:\/\/temucotelevision.cl\/web\/wp-json\/wp\/v2\/users\/1"}],"replies":[{"embeddable":true,"href":"https:\/\/temucotelevision.cl\/web\/wp-json\/wp\/v2\/comments?post=40546"}],"version-history":[{"count":1,"href":"https:\/\/temucotelevision.cl\/web\/wp-json\/wp\/v2\/posts\/40546\/revisions"}],"predecessor-version":[{"id":40548,"href":"https:\/\/temucotelevision.cl\/web\/wp-json\/wp\/v2\/posts\/40546\/revisions\/40548"}],"wp:featuredmedia":[{"embeddable":true,"href":"https:\/\/temucotelevision.cl\/web\/wp-json\/wp\/v2\/media\/40547"}],"wp:attachment":[{"href":"https:\/\/temucotelevision.cl\/web\/wp-json\/wp\/v2\/media?parent=40546"}],"wp:term":[{"taxonomy":"category","embeddable":true,"href":"https:\/\/temucotelevision.cl\/web\/wp-json\/wp\/v2\/categories?post=40546"},{"taxonomy":"post_tag","embeddable":true,"href":"https:\/\/temucotelevision.cl\/web\/wp-json\/wp\/v2\/tags?post=40546"}],"curies":[{"name":"wp","href":"https:\/\/api.w.org\/{rel}","templated":true}]}}