{"id":40527,"date":"2023-04-21T11:24:15","date_gmt":"2023-04-21T14:24:15","guid":{"rendered":"https:\/\/temucotelevision.cl\/web\/?p=40527"},"modified":"2023-04-21T11:24:15","modified_gmt":"2023-04-21T14:24:15","slug":"enade-2023-gerente-general-de-cmpc-sobre-incendios-rurales-podemos-avanzar-mucho-en-medidas-preventivas-pero-para-eso-requerimos-diagnosticos-compartidos-y-ahi-estamos-al-debe","status":"publish","type":"post","link":"https:\/\/temucotelevision.cl\/web\/2023\/04\/21\/enade-2023-gerente-general-de-cmpc-sobre-incendios-rurales-podemos-avanzar-mucho-en-medidas-preventivas-pero-para-eso-requerimos-diagnosticos-compartidos-y-ahi-estamos-al-debe\/","title":{"rendered":"Enade 2023: Gerente general de CMPC sobre incendios rurales: \u201cPodemos avanzar mucho en medidas preventivas, pero para eso requerimos diagn\u00f3sticos compartidos y ah\u00ed estamos al debe\u201d"},"content":{"rendered":"<div class=\"pvc_clear\"><\/div><p id=\"pvc_stats_40527\" class=\"pvc_stats total_only  \" data-element-id=\"40527\" style=\"\"><i class=\"pvc-stats-icon large\" aria-hidden=\"true\"><svg aria-hidden=\"true\" focusable=\"false\" data-prefix=\"far\" data-icon=\"chart-bar\" role=\"img\" xmlns=\"http:\/\/www.w3.org\/2000\/svg\" viewBox=\"0 0 512 512\" class=\"svg-inline--fa fa-chart-bar fa-w-16 fa-2x\"><path fill=\"currentColor\" d=\"M396.8 352h22.4c6.4 0 12.8-6.4 12.8-12.8V108.8c0-6.4-6.4-12.8-12.8-12.8h-22.4c-6.4 0-12.8 6.4-12.8 12.8v230.4c0 6.4 6.4 12.8 12.8 12.8zm-192 0h22.4c6.4 0 12.8-6.4 12.8-12.8V140.8c0-6.4-6.4-12.8-12.8-12.8h-22.4c-6.4 0-12.8 6.4-12.8 12.8v198.4c0 6.4 6.4 12.8 12.8 12.8zm96 0h22.4c6.4 0 12.8-6.4 12.8-12.8V204.8c0-6.4-6.4-12.8-12.8-12.8h-22.4c-6.4 0-12.8 6.4-12.8 12.8v134.4c0 6.4 6.4 12.8 12.8 12.8zM496 400H48V80c0-8.84-7.16-16-16-16H16C7.16 64 0 71.16 0 80v336c0 17.67 14.33 32 32 32h464c8.84 0 16-7.16 16-16v-16c0-8.84-7.16-16-16-16zm-387.2-48h22.4c6.4 0 12.8-6.4 12.8-12.8v-70.4c0-6.4-6.4-12.8-12.8-12.8h-22.4c-6.4 0-12.8 6.4-12.8 12.8v70.4c0 6.4 6.4 12.8 12.8 12.8z\" class=\"\"><\/path><\/svg><\/i> <img loading=\"lazy\" decoding=\"async\" width=\"16\" height=\"16\" alt=\"Loading\" src=\"https:\/\/temucotelevision.cl\/web\/wp-content\/plugins\/page-views-count\/ajax-loader-2x.gif\" border=0 \/><\/p><div class=\"pvc_clear\"><\/div>\n<p><em>En el marco del Encuentro Nacional de la Empresa (Enade) 2023, Francisco Ruiz-Tagle,<\/em>&nbsp;destac\u00f3 las relaciones de confianza y el diagn\u00f3stico com\u00fan como dos elementos centrales para la colaboraci\u00f3n p\u00fablico-privada para enfrentar situaciones de emergencia como los incendios del verano.<\/p>\n\n\n\n<p><strong>\u00a0<\/strong>Frente a un auditorio con los principales l\u00edderes gremiales, empresariales y autoridades del pa\u00eds, el gerente general de CMPC, Francisco Ruiz-Tagle hizo un completo an\u00e1lisis de los incendios que golpearon a la zona centro sur del pa\u00eds durante el verano y su impacto m\u00e1s all\u00e1 de la industria forestal. Ruiz-Tagle fue enf\u00e1tico en se\u00f1alar que, para una efectiva colaboraci\u00f3n p\u00fablico-privada, es clave construir relaciones de confianza y encontrar un diagn\u00f3stico com\u00fan no s\u00f3lo de las causas del problema, sino tambi\u00e9n de las mejores formas de enfrentar este tipo de eventos. \u201cY en este \u00faltimo aspecto (refiri\u00e9ndose al diagn\u00f3stico com\u00fan), revisando lo que han sido las \u00faltimas temporadas, creo que tenemos importantes espacios de mejora\u201d, declar\u00f3.\u00a0<\/p>\n\n\n\n<p>\u201cPodemos avanzar mucho en medidas preventivas, pero para eso requerimos diagn\u00f3sticos compartidos y ah\u00ed pienso, estamos al debe. En el momento m\u00e1s cr\u00edtico de la crisis de incendios, nos enfrascamos en un debate sobre el porcentaje de intencionalidad. Se trata de una discusi\u00f3n sin sentido, porque lo importante es identificar el real da\u00f1o causado por la intencionalidad\u201d, dijo Ruiz-Tagle en el panel \u201cColaboraci\u00f3n P\u00fablico-Privada: Trabajando Juntos por Chile\u201d del Encuentro Nacional de la Empresa (Enade) 2023.<\/p>\n\n\n\n<p>Es que luego de la emergencia, los datos registrados dan cuenta de m\u00e1s de 430 mil hect\u00e1reas afectadas, 7.784 damnificados y 26 fallecidos en las regiones del Maule, \u00d1uble, Biob\u00edo y La Araucan\u00eda. Las cifras, son las peores registradas desde la temporada de incendios de 2017.<\/p>\n\n\n\n<p>As\u00ed, Ruiz-Tagle inform\u00f3 que estos eventos son de relevancia nacional \u2013y mundial\u2013 por varios motivos. Primero, porque m\u00e1s de la mitad de los incendios no ocurren en predios forestales. Segundo, porque se enmarcan en un contexto de emergencia clim\u00e1tica que genera condiciones propicias para la propagaci\u00f3n de estos eventos; y tercero, porque los incendios, adem\u00e1s de poner en riesgo las viviendas, cosechas y bosque nativos, implican m\u00e1s de 20% de las emisiones anuales de CO2 a nivel global.&nbsp;<\/p>\n\n\n\n<p>A su vez, Ruiz-Tagle reconoci\u00f3 el trabajo realizado junto a las entidades p\u00fablicas.&nbsp;&nbsp;\u201cEn el terreno y a nivel local, tanto en forma previa como tambi\u00e9n durante la crisis de los incendios, hubo mucha colaboraci\u00f3n p\u00fablico-privada para el combate, y les puedo decir que esto funciona y es muy efectivo. Existe di\u00e1logo, existi\u00f3 trabajo conjunto, se compartieron estrategias, y se coordinaron recursos\u201d, explic\u00f3.<\/p>\n\n\n\n<p>\u201cSin colaboraci\u00f3n entre los sectores p\u00fablico y privado, Chile no tendr\u00eda ninguna capacidad siquiera de aproximarse a los niveles de tecnolog\u00eda y gasto en prevenci\u00f3n y combate a incendios de las naciones m\u00e1s desarrolladas\u201d, asegur\u00f3.&nbsp;<\/p>\n\n\n\n<p>En el mismo panel, la delegada presidencial para la reconstrucci\u00f3n y ex ministra de Vivienda y Urbanismo, Paulina Saball, tambi\u00e9n expuso sobre los incendios rurales y el trabajo p\u00fablico-privado para enfrentar los estragos que causaron. Saball se\u00f1al\u00f3 que el pa\u00eds necesita ser sustentable y no solamente solidarizar despu\u00e9s de las desgracias. Agreg\u00f3 que, junto con trabajar colaborativamente, es necesario desarrollar la complementariedad para sentarse a la mesa y velar por los intereses leg\u00edtimos de cada una de las partes involucradas.&nbsp;<\/p>\n\n\n\n<p>En el panel, tambi\u00e9n participaron Paul Schiodtz, presidente de la ACHS; Sandro Solari, director de Megeve Investments; y la gerente de sustentabilidad de Fundaci\u00f3n Chile, Marina Hermosilla. La instancia fue moderada por el<em>\u00a0past president\u00a0<\/em>y director de Icare, Lorenzo Gazmuri.\u00a0<\/p>\n\n\n\n<figure class=\"wp-block-image size-large\"><img loading=\"lazy\" decoding=\"async\" width=\"1024\" height=\"685\" src=\"https:\/\/temucotelevision.cl\/web\/wp-content\/uploads\/2023\/04\/FRT3.jfif_-1024x685.jpeg\" alt=\"\" class=\"wp-image-40529\" srcset=\"https:\/\/temucotelevision.cl\/web\/wp-content\/uploads\/2023\/04\/FRT3.jfif_-1024x685.jpeg 1024w, https:\/\/temucotelevision.cl\/web\/wp-content\/uploads\/2023\/04\/FRT3.jfif_-768x514.jpeg 768w, https:\/\/temucotelevision.cl\/web\/wp-content\/uploads\/2023\/04\/FRT3.jfif_.jpeg 1280w\" sizes=\"auto, (max-width: 1024px) 100vw, 1024px\" \/><\/figure>\n","protected":false},"excerpt":{"rendered":"<div class=\"pvc_clear\"><\/div>\n<p id=\"pvc_stats_40527\" class=\"pvc_stats total_only  \" data-element-id=\"40527\" style=\"\"><i class=\"pvc-stats-icon large\" aria-hidden=\"true\"><svg aria-hidden=\"true\" focusable=\"false\" data-prefix=\"far\" data-icon=\"chart-bar\" role=\"img\" xmlns=\"http:\/\/www.w3.org\/2000\/svg\" viewBox=\"0 0 512 512\" class=\"svg-inline--fa fa-chart-bar fa-w-16 fa-2x\"><path fill=\"currentColor\" d=\"M396.8 352h22.4c6.4 0 12.8-6.4 12.8-12.8V108.8c0-6.4-6.4-12.8-12.8-12.8h-22.4c-6.4 0-12.8 6.4-12.8 12.8v230.4c0 6.4 6.4 12.8 12.8 12.8zm-192 0h22.4c6.4 0 12.8-6.4 12.8-12.8V140.8c0-6.4-6.4-12.8-12.8-12.8h-22.4c-6.4 0-12.8 6.4-12.8 12.8v198.4c0 6.4 6.4 12.8 12.8 12.8zm96 0h22.4c6.4 0 12.8-6.4 12.8-12.8V204.8c0-6.4-6.4-12.8-12.8-12.8h-22.4c-6.4 0-12.8 6.4-12.8 12.8v134.4c0 6.4 6.4 12.8 12.8 12.8zM496 400H48V80c0-8.84-7.16-16-16-16H16C7.16 64 0 71.16 0 80v336c0 17.67 14.33 32 32 32h464c8.84 0 16-7.16 16-16v-16c0-8.84-7.16-16-16-16zm-387.2-48h22.4c6.4 0 12.8-6.4 12.8-12.8v-70.4c0-6.4-6.4-12.8-12.8-12.8h-22.4c-6.4 0-12.8 6.4-12.8 12.8v70.4c0 6.4 6.4 12.8 12.8 12.8z\" class=\"\"><\/path><\/svg><\/i> <img loading=\"lazy\" decoding=\"async\" width=\"16\" height=\"16\" alt=\"Loading\" src=\"https:\/\/temucotelevision.cl\/web\/wp-content\/plugins\/page-views-count\/ajax-loader-2x.gif\" border=0 \/><\/p>\n<div class=\"pvc_clear\"><\/div>\n<p>En el marco del Encuentro Nacional de la Empresa (Enade) 2023, Francisco Ruiz-Tagle,&nbsp;destac\u00f3 las relaciones de confianza y el diagn\u00f3stico<\/p>\n","protected":false},"author":1,"featured_media":40528,"comment_status":"open","ping_status":"open","sticky":false,"template":"","format":"standard","meta":{"colormag_page_container_layout":"default_layout","colormag_page_sidebar_layout":"default_layout","footnotes":""},"categories":[101],"tags":[2365,6380],"class_list":["post-40527","post","type-post","status-publish","format-standard","has-post-thumbnail","hentry","category-actualidad","tag-cmpc","tag-enade-2023"],"a3_pvc":{"activated":true,"total_views":45,"today_views":0},"_links":{"self":[{"href":"https:\/\/temucotelevision.cl\/web\/wp-json\/wp\/v2\/posts\/40527","targetHints":{"allow":["GET"]}}],"collection":[{"href":"https:\/\/temucotelevision.cl\/web\/wp-json\/wp\/v2\/posts"}],"about":[{"href":"https:\/\/temucotelevision.cl\/web\/wp-json\/wp\/v2\/types\/post"}],"author":[{"embeddable":true,"href":"https:\/\/temucotelevision.cl\/web\/wp-json\/wp\/v2\/users\/1"}],"replies":[{"embeddable":true,"href":"https:\/\/temucotelevision.cl\/web\/wp-json\/wp\/v2\/comments?post=40527"}],"version-history":[{"count":1,"href":"https:\/\/temucotelevision.cl\/web\/wp-json\/wp\/v2\/posts\/40527\/revisions"}],"predecessor-version":[{"id":40530,"href":"https:\/\/temucotelevision.cl\/web\/wp-json\/wp\/v2\/posts\/40527\/revisions\/40530"}],"wp:featuredmedia":[{"embeddable":true,"href":"https:\/\/temucotelevision.cl\/web\/wp-json\/wp\/v2\/media\/40528"}],"wp:attachment":[{"href":"https:\/\/temucotelevision.cl\/web\/wp-json\/wp\/v2\/media?parent=40527"}],"wp:term":[{"taxonomy":"category","embeddable":true,"href":"https:\/\/temucotelevision.cl\/web\/wp-json\/wp\/v2\/categories?post=40527"},{"taxonomy":"post_tag","embeddable":true,"href":"https:\/\/temucotelevision.cl\/web\/wp-json\/wp\/v2\/tags?post=40527"}],"curies":[{"name":"wp","href":"https:\/\/api.w.org\/{rel}","templated":true}]}}