{"id":40525,"date":"2023-04-21T11:19:42","date_gmt":"2023-04-21T14:19:42","guid":{"rendered":"https:\/\/temucotelevision.cl\/web\/?p=40525"},"modified":"2023-04-21T11:19:42","modified_gmt":"2023-04-21T14:19:42","slug":"vacunaran-con-la-dosis-de-refuerzo-de-covid-19-y-la-influenza-en-patio-outlet-temuco","status":"publish","type":"post","link":"https:\/\/temucotelevision.cl\/web\/2023\/04\/21\/vacunaran-con-la-dosis-de-refuerzo-de-covid-19-y-la-influenza-en-patio-outlet-temuco\/","title":{"rendered":"Vacunar\u00e1n con la dosis de refuerzo de covid-19 y la influenza en Patio Outlet Temuco"},"content":{"rendered":"<div class=\"pvc_clear\"><\/div><p id=\"pvc_stats_40525\" class=\"pvc_stats total_only  \" data-element-id=\"40525\" style=\"\"><i class=\"pvc-stats-icon large\" aria-hidden=\"true\"><svg aria-hidden=\"true\" focusable=\"false\" data-prefix=\"far\" data-icon=\"chart-bar\" role=\"img\" xmlns=\"http:\/\/www.w3.org\/2000\/svg\" viewBox=\"0 0 512 512\" class=\"svg-inline--fa fa-chart-bar fa-w-16 fa-2x\"><path fill=\"currentColor\" d=\"M396.8 352h22.4c6.4 0 12.8-6.4 12.8-12.8V108.8c0-6.4-6.4-12.8-12.8-12.8h-22.4c-6.4 0-12.8 6.4-12.8 12.8v230.4c0 6.4 6.4 12.8 12.8 12.8zm-192 0h22.4c6.4 0 12.8-6.4 12.8-12.8V140.8c0-6.4-6.4-12.8-12.8-12.8h-22.4c-6.4 0-12.8 6.4-12.8 12.8v198.4c0 6.4 6.4 12.8 12.8 12.8zm96 0h22.4c6.4 0 12.8-6.4 12.8-12.8V204.8c0-6.4-6.4-12.8-12.8-12.8h-22.4c-6.4 0-12.8 6.4-12.8 12.8v134.4c0 6.4 6.4 12.8 12.8 12.8zM496 400H48V80c0-8.84-7.16-16-16-16H16C7.16 64 0 71.16 0 80v336c0 17.67 14.33 32 32 32h464c8.84 0 16-7.16 16-16v-16c0-8.84-7.16-16-16-16zm-387.2-48h22.4c6.4 0 12.8-6.4 12.8-12.8v-70.4c0-6.4-6.4-12.8-12.8-12.8h-22.4c-6.4 0-12.8 6.4-12.8 12.8v70.4c0 6.4 6.4 12.8 12.8 12.8z\" class=\"\"><\/path><\/svg><\/i> <img loading=\"lazy\" decoding=\"async\" width=\"16\" height=\"16\" alt=\"Loading\" src=\"https:\/\/temucotelevision.cl\/web\/wp-content\/plugins\/page-views-count\/ajax-loader-2x.gif\" border=0 \/><\/p><div class=\"pvc_clear\"><\/div>\n<ul class=\"wp-block-list\"><li>El operativo se realizar\u00e1 los s\u00e1bados 22 y 29 de abril de 11:00 a 18:00 horas y en el mismo lugar se podr\u00e1n recibir ambas dosis.&nbsp;<\/li><\/ul>\n\n\n\n<p>Se acerca el invierno y junto a \u00e9l, aumenta la circulaci\u00f3n de los virus. Hasta la fecha, un 33,59% de la poblaci\u00f3n objetivo ha recibido la vacuna bivalente del covid-19 y un 36,94% de la influenza. Por eso, los s\u00e1bados 22 y 29 de abril se realizar\u00e1 una jornada de vacunaci\u00f3n en Patio Outlet Temuco donde las personas podr\u00e1n recibir ambas vacunas.&nbsp;<\/p>\n\n\n\n<p>\u201cPatio Outlet Temuco es un lugar de encuentro para los vecinos, especialmente, los fines de semana. Por eso, pusimos a disposici\u00f3n nuestros espacios para alojar este punto de vacunaci\u00f3n y facilitar que las personas reciban estas vacunas, que disminuyen los riesgos de enfermarnos gravemente\u201d, explica Osvaldo Gortaris, gerente de Patio Outlet Temuco.&nbsp;<\/p>\n\n\n\n<p>La vacuna bivalente para el covid-19 consiste en una sola inyecci\u00f3n que es efectiva contra la cepa Wuhan y las subvariantes de \u00d3micron, que son actualmente las predominantes en nuestro pa\u00eds. En el caso de la influenza, se utiliza la vacuna trivalente (con tres cepas), que posee agentes contra las variables AH1 N1, AH3 N2 y B.<\/p>\n\n\n\n<p>Quienes pueden vacunarse:<\/p>\n\n\n\n<ul class=\"wp-block-list\"><li>Personas de 50 o m\u00e1s a\u00f1os en caso del covid-19 y sobre 65 a\u00f1os para influenza.<\/li><li>Personas de todas las edades, pero con enfermedades cr\u00f3nicas, como hipertensi\u00f3n y diabetes, entre otras.<\/li><li>Funcionarios del \u00e1rea salud y empleados p\u00fablicos, de las FF.AA&nbsp; o de orden.<\/li><li>Ni\u00f1as y ni\u00f1os entre 6 meses y edad comprendida hasta quinto b\u00e1sico pueden recibir la inmunizaci\u00f3n de la influenza.<\/li><\/ul>\n\n\n\n<p>El punto de vacunaci\u00f3n estar\u00e1 a cargo del Consultorio Miraflores quienes estar\u00e1n entre las 11:00 y las 18:00 horas ambos fines de semana. Dispondr\u00e1n de dosis de las vacunas anteriores para adultos o ni\u00f1os que necesiten completar su esquema. Patio Outlet Temuco est\u00e1 ubicado en Avda. Las Quilas 1605 y cuenta con estacionamientos y wifi gratuito para todos sus visitantes.<\/p>\n","protected":false},"excerpt":{"rendered":"<div class=\"pvc_clear\"><\/div>\n<p id=\"pvc_stats_40525\" class=\"pvc_stats total_only  \" data-element-id=\"40525\" style=\"\"><i class=\"pvc-stats-icon large\" aria-hidden=\"true\"><svg aria-hidden=\"true\" focusable=\"false\" data-prefix=\"far\" data-icon=\"chart-bar\" role=\"img\" xmlns=\"http:\/\/www.w3.org\/2000\/svg\" viewBox=\"0 0 512 512\" class=\"svg-inline--fa fa-chart-bar fa-w-16 fa-2x\"><path fill=\"currentColor\" d=\"M396.8 352h22.4c6.4 0 12.8-6.4 12.8-12.8V108.8c0-6.4-6.4-12.8-12.8-12.8h-22.4c-6.4 0-12.8 6.4-12.8 12.8v230.4c0 6.4 6.4 12.8 12.8 12.8zm-192 0h22.4c6.4 0 12.8-6.4 12.8-12.8V140.8c0-6.4-6.4-12.8-12.8-12.8h-22.4c-6.4 0-12.8 6.4-12.8 12.8v198.4c0 6.4 6.4 12.8 12.8 12.8zm96 0h22.4c6.4 0 12.8-6.4 12.8-12.8V204.8c0-6.4-6.4-12.8-12.8-12.8h-22.4c-6.4 0-12.8 6.4-12.8 12.8v134.4c0 6.4 6.4 12.8 12.8 12.8zM496 400H48V80c0-8.84-7.16-16-16-16H16C7.16 64 0 71.16 0 80v336c0 17.67 14.33 32 32 32h464c8.84 0 16-7.16 16-16v-16c0-8.84-7.16-16-16-16zm-387.2-48h22.4c6.4 0 12.8-6.4 12.8-12.8v-70.4c0-6.4-6.4-12.8-12.8-12.8h-22.4c-6.4 0-12.8 6.4-12.8 12.8v70.4c0 6.4 6.4 12.8 12.8 12.8z\" class=\"\"><\/path><\/svg><\/i> <img loading=\"lazy\" decoding=\"async\" width=\"16\" height=\"16\" alt=\"Loading\" src=\"https:\/\/temucotelevision.cl\/web\/wp-content\/plugins\/page-views-count\/ajax-loader-2x.gif\" border=0 \/><\/p>\n<div class=\"pvc_clear\"><\/div>\n<p>El operativo se realizar\u00e1 los s\u00e1bados 22 y 29 de abril de 11:00 a 18:00 horas y en el mismo<\/p>\n","protected":false},"author":1,"featured_media":25588,"comment_status":"open","ping_status":"open","sticky":false,"template":"","format":"standard","meta":{"colormag_page_container_layout":"default_layout","colormag_page_sidebar_layout":"default_layout","footnotes":""},"categories":[14],"tags":[2304,6378,6379,513],"class_list":["post-40525","post","type-post","status-publish","format-standard","has-post-thumbnail","hentry","category-temuco","tag-covid-19","tag-patio-outlet","tag-refuerzo","tag-vacunas"],"a3_pvc":{"activated":true,"total_views":45,"today_views":0},"_links":{"self":[{"href":"https:\/\/temucotelevision.cl\/web\/wp-json\/wp\/v2\/posts\/40525","targetHints":{"allow":["GET"]}}],"collection":[{"href":"https:\/\/temucotelevision.cl\/web\/wp-json\/wp\/v2\/posts"}],"about":[{"href":"https:\/\/temucotelevision.cl\/web\/wp-json\/wp\/v2\/types\/post"}],"author":[{"embeddable":true,"href":"https:\/\/temucotelevision.cl\/web\/wp-json\/wp\/v2\/users\/1"}],"replies":[{"embeddable":true,"href":"https:\/\/temucotelevision.cl\/web\/wp-json\/wp\/v2\/comments?post=40525"}],"version-history":[{"count":1,"href":"https:\/\/temucotelevision.cl\/web\/wp-json\/wp\/v2\/posts\/40525\/revisions"}],"predecessor-version":[{"id":40526,"href":"https:\/\/temucotelevision.cl\/web\/wp-json\/wp\/v2\/posts\/40525\/revisions\/40526"}],"wp:featuredmedia":[{"embeddable":true,"href":"https:\/\/temucotelevision.cl\/web\/wp-json\/wp\/v2\/media\/25588"}],"wp:attachment":[{"href":"https:\/\/temucotelevision.cl\/web\/wp-json\/wp\/v2\/media?parent=40525"}],"wp:term":[{"taxonomy":"category","embeddable":true,"href":"https:\/\/temucotelevision.cl\/web\/wp-json\/wp\/v2\/categories?post=40525"},{"taxonomy":"post_tag","embeddable":true,"href":"https:\/\/temucotelevision.cl\/web\/wp-json\/wp\/v2\/tags?post=40525"}],"curies":[{"name":"wp","href":"https:\/\/api.w.org\/{rel}","templated":true}]}}