{"id":40522,"date":"2023-04-21T11:01:21","date_gmt":"2023-04-21T14:01:21","guid":{"rendered":"https:\/\/temucotelevision.cl\/web\/?p=40522"},"modified":"2023-04-21T11:01:22","modified_gmt":"2023-04-21T14:01:22","slug":"music-business-academy-abre-convocatoria-para-entrenar-a-los-nuevos-lideres-musicales-en-latinoamerica","status":"publish","type":"post","link":"https:\/\/temucotelevision.cl\/web\/2023\/04\/21\/music-business-academy-abre-convocatoria-para-entrenar-a-los-nuevos-lideres-musicales-en-latinoamerica\/","title":{"rendered":"Music Business Academy abre convocatoria para entrenar a los nuevos l\u00edderes musicales en Latinoam\u00e9rica"},"content":{"rendered":"<div class=\"pvc_clear\"><\/div><p id=\"pvc_stats_40522\" class=\"pvc_stats total_only  \" data-element-id=\"40522\" style=\"\"><i class=\"pvc-stats-icon large\" aria-hidden=\"true\"><svg aria-hidden=\"true\" focusable=\"false\" data-prefix=\"far\" data-icon=\"chart-bar\" role=\"img\" xmlns=\"http:\/\/www.w3.org\/2000\/svg\" viewBox=\"0 0 512 512\" class=\"svg-inline--fa fa-chart-bar fa-w-16 fa-2x\"><path fill=\"currentColor\" d=\"M396.8 352h22.4c6.4 0 12.8-6.4 12.8-12.8V108.8c0-6.4-6.4-12.8-12.8-12.8h-22.4c-6.4 0-12.8 6.4-12.8 12.8v230.4c0 6.4 6.4 12.8 12.8 12.8zm-192 0h22.4c6.4 0 12.8-6.4 12.8-12.8V140.8c0-6.4-6.4-12.8-12.8-12.8h-22.4c-6.4 0-12.8 6.4-12.8 12.8v198.4c0 6.4 6.4 12.8 12.8 12.8zm96 0h22.4c6.4 0 12.8-6.4 12.8-12.8V204.8c0-6.4-6.4-12.8-12.8-12.8h-22.4c-6.4 0-12.8 6.4-12.8 12.8v134.4c0 6.4 6.4 12.8 12.8 12.8zM496 400H48V80c0-8.84-7.16-16-16-16H16C7.16 64 0 71.16 0 80v336c0 17.67 14.33 32 32 32h464c8.84 0 16-7.16 16-16v-16c0-8.84-7.16-16-16-16zm-387.2-48h22.4c6.4 0 12.8-6.4 12.8-12.8v-70.4c0-6.4-6.4-12.8-12.8-12.8h-22.4c-6.4 0-12.8 6.4-12.8 12.8v70.4c0 6.4 6.4 12.8 12.8 12.8z\" class=\"\"><\/path><\/svg><\/i> <img loading=\"lazy\" decoding=\"async\" width=\"16\" height=\"16\" alt=\"Loading\" src=\"https:\/\/temucotelevision.cl\/web\/wp-content\/plugins\/page-views-count\/ajax-loader-2x.gif\" border=0 \/><\/p><div class=\"pvc_clear\"><\/div>\n<p>El instituto espa\u00f1ol anunci\u00f3 su expansi\u00f3n por diferentes pa\u00edses de habla hispana y contin\u00faa dando pasos firmes en la formaci\u00f3n de cientos de estudiantes que desean involucrarse dentro de la industria musical.<\/p>\n\n\n\n<p>&#8220;Consolidada como una de las mejores escuelas online de m\u00fasica en Espa\u00f1a, bajo el respaldo de que sus fundadores han trabajado con reconocidos artistas como Alejandro Sanz, Carl Cox o Deborah de Luca, Music Business Academy llega a Latinoam\u00e9rica con la intenci\u00f3n de formar a los nuevos l\u00edderes de la industria musical y bajo un lema que profesa \u201cel marketing es ser de verdad\u201d.<\/p>\n\n\n\n<p>Alejandro Montoya y Nicol\u00e1s Castro, empresarios en el mundo del entretenimiento, iniciaron este proyecto en pandemia cuando muchos de sus colegas se quedaron sin empleo, tras la cancelaci\u00f3n de giras musicales y cierre de peque\u00f1as startups, con el objetivo de que el sector de la industria musical se profesionalice y genere m\u00e1s empleos de calidad.<\/p>\n\n\n\n<p>\u201cQueremos que las mayores oportunidades las consigan los mejores y, adem\u00e1s, crear una industria unida que pueda ayudarse en todo momento. En definitiva, establecer una comunidad en la que se conozca que, los que forman parte de ella, tienen actitud, ganas, ilusi\u00f3n y formaci\u00f3n, clave en el competitivo mundo en el que vivimos\u201d, asegur\u00f3 Nicol\u00e1s Castro para esta entrevista.<\/p>\n\n\n\n<p>El marketing digital, legislaci\u00f3n o distribuci\u00f3n digital son algunas de las capacitaciones adaptadas al mercado actual que ofrece Music Business Academy.&nbsp; La academia espa\u00f1ola cuenta con m\u00e1s de 300 estudiantes y planea continuar con su expansi\u00f3n en el resto de los pa\u00edses de habla hispana.<\/p>\n\n\n\n<p>\u201cContamos con artistas emergentes que han pasado de 100 a 100.000 oyentes mensuales en Spotify en menos de un a\u00f1o, otros que han superado las dos millones de reproducciones en YouTube o estudiantes que ya est\u00e1n trabajando como managers, directores de marketing y comunicaci\u00f3n en las principales empresas de entretenimiento a nivel mundial\u201d, desvelaron los fundadores de Music Business Academy.<\/p>\n\n\n\n<p>Videos, tutor\u00edas en vivo, ejercicios y certificado de finalizaci\u00f3n son algunas de las herramientas con las que contar\u00e1n los estudiantes que decidan formarse en MBA. Adem\u00e1s de la posibilidad de postular a la bolsa de trabajo interna en la que est\u00e1n involucradas m\u00e1s de 100 empresas del sector. Para m\u00e1s informaci\u00f3n, ingresa a&nbsp;<a href=\"http:\/\/mbacademy.es\/\" target=\"_blank\" rel=\"noreferrer noopener\">mbacademy.es<\/a>.&nbsp;<\/p>\n","protected":false},"excerpt":{"rendered":"<div class=\"pvc_clear\"><\/div>\n<p id=\"pvc_stats_40522\" class=\"pvc_stats total_only  \" data-element-id=\"40522\" style=\"\"><i class=\"pvc-stats-icon large\" aria-hidden=\"true\"><svg aria-hidden=\"true\" focusable=\"false\" data-prefix=\"far\" data-icon=\"chart-bar\" role=\"img\" xmlns=\"http:\/\/www.w3.org\/2000\/svg\" viewBox=\"0 0 512 512\" class=\"svg-inline--fa fa-chart-bar fa-w-16 fa-2x\"><path fill=\"currentColor\" d=\"M396.8 352h22.4c6.4 0 12.8-6.4 12.8-12.8V108.8c0-6.4-6.4-12.8-12.8-12.8h-22.4c-6.4 0-12.8 6.4-12.8 12.8v230.4c0 6.4 6.4 12.8 12.8 12.8zm-192 0h22.4c6.4 0 12.8-6.4 12.8-12.8V140.8c0-6.4-6.4-12.8-12.8-12.8h-22.4c-6.4 0-12.8 6.4-12.8 12.8v198.4c0 6.4 6.4 12.8 12.8 12.8zm96 0h22.4c6.4 0 12.8-6.4 12.8-12.8V204.8c0-6.4-6.4-12.8-12.8-12.8h-22.4c-6.4 0-12.8 6.4-12.8 12.8v134.4c0 6.4 6.4 12.8 12.8 12.8zM496 400H48V80c0-8.84-7.16-16-16-16H16C7.16 64 0 71.16 0 80v336c0 17.67 14.33 32 32 32h464c8.84 0 16-7.16 16-16v-16c0-8.84-7.16-16-16-16zm-387.2-48h22.4c6.4 0 12.8-6.4 12.8-12.8v-70.4c0-6.4-6.4-12.8-12.8-12.8h-22.4c-6.4 0-12.8 6.4-12.8 12.8v70.4c0 6.4 6.4 12.8 12.8 12.8z\" class=\"\"><\/path><\/svg><\/i> <img loading=\"lazy\" decoding=\"async\" width=\"16\" height=\"16\" alt=\"Loading\" src=\"https:\/\/temucotelevision.cl\/web\/wp-content\/plugins\/page-views-count\/ajax-loader-2x.gif\" border=0 \/><\/p>\n<div class=\"pvc_clear\"><\/div>\n<p>El instituto espa\u00f1ol anunci\u00f3 su expansi\u00f3n por diferentes pa\u00edses de habla hispana y contin\u00faa dando pasos firmes en la formaci\u00f3n<\/p>\n","protected":false},"author":1,"featured_media":40523,"comment_status":"open","ping_status":"open","sticky":false,"template":"","format":"standard","meta":{"colormag_page_container_layout":"default_layout","colormag_page_sidebar_layout":"default_layout","footnotes":""},"categories":[369],"tags":[],"class_list":["post-40522","post","type-post","status-publish","format-standard","has-post-thumbnail","hentry","category-musica"],"a3_pvc":{"activated":true,"total_views":62,"today_views":0},"_links":{"self":[{"href":"https:\/\/temucotelevision.cl\/web\/wp-json\/wp\/v2\/posts\/40522","targetHints":{"allow":["GET"]}}],"collection":[{"href":"https:\/\/temucotelevision.cl\/web\/wp-json\/wp\/v2\/posts"}],"about":[{"href":"https:\/\/temucotelevision.cl\/web\/wp-json\/wp\/v2\/types\/post"}],"author":[{"embeddable":true,"href":"https:\/\/temucotelevision.cl\/web\/wp-json\/wp\/v2\/users\/1"}],"replies":[{"embeddable":true,"href":"https:\/\/temucotelevision.cl\/web\/wp-json\/wp\/v2\/comments?post=40522"}],"version-history":[{"count":1,"href":"https:\/\/temucotelevision.cl\/web\/wp-json\/wp\/v2\/posts\/40522\/revisions"}],"predecessor-version":[{"id":40524,"href":"https:\/\/temucotelevision.cl\/web\/wp-json\/wp\/v2\/posts\/40522\/revisions\/40524"}],"wp:featuredmedia":[{"embeddable":true,"href":"https:\/\/temucotelevision.cl\/web\/wp-json\/wp\/v2\/media\/40523"}],"wp:attachment":[{"href":"https:\/\/temucotelevision.cl\/web\/wp-json\/wp\/v2\/media?parent=40522"}],"wp:term":[{"taxonomy":"category","embeddable":true,"href":"https:\/\/temucotelevision.cl\/web\/wp-json\/wp\/v2\/categories?post=40522"},{"taxonomy":"post_tag","embeddable":true,"href":"https:\/\/temucotelevision.cl\/web\/wp-json\/wp\/v2\/tags?post=40522"}],"curies":[{"name":"wp","href":"https:\/\/api.w.org\/{rel}","templated":true}]}}