{"id":40518,"date":"2023-04-21T10:10:55","date_gmt":"2023-04-21T13:10:55","guid":{"rendered":"https:\/\/temucotelevision.cl\/web\/?p=40518"},"modified":"2023-04-21T10:10:56","modified_gmt":"2023-04-21T13:10:56","slug":"organizaciones-de-melipeuco-viajan-a-santiago-para-frenar-proyecto-en-el-rio-trufultruful-sabemos-que-de-materializarse-se-abrira-una-nueva-fuente-de-conflicto-en-el-territorio","status":"publish","type":"post","link":"https:\/\/temucotelevision.cl\/web\/2023\/04\/21\/organizaciones-de-melipeuco-viajan-a-santiago-para-frenar-proyecto-en-el-rio-trufultruful-sabemos-que-de-materializarse-se-abrira-una-nueva-fuente-de-conflicto-en-el-territorio\/","title":{"rendered":"Organizaciones de Melipeuco viajan a Santiago para frenar proyecto en el r\u00edo TrufulTruful:\u00a0\u201cSabemos que de materializarse, se abrir\u00e1 una nueva fuente de conflicto en el territorio\u201d"},"content":{"rendered":"<div class=\"pvc_clear\"><\/div><p id=\"pvc_stats_40518\" class=\"pvc_stats total_only  \" data-element-id=\"40518\" style=\"\"><i class=\"pvc-stats-icon large\" aria-hidden=\"true\"><svg aria-hidden=\"true\" focusable=\"false\" data-prefix=\"far\" data-icon=\"chart-bar\" role=\"img\" xmlns=\"http:\/\/www.w3.org\/2000\/svg\" viewBox=\"0 0 512 512\" class=\"svg-inline--fa fa-chart-bar fa-w-16 fa-2x\"><path fill=\"currentColor\" d=\"M396.8 352h22.4c6.4 0 12.8-6.4 12.8-12.8V108.8c0-6.4-6.4-12.8-12.8-12.8h-22.4c-6.4 0-12.8 6.4-12.8 12.8v230.4c0 6.4 6.4 12.8 12.8 12.8zm-192 0h22.4c6.4 0 12.8-6.4 12.8-12.8V140.8c0-6.4-6.4-12.8-12.8-12.8h-22.4c-6.4 0-12.8 6.4-12.8 12.8v198.4c0 6.4 6.4 12.8 12.8 12.8zm96 0h22.4c6.4 0 12.8-6.4 12.8-12.8V204.8c0-6.4-6.4-12.8-12.8-12.8h-22.4c-6.4 0-12.8 6.4-12.8 12.8v134.4c0 6.4 6.4 12.8 12.8 12.8zM496 400H48V80c0-8.84-7.16-16-16-16H16C7.16 64 0 71.16 0 80v336c0 17.67 14.33 32 32 32h464c8.84 0 16-7.16 16-16v-16c0-8.84-7.16-16-16-16zm-387.2-48h22.4c6.4 0 12.8-6.4 12.8-12.8v-70.4c0-6.4-6.4-12.8-12.8-12.8h-22.4c-6.4 0-12.8 6.4-12.8 12.8v70.4c0 6.4 6.4 12.8 12.8 12.8z\" class=\"\"><\/path><\/svg><\/i> <img loading=\"lazy\" decoding=\"async\" width=\"16\" height=\"16\" alt=\"Loading\" src=\"https:\/\/temucotelevision.cl\/web\/wp-content\/plugins\/page-views-count\/ajax-loader-2x.gif\" border=0 \/><\/p><div class=\"pvc_clear\"><\/div>\n<p>\u201cA\u00fan existe la posibilidad jur\u00eddica de invalidar la decisi\u00f3n del Comit\u00e9 de Ministros por oficio (&#8230;) queremos manifestarle que despu\u00e9s de 10 a\u00f1os de lucha contra este proyecto, tenemos la manifiesta claridad que no lo permitiremos\u201d, enfatiza la carta entregada a la Ministra del Medio Ambiente, Maisa Rojas.<\/p>\n\n\n\n<p><strong>MEDIOAMBIENTE.-<\/strong><strong> <\/strong>Voceras de la organizaci\u00f3n Melipeuco R\u00edos Libres y el alcalde de la comuna de Melipeuco, Alejandro Cuminao Barros, viajaron hasta Santiago para reunirse con la Ministra del Medio Ambiente, Maisa Rojas. La comitiva hizo entrega de una carta que busca lograr la invalidaci\u00f3n de la reciente decisi\u00f3n del Comit\u00e9 de Ministros que estar\u00eda dando luz verde al proyecto Central Hidroel\u00e9ctrica El Rinc\u00f3n, r\u00edo Truful Truful en Melipeuco, Regi\u00f3n de La Araucan\u00eda, pese al tajante rechazo que ha generado en la sociedad civil.<\/p>\n\n\n\n<p>Dicho proyecto ingresa al Servicio de Evaluaci\u00f3n Ambiental (SEA) v\u00eda Estudio de Impacto Ambiental (DIA) en el a\u00f1o 2013 y de forma inmediata, comunidades mapuche, organizaciones sociales, medioambientales, la ciudadan\u00eda y los distintos alcaldes que han transitado en estos a\u00f1os han compartido durante una d\u00e9cada su total oposici\u00f3n.<\/p>\n\n\n\n<p>A pesar de que en el a\u00f1o 2018, el proyecto fuera votado por la Comisi\u00f3n de Evaluaci\u00f3n Ambiental del SEA, siendo rechazado por unanimidad, la empresa Ingenier\u00eda y Construcci\u00f3n Madrid S.A, del titular y empresario chileno Manuel Madrid ha continuado con la tramitaci\u00f3n, apelando al Comit\u00e9 de Ministros ese mismo a\u00f1o.<\/p>\n\n\n\n<p>Madrid, quien posee el 80 por ciento de los derechos de agua en Melipeuco,&nbsp; tambi\u00e9n est\u00e1 asociado a la transnacional Enacon, responsable de instalar otros proyectos extractivistas en la zona como minicentrales hidroel\u00e9ctricas en Carilafqu\u00e9n-Malalcahuello y l\u00edneas de alta tensi\u00f3n.<\/p>\n\n\n\n<p><strong>\u201cBUSCAMOS INVALIDAR LA DECISI\u00d3N DEL COMIT\u00c9 DE MINISTROS\u201d<\/strong><\/p>\n\n\n\n<p>\u201cEn Agosto del 2019 el Comit\u00e9 de Ministros, entre cuatro paredes y sin o\u00edr los argumentos t\u00e9cnicos del SEA, ni la postura de las Comunidades Ind\u00edgenas, ni del Municipio, ni de la ciudadan\u00eda, aprob\u00f3 el proyecto\u201d, enfatiza la carta entregada a la Subsecretar\u00eda del Medioambiente. Frente a esta aprobaci\u00f3n, las organizaciones interpusieron recursos de invalidaci\u00f3n sobre la decisi\u00f3n del Comit\u00e9 de Ministros y recursos de Reclamaci\u00f3n ante los Tribunales Ambientales, en la ciudad de Valdivia.<\/p>\n\n\n\n<p>Los recursos en los tribunales ambientales quedaron detenidos mientras no se revisara el recurso de invalidaci\u00f3n en el Comit\u00e9 de Ministros pero el 6 de marzo pasado decidieron rechazar los recursos de invalidaci\u00f3n interpuestos por las comunidades y organizaciones medioambientales de Melipeuco.&nbsp;<\/p>\n\n\n\n<p>\u201cQueremos manifestar nuestra profunda decepci\u00f3n con el actual gobierno. Muchos de nosotros cre\u00edmos en sus promesas de campa\u00f1a, donde se dec\u00eda que ser\u00eda el primer gobierno ecologista de la historia. Sin embargo, teniendo la posibilidad de hacerlo, el Comit\u00e9 de Ministros decidi\u00f3 ratificar la decisi\u00f3n de aprobar este proyecto\u201d, se\u00f1ala el documento redactado por Melipeuco R\u00edos Libres junto a otras organizaciones que han mantenido durante diez a\u00f1os su rechazo al proyecto Central Hidroel\u00e9ctrica El Rinc\u00f3n.<\/p>\n\n\n\n<p>\u201c<strong>A\u00fan existe la posibilidad jur\u00eddica de invalidar la decisi\u00f3n del Comit\u00e9 de Ministros por oficio<\/strong>. Si esto se hace, terminaremos con el proyecto y nos evitaremos un enorme desgaste en los Tribunales Ambientales. Este tipo de invalidaci\u00f3n tiene dos a\u00f1os de plazo, por lo que la fecha l\u00edmite es junio de 2023 para invalidar la decisi\u00f3n del primer Comit\u00e9 de Ministros\u201d, agrega el documento.&nbsp;<\/p>\n\n\n\n<p>Finalmente, las organizaciones Melipeuco R\u00edos Libres y el alcalde de la comuna se\u00f1alan que \u201cdespu\u00e9s de 10 a\u00f1os de lucha contra este proyecto, tenemos la manifiesta claridad como territorio que no lo permitiremos. Sentimos que no se ha tomado el peso a la importancia del r\u00edo Truful Truful como lugar sagrado para el pueblo mapuche no s\u00f3lo a nivel comunal, sino de todo el Wallmapu.<strong> Sabemos que de materializarse, se abrir\u00e1 una nueva fuente de conflicto en el territorio<\/strong> y ser\u00e1 una grave afrenta al pueblo mapuche y su religiosidad\u201d, enfatizaron.<\/p>\n\n\n\n<figure class=\"wp-block-image size-large\"><img loading=\"lazy\" decoding=\"async\" width=\"1024\" height=\"682\" src=\"https:\/\/temucotelevision.cl\/web\/wp-content\/uploads\/2023\/04\/TruFul-1024x682.jpeg\" alt=\"\" class=\"wp-image-40520\" srcset=\"https:\/\/temucotelevision.cl\/web\/wp-content\/uploads\/2023\/04\/TruFul-1024x682.jpeg 1024w, https:\/\/temucotelevision.cl\/web\/wp-content\/uploads\/2023\/04\/TruFul-768x512.jpeg 768w, https:\/\/temucotelevision.cl\/web\/wp-content\/uploads\/2023\/04\/TruFul-1536x1023.jpeg 1536w, https:\/\/temucotelevision.cl\/web\/wp-content\/uploads\/2023\/04\/TruFul.jpeg 1600w\" sizes=\"auto, (max-width: 1024px) 100vw, 1024px\" \/><\/figure>\n","protected":false},"excerpt":{"rendered":"<div class=\"pvc_clear\"><\/div>\n<p id=\"pvc_stats_40518\" class=\"pvc_stats total_only  \" data-element-id=\"40518\" style=\"\"><i class=\"pvc-stats-icon large\" aria-hidden=\"true\"><svg aria-hidden=\"true\" focusable=\"false\" data-prefix=\"far\" data-icon=\"chart-bar\" role=\"img\" xmlns=\"http:\/\/www.w3.org\/2000\/svg\" viewBox=\"0 0 512 512\" class=\"svg-inline--fa fa-chart-bar fa-w-16 fa-2x\"><path fill=\"currentColor\" d=\"M396.8 352h22.4c6.4 0 12.8-6.4 12.8-12.8V108.8c0-6.4-6.4-12.8-12.8-12.8h-22.4c-6.4 0-12.8 6.4-12.8 12.8v230.4c0 6.4 6.4 12.8 12.8 12.8zm-192 0h22.4c6.4 0 12.8-6.4 12.8-12.8V140.8c0-6.4-6.4-12.8-12.8-12.8h-22.4c-6.4 0-12.8 6.4-12.8 12.8v198.4c0 6.4 6.4 12.8 12.8 12.8zm96 0h22.4c6.4 0 12.8-6.4 12.8-12.8V204.8c0-6.4-6.4-12.8-12.8-12.8h-22.4c-6.4 0-12.8 6.4-12.8 12.8v134.4c0 6.4 6.4 12.8 12.8 12.8zM496 400H48V80c0-8.84-7.16-16-16-16H16C7.16 64 0 71.16 0 80v336c0 17.67 14.33 32 32 32h464c8.84 0 16-7.16 16-16v-16c0-8.84-7.16-16-16-16zm-387.2-48h22.4c6.4 0 12.8-6.4 12.8-12.8v-70.4c0-6.4-6.4-12.8-12.8-12.8h-22.4c-6.4 0-12.8 6.4-12.8 12.8v70.4c0 6.4 6.4 12.8 12.8 12.8z\" class=\"\"><\/path><\/svg><\/i> <img loading=\"lazy\" decoding=\"async\" width=\"16\" height=\"16\" alt=\"Loading\" src=\"https:\/\/temucotelevision.cl\/web\/wp-content\/plugins\/page-views-count\/ajax-loader-2x.gif\" border=0 \/><\/p>\n<div class=\"pvc_clear\"><\/div>\n<p>\u201cA\u00fan existe la posibilidad jur\u00eddica de invalidar la decisi\u00f3n del Comit\u00e9 de Ministros por oficio (&#8230;) queremos manifestarle que despu\u00e9s<\/p>\n","protected":false},"author":1,"featured_media":40519,"comment_status":"open","ping_status":"open","sticky":false,"template":"","format":"standard","meta":{"colormag_page_container_layout":"default_layout","colormag_page_sidebar_layout":"default_layout","footnotes":""},"categories":[15],"tags":[248,4744,3898],"class_list":["post-40518","post","type-post","status-publish","format-standard","has-post-thumbnail","hentry","category-la-araucania","tag-melipeuco","tag-territorio","tag-truful-truful"],"a3_pvc":{"activated":true,"total_views":168,"today_views":0},"_links":{"self":[{"href":"https:\/\/temucotelevision.cl\/web\/wp-json\/wp\/v2\/posts\/40518","targetHints":{"allow":["GET"]}}],"collection":[{"href":"https:\/\/temucotelevision.cl\/web\/wp-json\/wp\/v2\/posts"}],"about":[{"href":"https:\/\/temucotelevision.cl\/web\/wp-json\/wp\/v2\/types\/post"}],"author":[{"embeddable":true,"href":"https:\/\/temucotelevision.cl\/web\/wp-json\/wp\/v2\/users\/1"}],"replies":[{"embeddable":true,"href":"https:\/\/temucotelevision.cl\/web\/wp-json\/wp\/v2\/comments?post=40518"}],"version-history":[{"count":1,"href":"https:\/\/temucotelevision.cl\/web\/wp-json\/wp\/v2\/posts\/40518\/revisions"}],"predecessor-version":[{"id":40521,"href":"https:\/\/temucotelevision.cl\/web\/wp-json\/wp\/v2\/posts\/40518\/revisions\/40521"}],"wp:featuredmedia":[{"embeddable":true,"href":"https:\/\/temucotelevision.cl\/web\/wp-json\/wp\/v2\/media\/40519"}],"wp:attachment":[{"href":"https:\/\/temucotelevision.cl\/web\/wp-json\/wp\/v2\/media?parent=40518"}],"wp:term":[{"taxonomy":"category","embeddable":true,"href":"https:\/\/temucotelevision.cl\/web\/wp-json\/wp\/v2\/categories?post=40518"},{"taxonomy":"post_tag","embeddable":true,"href":"https:\/\/temucotelevision.cl\/web\/wp-json\/wp\/v2\/tags?post=40518"}],"curies":[{"name":"wp","href":"https:\/\/api.w.org\/{rel}","templated":true}]}}