{"id":40505,"date":"2023-04-20T19:11:44","date_gmt":"2023-04-20T22:11:44","guid":{"rendered":"https:\/\/temucotelevision.cl\/web\/?p=40505"},"modified":"2023-04-20T19:11:46","modified_gmt":"2023-04-20T22:11:46","slug":"gobierno-regional-aprueba-recursos-que-beneficiara-a-800-familias-con-agua-potable-de-sectores-rurales-cinco-laureles-tromen-bajo-y-alto-en-temuco","status":"publish","type":"post","link":"https:\/\/temucotelevision.cl\/web\/2023\/04\/20\/gobierno-regional-aprueba-recursos-que-beneficiara-a-800-familias-con-agua-potable-de-sectores-rurales-cinco-laureles-tromen-bajo-y-alto-en-temuco\/","title":{"rendered":"Gobierno Regional aprueba recursos que beneficiar\u00e1 a 800 familias con agua potable de sectores rurales Cinco Laureles, Tromen Bajo y Alto en Temuco"},"content":{"rendered":"<div class=\"pvc_clear\"><\/div><p id=\"pvc_stats_40505\" class=\"pvc_stats total_only  \" data-element-id=\"40505\" style=\"\"><i class=\"pvc-stats-icon large\" aria-hidden=\"true\"><svg aria-hidden=\"true\" focusable=\"false\" data-prefix=\"far\" data-icon=\"chart-bar\" role=\"img\" xmlns=\"http:\/\/www.w3.org\/2000\/svg\" viewBox=\"0 0 512 512\" class=\"svg-inline--fa fa-chart-bar fa-w-16 fa-2x\"><path fill=\"currentColor\" d=\"M396.8 352h22.4c6.4 0 12.8-6.4 12.8-12.8V108.8c0-6.4-6.4-12.8-12.8-12.8h-22.4c-6.4 0-12.8 6.4-12.8 12.8v230.4c0 6.4 6.4 12.8 12.8 12.8zm-192 0h22.4c6.4 0 12.8-6.4 12.8-12.8V140.8c0-6.4-6.4-12.8-12.8-12.8h-22.4c-6.4 0-12.8 6.4-12.8 12.8v198.4c0 6.4 6.4 12.8 12.8 12.8zm96 0h22.4c6.4 0 12.8-6.4 12.8-12.8V204.8c0-6.4-6.4-12.8-12.8-12.8h-22.4c-6.4 0-12.8 6.4-12.8 12.8v134.4c0 6.4 6.4 12.8 12.8 12.8zM496 400H48V80c0-8.84-7.16-16-16-16H16C7.16 64 0 71.16 0 80v336c0 17.67 14.33 32 32 32h464c8.84 0 16-7.16 16-16v-16c0-8.84-7.16-16-16-16zm-387.2-48h22.4c6.4 0 12.8-6.4 12.8-12.8v-70.4c0-6.4-6.4-12.8-12.8-12.8h-22.4c-6.4 0-12.8 6.4-12.8 12.8v70.4c0 6.4 6.4 12.8 12.8 12.8z\" class=\"\"><\/path><\/svg><\/i> <img loading=\"lazy\" decoding=\"async\" width=\"16\" height=\"16\" alt=\"Loading\" src=\"https:\/\/temucotelevision.cl\/web\/wp-content\/plugins\/page-views-count\/ajax-loader-2x.gif\" border=0 \/><\/p><div class=\"pvc_clear\"><\/div>\n<p><em>La presidente del APR Cinco Laureles se mostr\u00f3 emocionada ante la rapidez del Gobierno Regional, liderado por Luciano Rivas, para concretar la segunda etapa de este proyecto, ya que las primeras 400 familias contempladas en la etapa inicial tuvieron que esperar m\u00e1s de 20 a\u00f1os para poder contar con agua potable en sus viviendas.<\/em><\/p>\n\n\n\n<p>En noviembre de 2021 y luego de 20 a\u00f1os de espera, se dio el vamos al anhelado proyecto de construcci\u00f3n del APR Cinco Laureles, Trom\u00e9n Bajo, Alto y Ram\u00f3n Reyes para 441 familias de este sector rural de la capital regional. Hoy, con un 86% de avance en las obras y entendiendo la necesidad de beneficiar a m\u00e1s familias que residen y han llegado a este sector de Temuco, el gobernador Luciano Rivas, firm\u00f3 un incremento de obra por $1.499 millones que fue aprobado por una unanimidad por el Consejo Regional, el que permitir\u00e1 desarrollar la segunda etapa de esta obra para entregar agua potable y una mejor calidad de vida a un total de 800 familias.<\/p>\n\n\n\n<p>Este proyecto, uno de los m\u00e1s grandes de la regi\u00f3n y que tendr\u00e1 un costo total de $8.427 millones, incluye adem\u00e1s de las 799 viviendas, cinco escuelas, cinco cementerios, ocho templos y siete sedes sociales de los sectores rurales de Temuco.<\/p>\n\n\n\n<p>Sobre este mensaje, el gobernador Luciano Rivas dijo que, \u201ceste es un proyecto important\u00edsimo para nuestro Gobierno Regional, uno de los proyectos m\u00e1s grandes que hemos realizado a nivel regional, principalmente por la cantidad de personas que va a impactar. Estas 800 familias que se van a ver beneficiadas con este APR de primer nivel que adem\u00e1s tiene una capacidad de crecer en el futuro\u201d.<\/p>\n\n\n\n<p>La m\u00e1xima autoridad regional adem\u00e1s afirm\u00f3 que, \u201clo que estamos haciendo ac\u00e1 es mejorar la calidad de vida de los vecinos, en una comuna que a veces nos olvidamos que tiene un porcentaje de ruralidad tan importante como Temuco, y que es fundamental que podamos llegar como Estado con soluciones reales. Cuando llegamos con agua potable rural estamos, no solamente emparejando la cancha entre lo urbano, rural y dando la posibilidad que nuestros vecinos puedan abrir la llave y puedan tener los mismos accesos que tienen en la ciudad, sino que estamos entregando dignidad, calidad de vida y tambi\u00e9n la posibilidad de emprender, por ejemplo, y avanzar en temas de fruticultura, por eso son tan importantes estos proyectos y son prioridad para nuestro Gobierno Regional\u201d.<\/p>\n\n\n\n<p>El alcalde de Temuco, Roberto Neira, tambi\u00e9n se refiri\u00f3 a este nuevo proyecto para la comuna y sostuvo que, \u201cesto es entregar dignidad, calidad de vida y un acto de justicia a m\u00e1s de 800 familias del sector rural de Temuco. Bien lo dec\u00eda el gobernador, muchas veces se cree que Temuco no tiene sector rural porque es muy peque\u00f1o, pero en realidad, el sector rural de la comuna es amplio y muy carenciado como otros lugares de la regi\u00f3n, es por eso que una inversi\u00f3n en dos etapas cercana a los $9 mil millones es sin duda, un logro importante para la comuna y al trabajo realizado mancomunadamente entre el Gobierno Regional y la Municipalidad de Temuco, es sin duda, una muy buena noticia para los habitantes del APR Cinco Laureles\u201d.<\/p>\n\n\n\n<p>La consejera regional y presidente de la Comisi\u00f3n Agua Potable Rural, Genoveva Sep\u00falveda, tambi\u00e9n se refiri\u00f3 a este proyecto y dijo que, \u201choy estamos compartiendo la alegr\u00eda con los vecinos de haber firmado este mensaje de una cantidad de recursos muy importante para poder incorporar a este proyecto, que ya viene de hace varios a\u00f1os trabaj\u00e1ndose desde el Gobierno Regional en conjunto con la Municipalidad, poder entregarle a 358 familias m\u00e1s y hemos llegado a un total de $9 mil millones, y es una tremenda cantidad de recursos del Gobierno Regional, pero lo hacemos con mucho gusto, cari\u00f1o y entusiasmo, porque al ver a nuestros vecinos en el sector rural, carentes de poder abrir una llave en su casa y que salga agua potable, creo que es la mayor alegr\u00eda que le podemos traer hoy d\u00eda\u201d.<\/p>\n\n\n\n<p>Mientras que Mar\u00eda Luisa Calfante, presidente del APR Cinco Laureles, Trom\u00e9n Bajo y Alto, coment\u00f3 que, \u201cvamos a ser un total muy alto y para nosotros es un d\u00eda especial, de emoci\u00f3n m\u00e1s que nada, porque este proyecto de la segunda etapa se hizo tan r\u00e1pido y el anterior tuvimos que esperar 20 a\u00f1os, pero ya estamos casi listos con lo que necesitamos que es el agua y vamos a comenzar una nueva vida, porque va a cambiar todo. Hay d\u00edas que nos falla el agua que nos vienen a entregar y una vez teniendo las llaves no nos vamos a tener que preocupar m\u00e1s, solamente preocuparnos de tener los recursos para pagar el consumo que de una u otra manera sale, porque si uno quiere, puede\u201d.<\/p>\n","protected":false},"excerpt":{"rendered":"<div class=\"pvc_clear\"><\/div>\n<p id=\"pvc_stats_40505\" class=\"pvc_stats total_only  \" data-element-id=\"40505\" style=\"\"><i class=\"pvc-stats-icon large\" aria-hidden=\"true\"><svg aria-hidden=\"true\" focusable=\"false\" data-prefix=\"far\" data-icon=\"chart-bar\" role=\"img\" xmlns=\"http:\/\/www.w3.org\/2000\/svg\" viewBox=\"0 0 512 512\" class=\"svg-inline--fa fa-chart-bar fa-w-16 fa-2x\"><path fill=\"currentColor\" d=\"M396.8 352h22.4c6.4 0 12.8-6.4 12.8-12.8V108.8c0-6.4-6.4-12.8-12.8-12.8h-22.4c-6.4 0-12.8 6.4-12.8 12.8v230.4c0 6.4 6.4 12.8 12.8 12.8zm-192 0h22.4c6.4 0 12.8-6.4 12.8-12.8V140.8c0-6.4-6.4-12.8-12.8-12.8h-22.4c-6.4 0-12.8 6.4-12.8 12.8v198.4c0 6.4 6.4 12.8 12.8 12.8zm96 0h22.4c6.4 0 12.8-6.4 12.8-12.8V204.8c0-6.4-6.4-12.8-12.8-12.8h-22.4c-6.4 0-12.8 6.4-12.8 12.8v134.4c0 6.4 6.4 12.8 12.8 12.8zM496 400H48V80c0-8.84-7.16-16-16-16H16C7.16 64 0 71.16 0 80v336c0 17.67 14.33 32 32 32h464c8.84 0 16-7.16 16-16v-16c0-8.84-7.16-16-16-16zm-387.2-48h22.4c6.4 0 12.8-6.4 12.8-12.8v-70.4c0-6.4-6.4-12.8-12.8-12.8h-22.4c-6.4 0-12.8 6.4-12.8 12.8v70.4c0 6.4 6.4 12.8 12.8 12.8z\" class=\"\"><\/path><\/svg><\/i> <img loading=\"lazy\" decoding=\"async\" width=\"16\" height=\"16\" alt=\"Loading\" src=\"https:\/\/temucotelevision.cl\/web\/wp-content\/plugins\/page-views-count\/ajax-loader-2x.gif\" border=0 \/><\/p>\n<div class=\"pvc_clear\"><\/div>\n<p>La presidente del APR Cinco Laureles se mostr\u00f3 emocionada ante la rapidez del Gobierno Regional, liderado por Luciano Rivas, para<\/p>\n","protected":false},"author":1,"featured_media":40506,"comment_status":"open","ping_status":"open","sticky":false,"template":"","format":"standard","meta":{"colormag_page_container_layout":"default_layout","colormag_page_sidebar_layout":"default_layout","footnotes":""},"categories":[15],"tags":[5189,147,6125,210],"class_list":["post-40505","post","type-post","status-publish","format-standard","has-post-thumbnail","hentry","category-la-araucania","tag-agua-potable","tag-familias","tag-gobierno-regional","tag-recursos"],"a3_pvc":{"activated":true,"total_views":76,"today_views":0},"_links":{"self":[{"href":"https:\/\/temucotelevision.cl\/web\/wp-json\/wp\/v2\/posts\/40505","targetHints":{"allow":["GET"]}}],"collection":[{"href":"https:\/\/temucotelevision.cl\/web\/wp-json\/wp\/v2\/posts"}],"about":[{"href":"https:\/\/temucotelevision.cl\/web\/wp-json\/wp\/v2\/types\/post"}],"author":[{"embeddable":true,"href":"https:\/\/temucotelevision.cl\/web\/wp-json\/wp\/v2\/users\/1"}],"replies":[{"embeddable":true,"href":"https:\/\/temucotelevision.cl\/web\/wp-json\/wp\/v2\/comments?post=40505"}],"version-history":[{"count":1,"href":"https:\/\/temucotelevision.cl\/web\/wp-json\/wp\/v2\/posts\/40505\/revisions"}],"predecessor-version":[{"id":40507,"href":"https:\/\/temucotelevision.cl\/web\/wp-json\/wp\/v2\/posts\/40505\/revisions\/40507"}],"wp:featuredmedia":[{"embeddable":true,"href":"https:\/\/temucotelevision.cl\/web\/wp-json\/wp\/v2\/media\/40506"}],"wp:attachment":[{"href":"https:\/\/temucotelevision.cl\/web\/wp-json\/wp\/v2\/media?parent=40505"}],"wp:term":[{"taxonomy":"category","embeddable":true,"href":"https:\/\/temucotelevision.cl\/web\/wp-json\/wp\/v2\/categories?post=40505"},{"taxonomy":"post_tag","embeddable":true,"href":"https:\/\/temucotelevision.cl\/web\/wp-json\/wp\/v2\/tags?post=40505"}],"curies":[{"name":"wp","href":"https:\/\/api.w.org\/{rel}","templated":true}]}}