{"id":40502,"date":"2023-04-20T19:06:23","date_gmt":"2023-04-20T22:06:23","guid":{"rendered":"https:\/\/temucotelevision.cl\/web\/?p=40502"},"modified":"2023-04-20T19:06:24","modified_gmt":"2023-04-20T22:06:24","slug":"25-internos-del-cdp-de-angol-se-bautizaron-en-emotiva-ceremonia-evangelica","status":"publish","type":"post","link":"https:\/\/temucotelevision.cl\/web\/2023\/04\/20\/25-internos-del-cdp-de-angol-se-bautizaron-en-emotiva-ceremonia-evangelica\/","title":{"rendered":"25 internos del CDP de Angol se bautizaron en emotiva ceremonia evang\u00e9lica"},"content":{"rendered":"<div class=\"pvc_clear\"><\/div><p id=\"pvc_stats_40502\" class=\"pvc_stats total_only  \" data-element-id=\"40502\" style=\"\"><i class=\"pvc-stats-icon large\" aria-hidden=\"true\"><svg aria-hidden=\"true\" focusable=\"false\" data-prefix=\"far\" data-icon=\"chart-bar\" role=\"img\" xmlns=\"http:\/\/www.w3.org\/2000\/svg\" viewBox=\"0 0 512 512\" class=\"svg-inline--fa fa-chart-bar fa-w-16 fa-2x\"><path fill=\"currentColor\" d=\"M396.8 352h22.4c6.4 0 12.8-6.4 12.8-12.8V108.8c0-6.4-6.4-12.8-12.8-12.8h-22.4c-6.4 0-12.8 6.4-12.8 12.8v230.4c0 6.4 6.4 12.8 12.8 12.8zm-192 0h22.4c6.4 0 12.8-6.4 12.8-12.8V140.8c0-6.4-6.4-12.8-12.8-12.8h-22.4c-6.4 0-12.8 6.4-12.8 12.8v198.4c0 6.4 6.4 12.8 12.8 12.8zm96 0h22.4c6.4 0 12.8-6.4 12.8-12.8V204.8c0-6.4-6.4-12.8-12.8-12.8h-22.4c-6.4 0-12.8 6.4-12.8 12.8v134.4c0 6.4 6.4 12.8 12.8 12.8zM496 400H48V80c0-8.84-7.16-16-16-16H16C7.16 64 0 71.16 0 80v336c0 17.67 14.33 32 32 32h464c8.84 0 16-7.16 16-16v-16c0-8.84-7.16-16-16-16zm-387.2-48h22.4c6.4 0 12.8-6.4 12.8-12.8v-70.4c0-6.4-6.4-12.8-12.8-12.8h-22.4c-6.4 0-12.8 6.4-12.8 12.8v70.4c0 6.4 6.4 12.8 12.8 12.8z\" class=\"\"><\/path><\/svg><\/i> <img loading=\"lazy\" decoding=\"async\" width=\"16\" height=\"16\" alt=\"Loading\" src=\"https:\/\/temucotelevision.cl\/web\/wp-content\/plugins\/page-views-count\/ajax-loader-2x.gif\" border=0 \/><\/p><div class=\"pvc_clear\"><\/div>\n<p><em>Personas privadas de libertad bautizadas, pertenecen a un m\u00f3dulo evang\u00e9lico donde a trav\u00e9s de la Fe buscan el perd\u00f3n por los errores cometidos y trabajan por su Reinserci\u00f3n Social.<\/em><\/p>\n\n\n\n<p>En el Gimnasio del Centro de Detenci\u00f3n Preventiva de Angol se llev\u00f3 a cabo una emotiva ceremonia de Bautismo Evang\u00e9lico a 25 personas privadas de libertad, quienes mostraron as\u00ed su fe y convicci\u00f3n hacia el cristianismo, como una forma de fortalecer de manera integral su vida al servicio de Cristo.&nbsp;<\/p>\n\n\n\n<p>La ceremonia estuvo presidida por el Capell\u00e1n Evang\u00e9lico Pastor Eladio Cerda Bonilla, quien al respecto destac\u00f3: \u201cEsta ceremonia me llena de orgullo porque la gente que participa en esto est\u00e1 en un proceso de cambio de vida, sus familias tambi\u00e9n se integran y comparten un momento de afecto.<\/p>\n\n\n\n<p>En algunas unidades penales tenemos sectores especiales para las personas evang\u00e9licas, se llaman m\u00f3dulos APAC que significa \u201cAmando al Preso Amar\u00e1s a Cristo\u201d y ah\u00ed ellos tienen estudios b\u00edblicos, trabajan y crecen&nbsp;juntos como personas. No debemos olvidar de que la fe siempre cumple un rol importante en lo que es el cambio conductual de un interno al interior de un establecimiento penitenciario, por esa raz\u00f3n debemos acompa\u00f1arlos y apoyarlos en ese proceso de crecimiento personal\u201d.<\/p>\n\n\n\n<p>Cabe mencionar que los internos que fueron bautizados, participaron de jornadas de reflexi\u00f3n previas, donde conversaron en torno al significado e importancia del bautismo.<\/p>\n\n\n\n<p>La ceremonia se inici\u00f3 con la preparaci\u00f3n de la piscina donde los internos, que vest\u00edan t\u00fanicas blancas, fueron sumergidos como s\u00edmbolo del bautismo, y luego participaron de un culto especial de recepci\u00f3n, donde pudieron compartir este significativo momento con sus familiares, amigos y Agentes Pastorales Voluntarios.<\/p>\n\n\n\n<p>Finalmente, cabe se\u00f1alar que actualmente se encuentran en per\u00edodo de preparaci\u00f3n al bautismo internos del Centro de Estudio y Trabajo de Victoria, Centro de Cumplimiento Penitenciario de Temuco, Nueva Imperial e internas del Centro Penitenciario Femenino.<\/p>\n","protected":false},"excerpt":{"rendered":"<div class=\"pvc_clear\"><\/div>\n<p id=\"pvc_stats_40502\" class=\"pvc_stats total_only  \" data-element-id=\"40502\" style=\"\"><i class=\"pvc-stats-icon large\" aria-hidden=\"true\"><svg aria-hidden=\"true\" focusable=\"false\" data-prefix=\"far\" data-icon=\"chart-bar\" role=\"img\" xmlns=\"http:\/\/www.w3.org\/2000\/svg\" viewBox=\"0 0 512 512\" class=\"svg-inline--fa fa-chart-bar fa-w-16 fa-2x\"><path fill=\"currentColor\" d=\"M396.8 352h22.4c6.4 0 12.8-6.4 12.8-12.8V108.8c0-6.4-6.4-12.8-12.8-12.8h-22.4c-6.4 0-12.8 6.4-12.8 12.8v230.4c0 6.4 6.4 12.8 12.8 12.8zm-192 0h22.4c6.4 0 12.8-6.4 12.8-12.8V140.8c0-6.4-6.4-12.8-12.8-12.8h-22.4c-6.4 0-12.8 6.4-12.8 12.8v198.4c0 6.4 6.4 12.8 12.8 12.8zm96 0h22.4c6.4 0 12.8-6.4 12.8-12.8V204.8c0-6.4-6.4-12.8-12.8-12.8h-22.4c-6.4 0-12.8 6.4-12.8 12.8v134.4c0 6.4 6.4 12.8 12.8 12.8zM496 400H48V80c0-8.84-7.16-16-16-16H16C7.16 64 0 71.16 0 80v336c0 17.67 14.33 32 32 32h464c8.84 0 16-7.16 16-16v-16c0-8.84-7.16-16-16-16zm-387.2-48h22.4c6.4 0 12.8-6.4 12.8-12.8v-70.4c0-6.4-6.4-12.8-12.8-12.8h-22.4c-6.4 0-12.8 6.4-12.8 12.8v70.4c0 6.4 6.4 12.8 12.8 12.8z\" class=\"\"><\/path><\/svg><\/i> <img loading=\"lazy\" decoding=\"async\" width=\"16\" height=\"16\" alt=\"Loading\" src=\"https:\/\/temucotelevision.cl\/web\/wp-content\/plugins\/page-views-count\/ajax-loader-2x.gif\" border=0 \/><\/p>\n<div class=\"pvc_clear\"><\/div>\n<p>Personas privadas de libertad bautizadas, pertenecen a un m\u00f3dulo evang\u00e9lico donde a trav\u00e9s de la Fe buscan el perd\u00f3n por<\/p>\n","protected":false},"author":1,"featured_media":40503,"comment_status":"open","ping_status":"open","sticky":false,"template":"","format":"standard","meta":{"colormag_page_container_layout":"default_layout","colormag_page_sidebar_layout":"default_layout","footnotes":""},"categories":[14],"tags":[559,1720,6376,2611],"class_list":["post-40502","post","type-post","status-publish","format-standard","has-post-thumbnail","hentry","category-temuco","tag-angol","tag-ceremonia","tag-evengelica","tag-internos"],"a3_pvc":{"activated":true,"total_views":70,"today_views":0},"_links":{"self":[{"href":"https:\/\/temucotelevision.cl\/web\/wp-json\/wp\/v2\/posts\/40502","targetHints":{"allow":["GET"]}}],"collection":[{"href":"https:\/\/temucotelevision.cl\/web\/wp-json\/wp\/v2\/posts"}],"about":[{"href":"https:\/\/temucotelevision.cl\/web\/wp-json\/wp\/v2\/types\/post"}],"author":[{"embeddable":true,"href":"https:\/\/temucotelevision.cl\/web\/wp-json\/wp\/v2\/users\/1"}],"replies":[{"embeddable":true,"href":"https:\/\/temucotelevision.cl\/web\/wp-json\/wp\/v2\/comments?post=40502"}],"version-history":[{"count":1,"href":"https:\/\/temucotelevision.cl\/web\/wp-json\/wp\/v2\/posts\/40502\/revisions"}],"predecessor-version":[{"id":40504,"href":"https:\/\/temucotelevision.cl\/web\/wp-json\/wp\/v2\/posts\/40502\/revisions\/40504"}],"wp:featuredmedia":[{"embeddable":true,"href":"https:\/\/temucotelevision.cl\/web\/wp-json\/wp\/v2\/media\/40503"}],"wp:attachment":[{"href":"https:\/\/temucotelevision.cl\/web\/wp-json\/wp\/v2\/media?parent=40502"}],"wp:term":[{"taxonomy":"category","embeddable":true,"href":"https:\/\/temucotelevision.cl\/web\/wp-json\/wp\/v2\/categories?post=40502"},{"taxonomy":"post_tag","embeddable":true,"href":"https:\/\/temucotelevision.cl\/web\/wp-json\/wp\/v2\/tags?post=40502"}],"curies":[{"name":"wp","href":"https:\/\/api.w.org\/{rel}","templated":true}]}}