{"id":40499,"date":"2023-04-20T18:15:36","date_gmt":"2023-04-20T21:15:36","guid":{"rendered":"https:\/\/temucotelevision.cl\/web\/?p=40499"},"modified":"2023-04-20T18:15:37","modified_gmt":"2023-04-20T21:15:37","slug":"nodo-conexion-sur-y-su-aporte-intercultural-la-macrozona-sur-es-lider-en-el-area-cientifica-a-nivel-nacional","status":"publish","type":"post","link":"https:\/\/temucotelevision.cl\/web\/2023\/04\/20\/nodo-conexion-sur-y-su-aporte-intercultural-la-macrozona-sur-es-lider-en-el-area-cientifica-a-nivel-nacional\/","title":{"rendered":"Nodo Conexi\u00f3n Sur y su aporte intercultural: \u00a0\u201cLa macrozona sur es l\u00edder en el \u00e1rea cient\u00edfica a nivel nacional\u201d"},"content":{"rendered":"<div class=\"pvc_clear\"><\/div><p id=\"pvc_stats_40499\" class=\"pvc_stats total_only  \" data-element-id=\"40499\" style=\"\"><i class=\"pvc-stats-icon large\" aria-hidden=\"true\"><svg aria-hidden=\"true\" focusable=\"false\" data-prefix=\"far\" data-icon=\"chart-bar\" role=\"img\" xmlns=\"http:\/\/www.w3.org\/2000\/svg\" viewBox=\"0 0 512 512\" class=\"svg-inline--fa fa-chart-bar fa-w-16 fa-2x\"><path fill=\"currentColor\" d=\"M396.8 352h22.4c6.4 0 12.8-6.4 12.8-12.8V108.8c0-6.4-6.4-12.8-12.8-12.8h-22.4c-6.4 0-12.8 6.4-12.8 12.8v230.4c0 6.4 6.4 12.8 12.8 12.8zm-192 0h22.4c6.4 0 12.8-6.4 12.8-12.8V140.8c0-6.4-6.4-12.8-12.8-12.8h-22.4c-6.4 0-12.8 6.4-12.8 12.8v198.4c0 6.4 6.4 12.8 12.8 12.8zm96 0h22.4c6.4 0 12.8-6.4 12.8-12.8V204.8c0-6.4-6.4-12.8-12.8-12.8h-22.4c-6.4 0-12.8 6.4-12.8 12.8v134.4c0 6.4 6.4 12.8 12.8 12.8zM496 400H48V80c0-8.84-7.16-16-16-16H16C7.16 64 0 71.16 0 80v336c0 17.67 14.33 32 32 32h464c8.84 0 16-7.16 16-16v-16c0-8.84-7.16-16-16-16zm-387.2-48h22.4c6.4 0 12.8-6.4 12.8-12.8v-70.4c0-6.4-6.4-12.8-12.8-12.8h-22.4c-6.4 0-12.8 6.4-12.8 12.8v70.4c0 6.4 6.4 12.8 12.8 12.8z\" class=\"\"><\/path><\/svg><\/i> <img loading=\"lazy\" decoding=\"async\" width=\"16\" height=\"16\" alt=\"Loading\" src=\"https:\/\/temucotelevision.cl\/web\/wp-content\/plugins\/page-views-count\/ajax-loader-2x.gif\" border=0 \/><\/p><div class=\"pvc_clear\"><\/div>\n<p><strong>Datos oficiales registran que la regi\u00f3n de La Araucan\u00eda es la mayor en n\u00famero de publicaciones por investigador (5,6), incluso por sobre la Regi\u00f3n Metropolitana. Los R\u00edos, en tanto, con 0,39% tiene el mayor porcentaje cient\u00edfico por trabajador activo.<\/strong><\/p>\n\n\n\n<p>El 16 de noviembre de 2022, el proyecto Nodo Conexi\u00f3n Sur cre\u00f3 la Mesa Intercultural de Ciencia, conformada por la Seremi de Ciencia de la Macrozona Sur y las universidades Austral de Chile, Cat\u00f3lica de Temuco, de La Frontera, Los Lagos, con el objetivo de profundizar en la interculturalidad y el di\u00e1logo de saberes que contribuyan a su desarrollo, innovaci\u00f3n productiva y social. La tarea tambi\u00e9n pretende la transferencia de conocimientos y evaluaci\u00f3n de la implementaci\u00f3n de pol\u00edticas p\u00fablicas en Ciencia, Tecnolog\u00eda, Conocimiento e Innovaci\u00f3n (CTCI), desde el territorio, adem\u00e1s de la propuesta de mejoras.&nbsp;<\/p>\n\n\n\n<p>\u201cEn Chile hay cinco nodos correspondientes a igual n\u00famero de macrozonas que el Ministerio de Ciencia dividi\u00f3 de acuerdo a la administraci\u00f3n del pa\u00eds. En cada una existe una gran oportunidad para que de acuerdo a la mirada local podamos proponer una hoja de ruta sobre c\u00f3mo pensamos desde los territorios y sus ventajas o capacidades locales, c\u00f3mo poder acelerar la investigaci\u00f3n, el desarrollo, la ciencia, innovaci\u00f3n y el emprendimiento\u201d, recuerda Franklin Valdebenito, director de Nodo Conexi\u00f3n Sur.&nbsp;<\/p>\n\n\n\n<p>Para llevar a cabo el proyecto, Valdebenito, quien tambi\u00e9n es director de Innovaci\u00f3n y Transferencia Tecnol\u00f3gica de la UFRO, explica que se ha trabajado en conjunto entre las universidades, los sectores p\u00fablico y privado y la sociedad civil, para los encuentros de di\u00e1logo, instancias donde se han generado diagn\u00f3sticos, iniciativas, propuestas y actividades participativas con el fin de acelerar el impacto territorial de la Ciencia, Tecnolog\u00eda, Conocimiento e Innovaci\u00f3n. &nbsp;<\/p>\n\n\n\n<p>\u201cTenemos una oportunidad \u00fanica. Por la Ley Corta de Descentralizaci\u00f3n -n\u00famero 21.396&nbsp;publicada en el Diario Oficial el 18 de diciembre de 2021 y que apunta al fortalecimiento regional- se han formado Comit\u00e9s Regionales de Ciencia, Tecnolog\u00eda, Conocimiento e Innovaci\u00f3n; Corfo por otro lado, est\u00e1 avanzando muy fuerte con los Comit\u00e9s de Desarrollo Productivo. Adicionalmente, a nivel regional, hoy podemos decir que los nodos est\u00e1n potenciando una gobernanza con insumos, instrumentos e ideas para la toma de decisiones y el impacto de la pol\u00edtica p\u00fablica de CTCI desde las macrozonas\u201d, reflexiona Valdebenito.&nbsp;&nbsp;<\/p>\n\n\n\n<p>El l\u00edder de Nodo Conexi\u00f3n Sur destaca que el trabajo colaborativo ha levantado data relevante y \u00fatil para el Comit\u00e9&nbsp; de Ciencia y Tecnolog\u00eda de las regiones de la Macrozona Sur. \u201cHablamos de n\u00fameros que permiten tomar pol\u00edticas p\u00fablicas correctas y demostrar que los territorios tienen voz propia. La macrozona sur hoy es l\u00edder en el \u00e1rea cient\u00edfica\u201d, precisa.<\/p>\n\n\n\n<p>Entre los datos sobresalientes, est\u00e1 la Encuesta de Trayectoria de Profesionales con Doctorado del Ministerio de Ciencia, Tecnolog\u00eda, Conocimiento e Innovaci\u00f3n &amp; Data, la que constata dos hitos en diciembre de 2020; como que la Regi\u00f3n de La Araucan\u00eda, desde el punto de vista de la ciencia, es la mayor en Chile en n\u00famero de publicaciones por investigador (5,6), incluso por sobre la Regi\u00f3n Metropolitana; mientras que la Regi\u00f3n de Los R\u00edos, con 0,39%&nbsp; tiene el mayor porcentaje cient\u00edfico por trabajador activo de todo el pa\u00eds. La Regi\u00f3n de Los Lagos en tanto, posee la mayor cantidad de&nbsp;empresas de base cient\u00edfica tecnol\u00f3gica de la macrozona sur; son 54 empresas y la mayor\u00eda asociada a la industria acu\u00edcola.&nbsp;<\/p>\n\n\n\n<p>A la fecha, el proyecto Nodo Conexi\u00f3n Sur ha realizado una serie de actividades, como el conversatorio&nbsp;I<strong>maginando la monta\u00f1a: Cultura y naturaleza de los Andes del Sur<\/strong><strong>&nbsp;<\/strong>(en conjunto con Laboratorio Andes Sur), la discusi\u00f3n sobre el dise\u00f1o, puesta en marcha y escalamiento de un Observatorio o Laboratorio de Estudios sobre CTCI en esta macrozona, la elaboraci\u00f3n de un plan de estudios de Diplomado que forme capital humano calificado para asumir estos nuevos desaf\u00edos en los territorios.<\/p>\n","protected":false},"excerpt":{"rendered":"<div class=\"pvc_clear\"><\/div>\n<p id=\"pvc_stats_40499\" class=\"pvc_stats total_only  \" data-element-id=\"40499\" style=\"\"><i class=\"pvc-stats-icon large\" aria-hidden=\"true\"><svg aria-hidden=\"true\" focusable=\"false\" data-prefix=\"far\" data-icon=\"chart-bar\" role=\"img\" xmlns=\"http:\/\/www.w3.org\/2000\/svg\" viewBox=\"0 0 512 512\" class=\"svg-inline--fa fa-chart-bar fa-w-16 fa-2x\"><path fill=\"currentColor\" d=\"M396.8 352h22.4c6.4 0 12.8-6.4 12.8-12.8V108.8c0-6.4-6.4-12.8-12.8-12.8h-22.4c-6.4 0-12.8 6.4-12.8 12.8v230.4c0 6.4 6.4 12.8 12.8 12.8zm-192 0h22.4c6.4 0 12.8-6.4 12.8-12.8V140.8c0-6.4-6.4-12.8-12.8-12.8h-22.4c-6.4 0-12.8 6.4-12.8 12.8v198.4c0 6.4 6.4 12.8 12.8 12.8zm96 0h22.4c6.4 0 12.8-6.4 12.8-12.8V204.8c0-6.4-6.4-12.8-12.8-12.8h-22.4c-6.4 0-12.8 6.4-12.8 12.8v134.4c0 6.4 6.4 12.8 12.8 12.8zM496 400H48V80c0-8.84-7.16-16-16-16H16C7.16 64 0 71.16 0 80v336c0 17.67 14.33 32 32 32h464c8.84 0 16-7.16 16-16v-16c0-8.84-7.16-16-16-16zm-387.2-48h22.4c6.4 0 12.8-6.4 12.8-12.8v-70.4c0-6.4-6.4-12.8-12.8-12.8h-22.4c-6.4 0-12.8 6.4-12.8 12.8v70.4c0 6.4 6.4 12.8 12.8 12.8z\" class=\"\"><\/path><\/svg><\/i> <img loading=\"lazy\" decoding=\"async\" width=\"16\" height=\"16\" alt=\"Loading\" src=\"https:\/\/temucotelevision.cl\/web\/wp-content\/plugins\/page-views-count\/ajax-loader-2x.gif\" border=0 \/><\/p>\n<div class=\"pvc_clear\"><\/div>\n<p>Datos oficiales registran que la regi\u00f3n de La Araucan\u00eda es la mayor en n\u00famero de publicaciones por investigador (5,6), incluso<\/p>\n","protected":false},"author":1,"featured_media":40500,"comment_status":"open","ping_status":"open","sticky":false,"template":"","format":"standard","meta":{"colormag_page_container_layout":"default_layout","colormag_page_sidebar_layout":"default_layout","footnotes":""},"categories":[101],"tags":[6374,6373,6375],"class_list":["post-40499","post","type-post","status-publish","format-standard","has-post-thumbnail","hentry","category-actualidad","tag-investigador","tag-nodo","tag-prpyecto"],"a3_pvc":{"activated":true,"total_views":87,"today_views":0},"_links":{"self":[{"href":"https:\/\/temucotelevision.cl\/web\/wp-json\/wp\/v2\/posts\/40499","targetHints":{"allow":["GET"]}}],"collection":[{"href":"https:\/\/temucotelevision.cl\/web\/wp-json\/wp\/v2\/posts"}],"about":[{"href":"https:\/\/temucotelevision.cl\/web\/wp-json\/wp\/v2\/types\/post"}],"author":[{"embeddable":true,"href":"https:\/\/temucotelevision.cl\/web\/wp-json\/wp\/v2\/users\/1"}],"replies":[{"embeddable":true,"href":"https:\/\/temucotelevision.cl\/web\/wp-json\/wp\/v2\/comments?post=40499"}],"version-history":[{"count":1,"href":"https:\/\/temucotelevision.cl\/web\/wp-json\/wp\/v2\/posts\/40499\/revisions"}],"predecessor-version":[{"id":40501,"href":"https:\/\/temucotelevision.cl\/web\/wp-json\/wp\/v2\/posts\/40499\/revisions\/40501"}],"wp:featuredmedia":[{"embeddable":true,"href":"https:\/\/temucotelevision.cl\/web\/wp-json\/wp\/v2\/media\/40500"}],"wp:attachment":[{"href":"https:\/\/temucotelevision.cl\/web\/wp-json\/wp\/v2\/media?parent=40499"}],"wp:term":[{"taxonomy":"category","embeddable":true,"href":"https:\/\/temucotelevision.cl\/web\/wp-json\/wp\/v2\/categories?post=40499"},{"taxonomy":"post_tag","embeddable":true,"href":"https:\/\/temucotelevision.cl\/web\/wp-json\/wp\/v2\/tags?post=40499"}],"curies":[{"name":"wp","href":"https:\/\/api.w.org\/{rel}","templated":true}]}}