{"id":40497,"date":"2023-04-20T13:51:08","date_gmt":"2023-04-20T16:51:08","guid":{"rendered":"https:\/\/temucotelevision.cl\/web\/?p=40497"},"modified":"2023-04-20T13:51:09","modified_gmt":"2023-04-20T16:51:09","slug":"temuco-tribunal-condena-a-10-anos-y-un-dia-de-presidio-a-autor-de-delitos-reiterados-de-abuso-sexual-infantil","status":"publish","type":"post","link":"https:\/\/temucotelevision.cl\/web\/2023\/04\/20\/temuco-tribunal-condena-a-10-anos-y-un-dia-de-presidio-a-autor-de-delitos-reiterados-de-abuso-sexual-infantil\/","title":{"rendered":"Temuco:\u00a0Tribunal condena a 10 a\u00f1os y un d\u00eda de presidio a autor de delitos reiterados de abuso sexual infantil"},"content":{"rendered":"<div class=\"pvc_clear\"><\/div><p id=\"pvc_stats_40497\" class=\"pvc_stats total_only  \" data-element-id=\"40497\" style=\"\"><i class=\"pvc-stats-icon large\" aria-hidden=\"true\"><svg aria-hidden=\"true\" focusable=\"false\" data-prefix=\"far\" data-icon=\"chart-bar\" role=\"img\" xmlns=\"http:\/\/www.w3.org\/2000\/svg\" viewBox=\"0 0 512 512\" class=\"svg-inline--fa fa-chart-bar fa-w-16 fa-2x\"><path fill=\"currentColor\" d=\"M396.8 352h22.4c6.4 0 12.8-6.4 12.8-12.8V108.8c0-6.4-6.4-12.8-12.8-12.8h-22.4c-6.4 0-12.8 6.4-12.8 12.8v230.4c0 6.4 6.4 12.8 12.8 12.8zm-192 0h22.4c6.4 0 12.8-6.4 12.8-12.8V140.8c0-6.4-6.4-12.8-12.8-12.8h-22.4c-6.4 0-12.8 6.4-12.8 12.8v198.4c0 6.4 6.4 12.8 12.8 12.8zm96 0h22.4c6.4 0 12.8-6.4 12.8-12.8V204.8c0-6.4-6.4-12.8-12.8-12.8h-22.4c-6.4 0-12.8 6.4-12.8 12.8v134.4c0 6.4 6.4 12.8 12.8 12.8zM496 400H48V80c0-8.84-7.16-16-16-16H16C7.16 64 0 71.16 0 80v336c0 17.67 14.33 32 32 32h464c8.84 0 16-7.16 16-16v-16c0-8.84-7.16-16-16-16zm-387.2-48h22.4c6.4 0 12.8-6.4 12.8-12.8v-70.4c0-6.4-6.4-12.8-12.8-12.8h-22.4c-6.4 0-12.8 6.4-12.8 12.8v70.4c0 6.4 6.4 12.8 12.8 12.8z\" class=\"\"><\/path><\/svg><\/i> <img loading=\"lazy\" decoding=\"async\" width=\"16\" height=\"16\" alt=\"Loading\" src=\"https:\/\/temucotelevision.cl\/web\/wp-content\/plugins\/page-views-count\/ajax-loader-2x.gif\" border=0 \/><\/p><div class=\"pvc_clear\"><\/div>\n<blockquote class=\"wp-block-quote is-layout-flow wp-block-quote-is-layout-flow\"><p>En fallo un\u00e1nime, el tribunal aplic\u00f3, adem\u00e1s, a H.H.V.R. las accesorias legales de inhabilitaci\u00f3n absoluta perpetua para cargos y oficios p\u00fablicos y derechos pol\u00edticos y la inhabilitaci\u00f3n absoluta para profesiones titulares mientras dure la condena.<\/p><\/blockquote>\n\n\n\n<p>El Tribunal de Juicio Oral en lo Penal de Temuco conden\u00f3 a H.H.R.V. a la pena \u00fanica de 10 a\u00f1os y un d\u00eda de presidio efectivo, en calidad de autor de dos delitos consumados y reiterados de abuso sexual de menor de 14 a\u00f1os de edad. Il\u00edcitos perpetrados entre 2018 y 2019, en la comuna de Temuco.<\/p>\n\n\n\n<p>En fallo un\u00e1nime, el tribunal \u2013integrado por los jueces Roberto Herrera Olivos (presidente), Luis Torres Sanhueza y Wilfred Ziehlmann Zamorano (redactor)\u2013 aplic\u00f3, adem\u00e1s, a H.H.V.R. las accesorias legales de inhabilitaci\u00f3n absoluta perpetua para cargos y oficios p\u00fablicos y derechos pol\u00edticos y la inhabilitaci\u00f3n absoluta para profesiones titulares mientras dure la condena.<\/p>\n\n\n\n<p>Asimismo, el tribunal impuso al condenado la pena de interdicci\u00f3n al derecho de ejercer la guarda y ser o\u00eddo como pariente en los casos que la ley designa; la sujeci\u00f3n a la vigilancia de la autoridad durante los 10 a\u00f1os siguientes al cumplimiento de la pena principal y la inhabilitaci\u00f3n absoluta perpetua para cargos, empleos, oficios o profesiones ejercidos en \u00e1mbitos educacionales o que involucren una relaci\u00f3n directa y habitual con menores de edad, adem\u00e1s de la prohibici\u00f3n&nbsp; de visitar, tanto domicilio como lugar de trabajo o establecimiento educacional de las ofendidas, como aproximarse a ellas o a sus familias.<\/p>\n\n\n\n<p>Una vez que el fallo quede ejecutoriado, el tribunal dispuso que se proceda a la toma de muestras biol\u00f3gicas del sentenciado para determinar su huella gen\u00e9tica e inclusi\u00f3n en el registro nacional de ADN de condenados.<\/p>\n\n\n\n<p>Seg\u00fan la sentencia, durante el periodo comprendido entre el a\u00f1o 2018 y el a\u00f1o 2019, en el domicilio ubicado en el sector Amanecer, de la comuna de Temuco, el imputado H.H.R.V. ejecut\u00f3, en reiteradas oportunidades, actos de significaci\u00f3n sexual y de relevancia en perjuicio de dos hermanas de 12 a 13 a\u00f1os y 8 a 10 a\u00f1os a la \u00e9poca de los hechos, respectivamente.<\/p>\n","protected":false},"excerpt":{"rendered":"<div class=\"pvc_clear\"><\/div>\n<p id=\"pvc_stats_40497\" class=\"pvc_stats total_only  \" data-element-id=\"40497\" style=\"\"><i class=\"pvc-stats-icon large\" aria-hidden=\"true\"><svg aria-hidden=\"true\" focusable=\"false\" data-prefix=\"far\" data-icon=\"chart-bar\" role=\"img\" xmlns=\"http:\/\/www.w3.org\/2000\/svg\" viewBox=\"0 0 512 512\" class=\"svg-inline--fa fa-chart-bar fa-w-16 fa-2x\"><path fill=\"currentColor\" d=\"M396.8 352h22.4c6.4 0 12.8-6.4 12.8-12.8V108.8c0-6.4-6.4-12.8-12.8-12.8h-22.4c-6.4 0-12.8 6.4-12.8 12.8v230.4c0 6.4 6.4 12.8 12.8 12.8zm-192 0h22.4c6.4 0 12.8-6.4 12.8-12.8V140.8c0-6.4-6.4-12.8-12.8-12.8h-22.4c-6.4 0-12.8 6.4-12.8 12.8v198.4c0 6.4 6.4 12.8 12.8 12.8zm96 0h22.4c6.4 0 12.8-6.4 12.8-12.8V204.8c0-6.4-6.4-12.8-12.8-12.8h-22.4c-6.4 0-12.8 6.4-12.8 12.8v134.4c0 6.4 6.4 12.8 12.8 12.8zM496 400H48V80c0-8.84-7.16-16-16-16H16C7.16 64 0 71.16 0 80v336c0 17.67 14.33 32 32 32h464c8.84 0 16-7.16 16-16v-16c0-8.84-7.16-16-16-16zm-387.2-48h22.4c6.4 0 12.8-6.4 12.8-12.8v-70.4c0-6.4-6.4-12.8-12.8-12.8h-22.4c-6.4 0-12.8 6.4-12.8 12.8v70.4c0 6.4 6.4 12.8 12.8 12.8z\" class=\"\"><\/path><\/svg><\/i> <img loading=\"lazy\" decoding=\"async\" width=\"16\" height=\"16\" alt=\"Loading\" src=\"https:\/\/temucotelevision.cl\/web\/wp-content\/plugins\/page-views-count\/ajax-loader-2x.gif\" border=0 \/><\/p>\n<div class=\"pvc_clear\"><\/div>\n<p>En fallo un\u00e1nime, el tribunal aplic\u00f3, adem\u00e1s, a H.H.V.R. las accesorias legales de inhabilitaci\u00f3n absoluta perpetua para cargos y oficios<\/p>\n","protected":false},"author":1,"featured_media":1668,"comment_status":"open","ping_status":"open","sticky":false,"template":"","format":"standard","meta":{"colormag_page_container_layout":"default_layout","colormag_page_sidebar_layout":"default_layout","footnotes":""},"categories":[15],"tags":[3101,219,1825,338,586],"class_list":["post-40497","post","type-post","status-publish","format-standard","has-post-thumbnail","hentry","category-la-araucania","tag-abuso-sexual","tag-condena","tag-infantil","tag-sujeto","tag-tribunal"],"a3_pvc":{"activated":true,"total_views":96,"today_views":0},"_links":{"self":[{"href":"https:\/\/temucotelevision.cl\/web\/wp-json\/wp\/v2\/posts\/40497","targetHints":{"allow":["GET"]}}],"collection":[{"href":"https:\/\/temucotelevision.cl\/web\/wp-json\/wp\/v2\/posts"}],"about":[{"href":"https:\/\/temucotelevision.cl\/web\/wp-json\/wp\/v2\/types\/post"}],"author":[{"embeddable":true,"href":"https:\/\/temucotelevision.cl\/web\/wp-json\/wp\/v2\/users\/1"}],"replies":[{"embeddable":true,"href":"https:\/\/temucotelevision.cl\/web\/wp-json\/wp\/v2\/comments?post=40497"}],"version-history":[{"count":1,"href":"https:\/\/temucotelevision.cl\/web\/wp-json\/wp\/v2\/posts\/40497\/revisions"}],"predecessor-version":[{"id":40498,"href":"https:\/\/temucotelevision.cl\/web\/wp-json\/wp\/v2\/posts\/40497\/revisions\/40498"}],"wp:featuredmedia":[{"embeddable":true,"href":"https:\/\/temucotelevision.cl\/web\/wp-json\/wp\/v2\/media\/1668"}],"wp:attachment":[{"href":"https:\/\/temucotelevision.cl\/web\/wp-json\/wp\/v2\/media?parent=40497"}],"wp:term":[{"taxonomy":"category","embeddable":true,"href":"https:\/\/temucotelevision.cl\/web\/wp-json\/wp\/v2\/categories?post=40497"},{"taxonomy":"post_tag","embeddable":true,"href":"https:\/\/temucotelevision.cl\/web\/wp-json\/wp\/v2\/tags?post=40497"}],"curies":[{"name":"wp","href":"https:\/\/api.w.org\/{rel}","templated":true}]}}