{"id":40494,"date":"2023-04-20T13:33:12","date_gmt":"2023-04-20T16:33:12","guid":{"rendered":"https:\/\/temucotelevision.cl\/web\/?p=40494"},"modified":"2023-04-20T13:33:13","modified_gmt":"2023-04-20T16:33:13","slug":"con-presencia-de-la-ministra-de-salud-araucania-sur-firmo-convenio-con-perquenco-para-impulsar-universalizacion-de-la-aps","status":"publish","type":"post","link":"https:\/\/temucotelevision.cl\/web\/2023\/04\/20\/con-presencia-de-la-ministra-de-salud-araucania-sur-firmo-convenio-con-perquenco-para-impulsar-universalizacion-de-la-aps\/","title":{"rendered":"Con presencia de la ministra de Salud, Araucan\u00eda Sur firm\u00f3 convenio con Perquenco para impulsar Universalizaci\u00f3n de la APS"},"content":{"rendered":"<div class=\"pvc_clear\"><\/div><p id=\"pvc_stats_40494\" class=\"pvc_stats total_only  \" data-element-id=\"40494\" style=\"\"><i class=\"pvc-stats-icon large\" aria-hidden=\"true\"><svg aria-hidden=\"true\" focusable=\"false\" data-prefix=\"far\" data-icon=\"chart-bar\" role=\"img\" xmlns=\"http:\/\/www.w3.org\/2000\/svg\" viewBox=\"0 0 512 512\" class=\"svg-inline--fa fa-chart-bar fa-w-16 fa-2x\"><path fill=\"currentColor\" d=\"M396.8 352h22.4c6.4 0 12.8-6.4 12.8-12.8V108.8c0-6.4-6.4-12.8-12.8-12.8h-22.4c-6.4 0-12.8 6.4-12.8 12.8v230.4c0 6.4 6.4 12.8 12.8 12.8zm-192 0h22.4c6.4 0 12.8-6.4 12.8-12.8V140.8c0-6.4-6.4-12.8-12.8-12.8h-22.4c-6.4 0-12.8 6.4-12.8 12.8v198.4c0 6.4 6.4 12.8 12.8 12.8zm96 0h22.4c6.4 0 12.8-6.4 12.8-12.8V204.8c0-6.4-6.4-12.8-12.8-12.8h-22.4c-6.4 0-12.8 6.4-12.8 12.8v134.4c0 6.4 6.4 12.8 12.8 12.8zM496 400H48V80c0-8.84-7.16-16-16-16H16C7.16 64 0 71.16 0 80v336c0 17.67 14.33 32 32 32h464c8.84 0 16-7.16 16-16v-16c0-8.84-7.16-16-16-16zm-387.2-48h22.4c6.4 0 12.8-6.4 12.8-12.8v-70.4c0-6.4-6.4-12.8-12.8-12.8h-22.4c-6.4 0-12.8 6.4-12.8 12.8v70.4c0 6.4 6.4 12.8 12.8 12.8z\" class=\"\"><\/path><\/svg><\/i> <img loading=\"lazy\" decoding=\"async\" width=\"16\" height=\"16\" alt=\"Loading\" src=\"https:\/\/temucotelevision.cl\/web\/wp-content\/plugins\/page-views-count\/ajax-loader-2x.gif\" border=0 \/><\/p><div class=\"pvc_clear\"><\/div>\n<p>Estrategia permitir\u00e1 otorgar atenci\u00f3n de salud en centros de atenci\u00f3n primaria independiente de su previsi\u00f3n de salud.<\/p>\n\n\n\n<p>La comuna de Perquenco es una de las siete comunas pioneras donde comienza a implementarse una nueva estrategia que permitir\u00e1 una transformaci\u00f3n del sistema de salud de nuestro pa\u00eds. Se trata de la universalizaci\u00f3n de la atenci\u00f3n primaria, la cual busca convertirse en el principal modelo de cuidado de la salud de todos los chilenos.&nbsp;<\/p>\n\n\n\n<p>Es por ello que el Servicio de Salud Araucan\u00eda Sur firm\u00f3, ante la presencia de la ministra de salud Ximena Aguilera, un convenio con la municipalidad de Perquenco que marca el inicio de este proceso de implementaci\u00f3n de las medidas contenidas en las l\u00edneas estrat\u00e9gicas.<\/p>\n\n\n\n<p>En su visita la ministra de Estado puso especial \u00e9nfasis en que la atenci\u00f3n primaria universal es el coraz\u00f3n de la reforma se\u00f1alando \u201cempezamos a construir un sistema de salud universal desde el territorio, desde la atenci\u00f3n primaria, sin distinci\u00f3n de seguro de salud, pero adem\u00e1s fortaleciendo esa atenci\u00f3n primaria para que tenga nuevos servicios, que tenga nuevas capacidades y que tenga una mayor interconectividad y capacidad resolutiva tambi\u00e9n hacia el resto del sistema de salud\u201d.<\/p>\n\n\n\n<p><strong>Perquenco, comuna pionera del sur de Chile.<\/strong><\/p>\n\n\n\n<p>La ministra Aguilera tambi\u00e9n destac\u00f3 que \u201cpara nosotros es una apuesta muy importante porque con esto se va garantizando verdaderamente la cobertura universal de salud y las siete comunas que se han designado como pioneras tienen distintas caracter\u00edsticas que se consideraron y fueron factores importantes para la toma de decisiones\u201d.<\/p>\n\n\n\n<p>En ese contexto, la comuna de Perquenco ha desarrollado un intenso trabajo junto a los funcionarios de salud municipal para subsanar detalles en la infraestructura de los dispositivos de atenci\u00f3n primaria a fin de otorgar garant\u00edas de calidad en la atenci\u00f3n a los cerca de 7 mil habitantes que posee esta localidad.&nbsp;<\/p>\n\n\n\n<p>Al respecto, el alcalde Alejandro Sep\u00falveda se\u00f1al\u00f3 que \u201cnos sentimos muy contentos y orgullosos de ser una de las comunas pioneras. Creemos que con esto y los recursos asociados nos va a permitir implementar m\u00e1s atenciones, salir m\u00e1s al sector rural porque nosotros tenemos muchas distancias, m\u00e1s de 35 kil\u00f3metros que tenemos que salir a atender a nuestros postrados y vienen recursos para eso, adem\u00e1s de poder implementar la telemedicina. Nuestros funcionarios han sido capacitados para trabajar en este sistema\u201d.<\/p>\n\n\n\n<p><strong>Componentes claves de la estrategia<\/strong><\/p>\n\n\n\n<p>El plan de universalizaci\u00f3n de la atenci\u00f3n primaria tiene tres componentes claves que permitir\u00e1n mejorar la cobertura y el acceso a estos centros de salud.&nbsp;<\/p>\n\n\n\n<p>El primer componente, dice relaci\u00f3n con ampliar la cobertura y acceso efectivo a trav\u00e9s de la optimizaci\u00f3n de APS, donde el usuario podr\u00e1 inscribirse, independiente de su previsi\u00f3n de salud, accediendo a todos los servicios de atenci\u00f3n primaria.&nbsp;<\/p>\n\n\n\n<p>En tanto, el segundo componente de este plan, busca que la comuna disponga de servicios de atenci\u00f3n primaria a trav\u00e9s de dispositivos equipados, que permitan realizar atenciones con \u00e9nfasis en aquellas de prevenci\u00f3n y detecci\u00f3n precoz de enfermedades. Adem\u00e1s de habilitar un sistema que permita solicitar horas de atenci\u00f3n a distancia.<\/p>\n\n\n\n<p>Finalmente, el tercer componente permitir\u00e1 realizar instancias de reflexi\u00f3n, participaci\u00f3n y dise\u00f1o de estrategias para mejorar la experiencia de las personas en atenci\u00f3n primaria.<\/p>\n","protected":false},"excerpt":{"rendered":"<div class=\"pvc_clear\"><\/div>\n<p id=\"pvc_stats_40494\" class=\"pvc_stats total_only  \" data-element-id=\"40494\" style=\"\"><i class=\"pvc-stats-icon large\" aria-hidden=\"true\"><svg aria-hidden=\"true\" focusable=\"false\" data-prefix=\"far\" data-icon=\"chart-bar\" role=\"img\" xmlns=\"http:\/\/www.w3.org\/2000\/svg\" viewBox=\"0 0 512 512\" class=\"svg-inline--fa fa-chart-bar fa-w-16 fa-2x\"><path fill=\"currentColor\" d=\"M396.8 352h22.4c6.4 0 12.8-6.4 12.8-12.8V108.8c0-6.4-6.4-12.8-12.8-12.8h-22.4c-6.4 0-12.8 6.4-12.8 12.8v230.4c0 6.4 6.4 12.8 12.8 12.8zm-192 0h22.4c6.4 0 12.8-6.4 12.8-12.8V140.8c0-6.4-6.4-12.8-12.8-12.8h-22.4c-6.4 0-12.8 6.4-12.8 12.8v198.4c0 6.4 6.4 12.8 12.8 12.8zm96 0h22.4c6.4 0 12.8-6.4 12.8-12.8V204.8c0-6.4-6.4-12.8-12.8-12.8h-22.4c-6.4 0-12.8 6.4-12.8 12.8v134.4c0 6.4 6.4 12.8 12.8 12.8zM496 400H48V80c0-8.84-7.16-16-16-16H16C7.16 64 0 71.16 0 80v336c0 17.67 14.33 32 32 32h464c8.84 0 16-7.16 16-16v-16c0-8.84-7.16-16-16-16zm-387.2-48h22.4c6.4 0 12.8-6.4 12.8-12.8v-70.4c0-6.4-6.4-12.8-12.8-12.8h-22.4c-6.4 0-12.8 6.4-12.8 12.8v70.4c0 6.4 6.4 12.8 12.8 12.8z\" class=\"\"><\/path><\/svg><\/i> <img loading=\"lazy\" decoding=\"async\" width=\"16\" height=\"16\" alt=\"Loading\" src=\"https:\/\/temucotelevision.cl\/web\/wp-content\/plugins\/page-views-count\/ajax-loader-2x.gif\" border=0 \/><\/p>\n<div class=\"pvc_clear\"><\/div>\n<p>Estrategia permitir\u00e1 otorgar atenci\u00f3n de salud en centros de atenci\u00f3n primaria independiente de su previsi\u00f3n de salud. La comuna de<\/p>\n","protected":false},"author":1,"featured_media":40495,"comment_status":"open","ping_status":"open","sticky":false,"template":"","format":"standard","meta":{"colormag_page_container_layout":"default_layout","colormag_page_sidebar_layout":"default_layout","footnotes":""},"categories":[15],"tags":[1084,730,4697,131],"class_list":["post-40494","post","type-post","status-publish","format-standard","has-post-thumbnail","hentry","category-la-araucania","tag-convenio","tag-ministra","tag-perquenco","tag-salud"],"a3_pvc":{"activated":true,"total_views":78,"today_views":0},"_links":{"self":[{"href":"https:\/\/temucotelevision.cl\/web\/wp-json\/wp\/v2\/posts\/40494","targetHints":{"allow":["GET"]}}],"collection":[{"href":"https:\/\/temucotelevision.cl\/web\/wp-json\/wp\/v2\/posts"}],"about":[{"href":"https:\/\/temucotelevision.cl\/web\/wp-json\/wp\/v2\/types\/post"}],"author":[{"embeddable":true,"href":"https:\/\/temucotelevision.cl\/web\/wp-json\/wp\/v2\/users\/1"}],"replies":[{"embeddable":true,"href":"https:\/\/temucotelevision.cl\/web\/wp-json\/wp\/v2\/comments?post=40494"}],"version-history":[{"count":1,"href":"https:\/\/temucotelevision.cl\/web\/wp-json\/wp\/v2\/posts\/40494\/revisions"}],"predecessor-version":[{"id":40496,"href":"https:\/\/temucotelevision.cl\/web\/wp-json\/wp\/v2\/posts\/40494\/revisions\/40496"}],"wp:featuredmedia":[{"embeddable":true,"href":"https:\/\/temucotelevision.cl\/web\/wp-json\/wp\/v2\/media\/40495"}],"wp:attachment":[{"href":"https:\/\/temucotelevision.cl\/web\/wp-json\/wp\/v2\/media?parent=40494"}],"wp:term":[{"taxonomy":"category","embeddable":true,"href":"https:\/\/temucotelevision.cl\/web\/wp-json\/wp\/v2\/categories?post=40494"},{"taxonomy":"post_tag","embeddable":true,"href":"https:\/\/temucotelevision.cl\/web\/wp-json\/wp\/v2\/tags?post=40494"}],"curies":[{"name":"wp","href":"https:\/\/api.w.org\/{rel}","templated":true}]}}