{"id":40055,"date":"2023-04-05T20:43:29","date_gmt":"2023-04-05T23:43:29","guid":{"rendered":"https:\/\/temucotelevision.cl\/web\/?p=40055"},"modified":"2023-04-05T20:43:29","modified_gmt":"2023-04-05T23:43:29","slug":"tras-cancelacion-de-concierto-en-temuco-presentan-demanda-colectiva-al-duo-argentino-miranda","status":"publish","type":"post","link":"https:\/\/temucotelevision.cl\/web\/2023\/04\/05\/tras-cancelacion-de-concierto-en-temuco-presentan-demanda-colectiva-al-duo-argentino-miranda\/","title":{"rendered":"Tras cancelaci\u00f3n de concierto en Temuco presentan demanda colectiva al D\u00fao Argentino Miranda"},"content":{"rendered":"<div class=\"pvc_clear\"><\/div><p id=\"pvc_stats_40055\" class=\"pvc_stats total_only  \" data-element-id=\"40055\" style=\"\"><i class=\"pvc-stats-icon large\" aria-hidden=\"true\"><svg aria-hidden=\"true\" focusable=\"false\" data-prefix=\"far\" data-icon=\"chart-bar\" role=\"img\" xmlns=\"http:\/\/www.w3.org\/2000\/svg\" viewBox=\"0 0 512 512\" class=\"svg-inline--fa fa-chart-bar fa-w-16 fa-2x\"><path fill=\"currentColor\" d=\"M396.8 352h22.4c6.4 0 12.8-6.4 12.8-12.8V108.8c0-6.4-6.4-12.8-12.8-12.8h-22.4c-6.4 0-12.8 6.4-12.8 12.8v230.4c0 6.4 6.4 12.8 12.8 12.8zm-192 0h22.4c6.4 0 12.8-6.4 12.8-12.8V140.8c0-6.4-6.4-12.8-12.8-12.8h-22.4c-6.4 0-12.8 6.4-12.8 12.8v198.4c0 6.4 6.4 12.8 12.8 12.8zm96 0h22.4c6.4 0 12.8-6.4 12.8-12.8V204.8c0-6.4-6.4-12.8-12.8-12.8h-22.4c-6.4 0-12.8 6.4-12.8 12.8v134.4c0 6.4 6.4 12.8 12.8 12.8zM496 400H48V80c0-8.84-7.16-16-16-16H16C7.16 64 0 71.16 0 80v336c0 17.67 14.33 32 32 32h464c8.84 0 16-7.16 16-16v-16c0-8.84-7.16-16-16-16zm-387.2-48h22.4c6.4 0 12.8-6.4 12.8-12.8v-70.4c0-6.4-6.4-12.8-12.8-12.8h-22.4c-6.4 0-12.8 6.4-12.8 12.8v70.4c0 6.4 6.4 12.8 12.8 12.8z\" class=\"\"><\/path><\/svg><\/i> <img loading=\"lazy\" decoding=\"async\" width=\"16\" height=\"16\" alt=\"Loading\" src=\"https:\/\/temucotelevision.cl\/web\/wp-content\/plugins\/page-views-count\/ajax-loader-2x.gif\" border=0 \/><\/p><div class=\"pvc_clear\"><\/div>\n<p><strong>ESTA MEDIDA PRETENDE COMPENSAR A TODOS QUIENES SE VIERON AFECTADOS POR LA CANCELACI\u00d3N DEL CONCIERTO DEL GRUPO ARGENTINO.<\/strong><\/p>\n\n\n\n<p>Durante la jornada de hoy, fue interpuesta en el 3\u00ba Juzgado Civil de la ciudad de Temuco una&nbsp;demanda colectiva a cargo de las asociadas del estudio Jur\u00eddico \u201cLegal Capital\u201d de la ciudad de Temuco , las abogadas Carolina Z\u00fa\u00f1iga Salazar y Paola S\u00e1nchez Alvarado, quienes, representando a los fans del grupo trasandino, que se vieron afectados con la cancelaci\u00f3n del Show programado para el mes de noviembre de 2022, buscan que la Justicia ordinaria determine las responabilidades que la productora Procrea Chile Spa, TicketPro, Ticketek ,Centro de Eventos Dreams Temuco y el grupo Miranda! puedan tener en&nbsp;&nbsp;la cancelaci\u00f3n del concierto en la Araucan\u00eda.&nbsp;<\/p>\n\n\n\n<p>El grupo Mirada abr\u00eda anunciado&nbsp;&nbsp;en sus redes sociales el evento que luego fuera cancelado,&nbsp;&nbsp;en el contexto&nbsp;&nbsp;de su gira nacional se\u00f1alando:\u201c&nbsp;<strong>Gente de Chile, estamos muy contentos&nbsp;&nbsp;de contarles que este 01 de noviembre arranca nuestra gira regional 2022, van a ser siete shows en siete ciudades Quillota, Talca, Chill\u00e1n , Temuco, Valdivia , La serena y Santiago<\/strong>\u201d.<\/p>\n\n\n\n<p>Es por raz\u00f3n que las abogadas&nbsp;Carolina Z\u00fa\u00f1iga Salazar y Paola S\u00e1nchez Alvarado patrocinaran a los afectados de la suspensi\u00f3n del concierto, puesto que ni la productora y ningunas de las partes realizaron una devoluci\u00f3n de las entradas, ni dieron respuestas a los consumidores afectados, Considerando las juristas que esta afecta gravemente a los consumidores que compraron su ticket para el recital y que vieron frustradas sus expectativas, no solo en lo relativo a la&nbsp;devoluci\u00f3n del dinero pagado por sus entradas, sino tambi\u00e9n la posibilidad de ver a&nbsp;&nbsp;su artista favorito, quien hace a\u00f1os no se presentaba en nuestro pa\u00eds.<\/p>\n\n\n\n<p>\u201cEsta es una demanda que se esta presentando no solo con el D\u00fao Miranda, si no tambi\u00e9n se esta trabajando en ampliarla a todas las personas que resulten responsable en relaci\u00f3n con la presentaci\u00f3n que se deber\u00eda efectuase del Grupo Miranda el 6 de noviembre del a\u00f1o 2022, en dicha instancia se public\u00f3 en redes sociales y a trav\u00e9s de los sitos de las empresas involucradas ll\u00e1mese Casino&nbsp;Dreams de Temuco, la Productora Procrea chile spa y Ticket pro. Posteriormente se realiz\u00f3 una nueva modificaci\u00f3n, cambiado la sede de la presentaci\u00f3n; la cual fue trasladada al teatro municipal de Temuco,&nbsp;&nbsp;as\u00ed como tambi\u00e9n la fecha de la presentaci\u00f3n se traslad\u00f3 para el d\u00eda 8 de noviembre, llegado el d\u00eda del evento nuevamente de informo por redes que el show hab\u00eda sido cancelado, no infam\u00e1ndose las razones reales de la cancelaci\u00f3n, dejando a una multitud de fans, sin poder acceder a la presentaci\u00f3n, tampoco se entreg\u00f3 una reparaci\u00f3n pecuniaria, ni de rumboso respecto a las entras que se hab\u00edan cancelado\u201d&nbsp;<strong>Se\u00f1al\u00f3&nbsp;<\/strong><strong>Carolina Z\u00fa\u00f1iga Salazar, abogada de Capital Legal.&nbsp;&nbsp;<\/strong><\/p>\n\n\n\n<p>Por su parte&nbsp;<strong>Paola S\u00e1nchez Alvarado<\/strong>&nbsp;defensora de los fan\u00e1ticos del D\u00fao Miranda se\u00f1al\u00f3: \u201cAqu\u00ed muchos consumidores se vieron afectados, ya que muchas personas compraron sus entradas para ver a su artista favorito, hubo un perjuicio econ\u00f3mico que no ha sido compensado, por lo tanto lo que se busca con esta demanda colectiva, es precisamente determinar quienes son los responsable y buscar las indemnizaciones correspondientes, por lo tanto invitamos a todos lo afectados a formar parte de esta demanda,&nbsp;&nbsp;al correo&nbsp;<a>legalcapitalchile@gmail.com<\/a>, ya que tenemos la representaci\u00f3n oficial y esperamos se&nbsp;&nbsp;puedan sumar m\u00e1s consumidores, ya que sabemos que la cantidad de entradas vendidas es superior\u201d.<\/p>\n\n\n\n<p>La cancelaci\u00f3n intempestiva del Show por parte del grupo musical, afecto a un n\u00famero importante de fans, quienes, en algunos casos, viajaron desde fuera de la ciudad y destinaron grandes esfuerzos materiales en poder estar presente y todos por su parte, pagaron y reservaron sus entradas para asegurar su asistencia. La defensa de los afectados busca&nbsp;&nbsp;que estos y otros&nbsp;&nbsp;perjuicios sean reparados.&nbsp;&nbsp;De esta forma, ser\u00e1 en el 3\u00ba Juzgado Civil de Temuco, quien resuelva en definitiva&nbsp;&nbsp;respecto a la o las personas que resulten responsables en este incumplimiento de la presentaci\u00f3n agendada por el grupo Miranda!&nbsp;&nbsp;para nuestra ciudad el d\u00eda 6 de noviembre del 2022 y determine las indemnizaciones&nbsp;&nbsp;&nbsp;que deba recibir cada persona afectada.&nbsp;<\/p>\n\n\n\n<figure class=\"wp-block-image size-large\"><img loading=\"lazy\" decoding=\"async\" width=\"1024\" height=\"682\" src=\"https:\/\/temucotelevision.cl\/web\/wp-content\/uploads\/2023\/04\/Miranda2-1024x682.jpeg\" alt=\"\" class=\"wp-image-40057\" srcset=\"https:\/\/temucotelevision.cl\/web\/wp-content\/uploads\/2023\/04\/Miranda2-1024x682.jpeg 1024w, https:\/\/temucotelevision.cl\/web\/wp-content\/uploads\/2023\/04\/Miranda2-768x512.jpeg 768w, https:\/\/temucotelevision.cl\/web\/wp-content\/uploads\/2023\/04\/Miranda2-1536x1023.jpeg 1536w, https:\/\/temucotelevision.cl\/web\/wp-content\/uploads\/2023\/04\/Miranda2.jpeg 1600w\" sizes=\"auto, (max-width: 1024px) 100vw, 1024px\" \/><\/figure>\n\n\n\n<p><\/p>\n","protected":false},"excerpt":{"rendered":"<div class=\"pvc_clear\"><\/div>\n<p id=\"pvc_stats_40055\" class=\"pvc_stats total_only  \" data-element-id=\"40055\" style=\"\"><i class=\"pvc-stats-icon large\" aria-hidden=\"true\"><svg aria-hidden=\"true\" focusable=\"false\" data-prefix=\"far\" data-icon=\"chart-bar\" role=\"img\" xmlns=\"http:\/\/www.w3.org\/2000\/svg\" viewBox=\"0 0 512 512\" class=\"svg-inline--fa fa-chart-bar fa-w-16 fa-2x\"><path fill=\"currentColor\" d=\"M396.8 352h22.4c6.4 0 12.8-6.4 12.8-12.8V108.8c0-6.4-6.4-12.8-12.8-12.8h-22.4c-6.4 0-12.8 6.4-12.8 12.8v230.4c0 6.4 6.4 12.8 12.8 12.8zm-192 0h22.4c6.4 0 12.8-6.4 12.8-12.8V140.8c0-6.4-6.4-12.8-12.8-12.8h-22.4c-6.4 0-12.8 6.4-12.8 12.8v198.4c0 6.4 6.4 12.8 12.8 12.8zm96 0h22.4c6.4 0 12.8-6.4 12.8-12.8V204.8c0-6.4-6.4-12.8-12.8-12.8h-22.4c-6.4 0-12.8 6.4-12.8 12.8v134.4c0 6.4 6.4 12.8 12.8 12.8zM496 400H48V80c0-8.84-7.16-16-16-16H16C7.16 64 0 71.16 0 80v336c0 17.67 14.33 32 32 32h464c8.84 0 16-7.16 16-16v-16c0-8.84-7.16-16-16-16zm-387.2-48h22.4c6.4 0 12.8-6.4 12.8-12.8v-70.4c0-6.4-6.4-12.8-12.8-12.8h-22.4c-6.4 0-12.8 6.4-12.8 12.8v70.4c0 6.4 6.4 12.8 12.8 12.8z\" class=\"\"><\/path><\/svg><\/i> <img loading=\"lazy\" decoding=\"async\" width=\"16\" height=\"16\" alt=\"Loading\" src=\"https:\/\/temucotelevision.cl\/web\/wp-content\/plugins\/page-views-count\/ajax-loader-2x.gif\" border=0 \/><\/p>\n<div class=\"pvc_clear\"><\/div>\n<p>ESTA MEDIDA PRETENDE COMPENSAR A TODOS QUIENES SE VIERON AFECTADOS POR LA CANCELACI\u00d3N DEL CONCIERTO DEL GRUPO ARGENTINO. Durante la<\/p>\n","protected":false},"author":1,"featured_media":40056,"comment_status":"open","ping_status":"open","sticky":false,"template":"","format":"standard","meta":{"colormag_page_container_layout":"default_layout","colormag_page_sidebar_layout":"default_layout","footnotes":""},"categories":[369,14],"tags":[1010,2518,6328,78],"class_list":["post-40055","post","type-post","status-publish","format-standard","has-post-thumbnail","hentry","category-musica","category-temuco","tag-concierto","tag-demanda","tag-miranda","tag-temuco"],"a3_pvc":{"activated":true,"total_views":112,"today_views":0},"_links":{"self":[{"href":"https:\/\/temucotelevision.cl\/web\/wp-json\/wp\/v2\/posts\/40055","targetHints":{"allow":["GET"]}}],"collection":[{"href":"https:\/\/temucotelevision.cl\/web\/wp-json\/wp\/v2\/posts"}],"about":[{"href":"https:\/\/temucotelevision.cl\/web\/wp-json\/wp\/v2\/types\/post"}],"author":[{"embeddable":true,"href":"https:\/\/temucotelevision.cl\/web\/wp-json\/wp\/v2\/users\/1"}],"replies":[{"embeddable":true,"href":"https:\/\/temucotelevision.cl\/web\/wp-json\/wp\/v2\/comments?post=40055"}],"version-history":[{"count":1,"href":"https:\/\/temucotelevision.cl\/web\/wp-json\/wp\/v2\/posts\/40055\/revisions"}],"predecessor-version":[{"id":40058,"href":"https:\/\/temucotelevision.cl\/web\/wp-json\/wp\/v2\/posts\/40055\/revisions\/40058"}],"wp:featuredmedia":[{"embeddable":true,"href":"https:\/\/temucotelevision.cl\/web\/wp-json\/wp\/v2\/media\/40056"}],"wp:attachment":[{"href":"https:\/\/temucotelevision.cl\/web\/wp-json\/wp\/v2\/media?parent=40055"}],"wp:term":[{"taxonomy":"category","embeddable":true,"href":"https:\/\/temucotelevision.cl\/web\/wp-json\/wp\/v2\/categories?post=40055"},{"taxonomy":"post_tag","embeddable":true,"href":"https:\/\/temucotelevision.cl\/web\/wp-json\/wp\/v2\/tags?post=40055"}],"curies":[{"name":"wp","href":"https:\/\/api.w.org\/{rel}","templated":true}]}}