{"id":40052,"date":"2023-04-05T20:33:40","date_gmt":"2023-04-05T23:33:40","guid":{"rendered":"https:\/\/temucotelevision.cl\/web\/?p=40052"},"modified":"2023-04-05T20:33:41","modified_gmt":"2023-04-05T23:33:41","slug":"exitoso-cierre-de-la-tercera-version-de-nahuelbuta-all-in","status":"publish","type":"post","link":"https:\/\/temucotelevision.cl\/web\/2023\/04\/05\/exitoso-cierre-de-la-tercera-version-de-nahuelbuta-all-in\/","title":{"rendered":"Exitoso cierre de la tercera versi\u00f3n de Nahuelbuta All- In"},"content":{"rendered":"<div class=\"pvc_clear\"><\/div><p id=\"pvc_stats_40052\" class=\"pvc_stats total_only  \" data-element-id=\"40052\" style=\"\"><i class=\"pvc-stats-icon large\" aria-hidden=\"true\"><svg aria-hidden=\"true\" focusable=\"false\" data-prefix=\"far\" data-icon=\"chart-bar\" role=\"img\" xmlns=\"http:\/\/www.w3.org\/2000\/svg\" viewBox=\"0 0 512 512\" class=\"svg-inline--fa fa-chart-bar fa-w-16 fa-2x\"><path fill=\"currentColor\" d=\"M396.8 352h22.4c6.4 0 12.8-6.4 12.8-12.8V108.8c0-6.4-6.4-12.8-12.8-12.8h-22.4c-6.4 0-12.8 6.4-12.8 12.8v230.4c0 6.4 6.4 12.8 12.8 12.8zm-192 0h22.4c6.4 0 12.8-6.4 12.8-12.8V140.8c0-6.4-6.4-12.8-12.8-12.8h-22.4c-6.4 0-12.8 6.4-12.8 12.8v198.4c0 6.4 6.4 12.8 12.8 12.8zm96 0h22.4c6.4 0 12.8-6.4 12.8-12.8V204.8c0-6.4-6.4-12.8-12.8-12.8h-22.4c-6.4 0-12.8 6.4-12.8 12.8v134.4c0 6.4 6.4 12.8 12.8 12.8zM496 400H48V80c0-8.84-7.16-16-16-16H16C7.16 64 0 71.16 0 80v336c0 17.67 14.33 32 32 32h464c8.84 0 16-7.16 16-16v-16c0-8.84-7.16-16-16-16zm-387.2-48h22.4c6.4 0 12.8-6.4 12.8-12.8v-70.4c0-6.4-6.4-12.8-12.8-12.8h-22.4c-6.4 0-12.8 6.4-12.8 12.8v70.4c0 6.4 6.4 12.8 12.8 12.8z\" class=\"\"><\/path><\/svg><\/i> <img loading=\"lazy\" decoding=\"async\" width=\"16\" height=\"16\" alt=\"Loading\" src=\"https:\/\/temucotelevision.cl\/web\/wp-content\/plugins\/page-views-count\/ajax-loader-2x.gif\" border=0 \/><\/p><div class=\"pvc_clear\"><\/div>\n<p><em>Angol fue la cuna del campeonato nacional de Trail Running, en coordinaci\u00f3n con la Federaci\u00f3n Atl\u00e9tica de Chile, y con el respaldo de la empresa CMPC como sponsor y el auspicio de la Municipalidad de Angol.<\/em><em><\/em><\/p>\n\n\n\n<p>Una fiesta del Trail Runnig se vivi\u00f3 desde las 6 de la ma\u00f1ana el 1 de abril, en el predio Junquillar de CMPC en la regi\u00f3n de La Araucan\u00eda, donde m\u00e1s de mil competidores participaron en la tercera versi\u00f3n de Nahuelbuta All- In. En esta oportunidad participaron atletas federados en el campeonato nacional y, junto a ellos, deportistas que compitieron en el Desaf\u00edo Nahuelbuta All- In, d\u00e1ndole un doble sabor a la carrera.<\/p>\n\n\n\n<p>Los participantes recibieron el apoyo de sus familias y sus teams que viajaron de distintas partes de nuestro pa\u00eds, desde Isla Juan Fern\u00e1ndez hasta las regiones m\u00e1s extremas de Chile. Tambi\u00e9n destacaron deportistas internacionales.<\/p>\n\n\n\n<p>La competencia fue organizada por la productora Zorcat y patrocinada por la Municipalidad de Angol y CMPC, quienes cedieron el Predio Junquillar, ubicado en el sector Acequias de Angol, para que fuera el escenario de las rutas naturales que los competidores disfrutaron durante toda la jornada.<\/p>\n\n\n\n<p>Felipe Aliste de ZORCAT, agradeci\u00f3 la posibilidad de realizar esta actividad nacional en conjunto con la Federaci\u00f3n Atl\u00e9tica de Chile: \u201cla propuesta implicaba mucho esfuerzo para nosotros, bastante trabajo, un desaf\u00edo nuevo, pero dimos nuestro mejor esfuerzo y estamos muy, muy contentos\u201d.<\/p>\n\n\n\n<p>Jaime Valenzuela, miembro de la Federaci\u00f3n, agreg\u00f3 que \u201cestamos muy contentos de participar en este gran evento para corredores federados y tambi\u00e9n los que no lo est\u00e1n\u201d, se\u00f1alando que el crecimiento de esta actividad se debe a sus participantes y a este tipo de eventos.<\/p>\n\n\n\n<p>Roberto Mart\u00ednez, jefe de Relacionamiento Comunitario de CMPC Angol, resalt\u00f3 la importancia del evento: \u201cesta es una competencia muy grande, que tiene una gran preparaci\u00f3n y coordinaci\u00f3n de Zorcat, donde se congregaron personas de distintas latitudes y, en la cual, CMPC se hace parte con el objetivo de relevar el deporte dentro de nuestro proyecto Bosque Vivo, en que considera actividades relacionadas al trail running, al mountain bike y donde la comunidad pueda participar en el bosque e interactuar con nuestros predios\u201d, agreg\u00f3.<\/p>\n\n\n\n<p>Nahuelbuta All- In se dividi\u00f3 en 4 distancias competitivas, 60, 30, 17 y 9 kil\u00f3metros, sumando para esta versi\u00f3n una distancia infantil de 2 kil\u00f3metros, para ni\u00f1os y ni\u00f1as de 3 a 13 a\u00f1os.<\/p>\n\n\n\n<p>En la categor\u00eda Long Distance (60k) se coronaron ganadores: Santiago Morgazzene y Contanza Leal, esta \u00faltima destaca en la historia del trail nacional. En los 30k triunfaron Luis Valle y Dominga Villarino, mientras que en la categor\u00eda de 17 kil\u00f3metros llegaron primeros a la meta Diego Diaz y la angolina Paula Nazal, quien al ser la primera mujer de la distancia en llegar al p\u00f3rtico, se convirti\u00f3 en campeona nacional, con la posibilidad de representar a Chile en el Mundial de Mountain Runnig y Trail Running de Austria en junio del 2023. Finalmente, los 9k se fueron con Agust\u00edn Garc\u00eda y Nazareth Stack.<\/p>\n\n\n\n<p>Es importante resaltar que esta competencia nacional permiti\u00f3 a los deportistas federados optar por un cupo en el Mundial de Austria 2023, y que Nahuelbuta All In se transform\u00f3 en una actividad de primer nivel, tanto por su producci\u00f3n, como por el entorno natural en el que se desarroll\u00f3 la competencia.<\/p>\n\n\n\n<p><strong><u>Ganadores de Nahuelbuta All- In<\/u><\/strong><strong><u><\/u><\/strong><\/p>\n\n\n\n<p><strong><u>60 k Categor\u00eda General<\/u><\/strong><strong><u><\/u><\/strong><strong><u><\/u><\/strong><\/p>\n\n\n\n<p><strong><u>Hombres<\/u><\/strong><strong><u><\/u><\/strong><\/p>\n\n\n\n<p>Santiago Morgazzene<\/p>\n\n\n\n<p>Emanuel Acu\u00f1a<\/p>\n\n\n\n<p>Eduardo M\u00fcller<\/p>\n\n\n\n<p><strong><u>Mujeres<\/u><\/strong><strong><u><\/u><\/strong><\/p>\n\n\n\n<p>Constanza Leal&nbsp;<\/p>\n\n\n\n<p>Carla Fuenzalida&nbsp;<\/p>\n\n\n\n<p>Patricia Gonz\u00e1lez<\/p>\n\n\n\n<p><strong><u>30 k Categor\u00eda General<\/u><\/strong><strong><u><\/u><\/strong><strong><u><\/u><\/strong><\/p>\n\n\n\n<p><strong><u>Hombres<\/u><\/strong><strong><u><\/u><\/strong><\/p>\n\n\n\n<p>Luis Valle<\/p>\n\n\n\n<p>Jos\u00e9 Manuel Quispe<\/p>\n\n\n\n<p>Juan Pablo Llanos<\/p>\n\n\n\n<p><strong><u>Mujeres<\/u><\/strong><strong><u><\/u><\/strong><\/p>\n\n\n\n<p>Dominga Villarino<\/p>\n\n\n\n<p>Patricia Cobi<\/p>\n\n\n\n<p>Macarena Cayuqueo<\/p>\n\n\n\n<p><strong><u>17 k Categor\u00eda General<\/u><\/strong><strong><u><\/u><\/strong><strong><u><\/u><\/strong><\/p>\n\n\n\n<p><strong><u>Hombres<\/u><\/strong><strong><u><\/u><\/strong><\/p>\n\n\n\n<p>Diego D\u00edaz&nbsp;<\/p>\n\n\n\n<p>Gabriel Halans&nbsp;<\/p>\n\n\n\n<p>Dar\u00edo Campos<\/p>\n\n\n\n<p><strong><u>Mujeres<\/u><\/strong><strong><u><\/u><\/strong><\/p>\n\n\n\n<p>Paula Nazal<\/p>\n\n\n\n<p>Andrea Jim\u00e9nez<\/p>\n\n\n\n<p>Tamara Veliz<\/p>\n\n\n\n<p><strong><u>9 k Categor\u00eda General<\/u><\/strong><strong><u><\/u><\/strong><strong><u><\/u><\/strong><\/p>\n\n\n\n<p><strong><u>Hombres<\/u><\/strong><strong><u><\/u><\/strong><\/p>\n\n\n\n<p>Agust\u00edn Garc\u00eda<\/p>\n\n\n\n<p>Julio Espinoza<\/p>\n\n\n\n<p>Arturo Gonz\u00e1lez<\/p>\n\n\n\n<p><strong><u>Mujeres<\/u><\/strong><strong><u><\/u><\/strong><\/p>\n\n\n\n<p>Nazareth Stack<\/p>\n\n\n\n<p>Karla Pulgar<\/p>\n\n\n\n<p>Carla Carrillo<\/p>\n","protected":false},"excerpt":{"rendered":"<div class=\"pvc_clear\"><\/div>\n<p id=\"pvc_stats_40052\" class=\"pvc_stats total_only  \" data-element-id=\"40052\" style=\"\"><i class=\"pvc-stats-icon large\" aria-hidden=\"true\"><svg aria-hidden=\"true\" focusable=\"false\" data-prefix=\"far\" data-icon=\"chart-bar\" role=\"img\" xmlns=\"http:\/\/www.w3.org\/2000\/svg\" viewBox=\"0 0 512 512\" class=\"svg-inline--fa fa-chart-bar fa-w-16 fa-2x\"><path fill=\"currentColor\" d=\"M396.8 352h22.4c6.4 0 12.8-6.4 12.8-12.8V108.8c0-6.4-6.4-12.8-12.8-12.8h-22.4c-6.4 0-12.8 6.4-12.8 12.8v230.4c0 6.4 6.4 12.8 12.8 12.8zm-192 0h22.4c6.4 0 12.8-6.4 12.8-12.8V140.8c0-6.4-6.4-12.8-12.8-12.8h-22.4c-6.4 0-12.8 6.4-12.8 12.8v198.4c0 6.4 6.4 12.8 12.8 12.8zm96 0h22.4c6.4 0 12.8-6.4 12.8-12.8V204.8c0-6.4-6.4-12.8-12.8-12.8h-22.4c-6.4 0-12.8 6.4-12.8 12.8v134.4c0 6.4 6.4 12.8 12.8 12.8zM496 400H48V80c0-8.84-7.16-16-16-16H16C7.16 64 0 71.16 0 80v336c0 17.67 14.33 32 32 32h464c8.84 0 16-7.16 16-16v-16c0-8.84-7.16-16-16-16zm-387.2-48h22.4c6.4 0 12.8-6.4 12.8-12.8v-70.4c0-6.4-6.4-12.8-12.8-12.8h-22.4c-6.4 0-12.8 6.4-12.8 12.8v70.4c0 6.4 6.4 12.8 12.8 12.8z\" class=\"\"><\/path><\/svg><\/i> <img loading=\"lazy\" decoding=\"async\" width=\"16\" height=\"16\" alt=\"Loading\" src=\"https:\/\/temucotelevision.cl\/web\/wp-content\/plugins\/page-views-count\/ajax-loader-2x.gif\" border=0 \/><\/p>\n<div class=\"pvc_clear\"><\/div>\n<p>Angol fue la cuna del campeonato nacional de Trail Running, en coordinaci\u00f3n con la Federaci\u00f3n Atl\u00e9tica de Chile, y con<\/p>\n","protected":false},"author":1,"featured_media":40053,"comment_status":"open","ping_status":"open","sticky":false,"template":"","format":"standard","meta":{"colormag_page_container_layout":"default_layout","colormag_page_sidebar_layout":"default_layout","footnotes":""},"categories":[86],"tags":[6327,559,910,2145,1021],"class_list":["post-40052","post","type-post","status-publish","format-standard","has-post-thumbnail","hentry","category-panoramas","tag-all-in","tag-angol","tag-campeonato","tag-nahuelbuta","tag-version"],"a3_pvc":{"activated":true,"total_views":104,"today_views":0},"_links":{"self":[{"href":"https:\/\/temucotelevision.cl\/web\/wp-json\/wp\/v2\/posts\/40052","targetHints":{"allow":["GET"]}}],"collection":[{"href":"https:\/\/temucotelevision.cl\/web\/wp-json\/wp\/v2\/posts"}],"about":[{"href":"https:\/\/temucotelevision.cl\/web\/wp-json\/wp\/v2\/types\/post"}],"author":[{"embeddable":true,"href":"https:\/\/temucotelevision.cl\/web\/wp-json\/wp\/v2\/users\/1"}],"replies":[{"embeddable":true,"href":"https:\/\/temucotelevision.cl\/web\/wp-json\/wp\/v2\/comments?post=40052"}],"version-history":[{"count":1,"href":"https:\/\/temucotelevision.cl\/web\/wp-json\/wp\/v2\/posts\/40052\/revisions"}],"predecessor-version":[{"id":40054,"href":"https:\/\/temucotelevision.cl\/web\/wp-json\/wp\/v2\/posts\/40052\/revisions\/40054"}],"wp:featuredmedia":[{"embeddable":true,"href":"https:\/\/temucotelevision.cl\/web\/wp-json\/wp\/v2\/media\/40053"}],"wp:attachment":[{"href":"https:\/\/temucotelevision.cl\/web\/wp-json\/wp\/v2\/media?parent=40052"}],"wp:term":[{"taxonomy":"category","embeddable":true,"href":"https:\/\/temucotelevision.cl\/web\/wp-json\/wp\/v2\/categories?post=40052"},{"taxonomy":"post_tag","embeddable":true,"href":"https:\/\/temucotelevision.cl\/web\/wp-json\/wp\/v2\/tags?post=40052"}],"curies":[{"name":"wp","href":"https:\/\/api.w.org\/{rel}","templated":true}]}}