{"id":40049,"date":"2023-04-05T20:26:30","date_gmt":"2023-04-05T23:26:30","guid":{"rendered":"https:\/\/temucotelevision.cl\/web\/?p=40049"},"modified":"2023-04-05T20:26:31","modified_gmt":"2023-04-05T23:26:31","slug":"en-malleco-ninos-con-necesidades-especiales-se-quedan-sin-terapias-por-falta-de-financiamiento","status":"publish","type":"post","link":"https:\/\/temucotelevision.cl\/web\/2023\/04\/05\/en-malleco-ninos-con-necesidades-especiales-se-quedan-sin-terapias-por-falta-de-financiamiento\/","title":{"rendered":"En Malleco ni\u00f1os con necesidades especiales se quedan sin terapias por falta de financiamiento"},"content":{"rendered":"<div class=\"pvc_clear\"><\/div><p id=\"pvc_stats_40049\" class=\"pvc_stats total_only  \" data-element-id=\"40049\" style=\"\"><i class=\"pvc-stats-icon large\" aria-hidden=\"true\"><svg aria-hidden=\"true\" focusable=\"false\" data-prefix=\"far\" data-icon=\"chart-bar\" role=\"img\" xmlns=\"http:\/\/www.w3.org\/2000\/svg\" viewBox=\"0 0 512 512\" class=\"svg-inline--fa fa-chart-bar fa-w-16 fa-2x\"><path fill=\"currentColor\" d=\"M396.8 352h22.4c6.4 0 12.8-6.4 12.8-12.8V108.8c0-6.4-6.4-12.8-12.8-12.8h-22.4c-6.4 0-12.8 6.4-12.8 12.8v230.4c0 6.4 6.4 12.8 12.8 12.8zm-192 0h22.4c6.4 0 12.8-6.4 12.8-12.8V140.8c0-6.4-6.4-12.8-12.8-12.8h-22.4c-6.4 0-12.8 6.4-12.8 12.8v198.4c0 6.4 6.4 12.8 12.8 12.8zm96 0h22.4c6.4 0 12.8-6.4 12.8-12.8V204.8c0-6.4-6.4-12.8-12.8-12.8h-22.4c-6.4 0-12.8 6.4-12.8 12.8v134.4c0 6.4 6.4 12.8 12.8 12.8zM496 400H48V80c0-8.84-7.16-16-16-16H16C7.16 64 0 71.16 0 80v336c0 17.67 14.33 32 32 32h464c8.84 0 16-7.16 16-16v-16c0-8.84-7.16-16-16-16zm-387.2-48h22.4c6.4 0 12.8-6.4 12.8-12.8v-70.4c0-6.4-6.4-12.8-12.8-12.8h-22.4c-6.4 0-12.8 6.4-12.8 12.8v70.4c0 6.4 6.4 12.8 12.8 12.8z\" class=\"\"><\/path><\/svg><\/i> <img loading=\"lazy\" decoding=\"async\" width=\"16\" height=\"16\" alt=\"Loading\" src=\"https:\/\/temucotelevision.cl\/web\/wp-content\/plugins\/page-views-count\/ajax-loader-2x.gif\" border=0 \/><\/p><div class=\"pvc_clear\"><\/div>\n<p>\u201cPerseverat\u00f3n\u201d es denominada la campa\u00f1a de recaudaci\u00f3n de fondos dirigida a empresarios y a toda la sociedad civil. Los datos para aportar est\u00e1n disponibles en&nbsp;<a href=\"http:\/\/www.asociacionpersevera.cl\/como-ayudar\/\" target=\"_blank\" rel=\"noreferrer noopener\">www.asociacionpersevera.cl\/como-ayudar\/<\/a><\/p>\n\n\n\n<p><strong>CAMPA\u00d1A.-&nbsp;<\/strong>Un llamado a la solidaridad es el que est\u00e1 realizando Asociaci\u00f3n Persevera, un centro de terapias y estimulaci\u00f3n temprana para ni\u00f1os, ni\u00f1as y adolescentes con s\u00edndrome de down, autismo y ubicado en Victoria. La organizaci\u00f3n sin fines de lucro atiende casi cincuenta usuarios, quince de ellos becados, de zonas urbanas y rurales de Victoria, Traigu\u00e9n, Curacaut\u00edn, Galvarino, Ercilla, Lautaro y Collipulli que ya no podr\u00e1n recibir acompa\u00f1amientos terap\u00e9uticos por falta de financiamiento.&nbsp;<\/p>\n\n\n\n<p>\u201cCon ellos trabajan cinco profesionales, un terapeuta ocupacional, una fonoaudi\u00f3loga, educador diferencial, kinesi\u00f3logo y sic\u00f3loga, generalmente son cinco terapias a la semana para cada ni\u00f1o y eso quiere decir que son 20 terapias al mes para cada ni\u00f1o con discapacidad, es un gasto bastante alto que actualmente muchas familias no pueden cubrir\u201d, comenta Giselle Guembes, presidenta de Persevera.<\/p>\n\n\n\n<p>A pesar de buscar autofinanciarse a trav\u00e9s de las ventas en un foodtruck instalado en la Universidad Arturo Prat sede Victoria y postular a distintos proyectos, la realidad es que este mes decenas de ni\u00f1os se quedar\u00e1n sin sus terapias solo por no contar con recursos econ\u00f3micos. Por esta raz\u00f3n, desde el 2 de abril, D\u00eda Mundial del Autismo, han comenzado una campa\u00f1a solidaria denominada&nbsp;<strong>\u201cPerseverat\u00f3n\u201d<\/strong>&nbsp;dirigida a empresas y a la sociedad civil. \u201cPara sustentar los gastos de los ni\u00f1os becados necesitamos dos millones de pesos al mes\u201d recalca Gumbes.&nbsp;<\/p>\n\n\n\n<p>Toda persona puede realizar su aporte en \u00a0<a rel=\"noreferrer noopener\" href=\"http:\/\/www.asociacionpersevera.cl\/como-ayudar\" target=\"_blank\">www.asociacionpersevera.cl\/como-ayudar<\/a>\u00a0a trav\u00e9s de transferencias bancarias. Para cualquier duda pueden escribir a\u00a0<a rel=\"noreferrer noopener\" href=\"mailto:perseveradown@gmail.com\" target=\"_blank\">perseveradown<\/a>@adminzaxhh34<\/p>\n","protected":false},"excerpt":{"rendered":"<div class=\"pvc_clear\"><\/div>\n<p id=\"pvc_stats_40049\" class=\"pvc_stats total_only  \" data-element-id=\"40049\" style=\"\"><i class=\"pvc-stats-icon large\" aria-hidden=\"true\"><svg aria-hidden=\"true\" focusable=\"false\" data-prefix=\"far\" data-icon=\"chart-bar\" role=\"img\" xmlns=\"http:\/\/www.w3.org\/2000\/svg\" viewBox=\"0 0 512 512\" class=\"svg-inline--fa fa-chart-bar fa-w-16 fa-2x\"><path fill=\"currentColor\" d=\"M396.8 352h22.4c6.4 0 12.8-6.4 12.8-12.8V108.8c0-6.4-6.4-12.8-12.8-12.8h-22.4c-6.4 0-12.8 6.4-12.8 12.8v230.4c0 6.4 6.4 12.8 12.8 12.8zm-192 0h22.4c6.4 0 12.8-6.4 12.8-12.8V140.8c0-6.4-6.4-12.8-12.8-12.8h-22.4c-6.4 0-12.8 6.4-12.8 12.8v198.4c0 6.4 6.4 12.8 12.8 12.8zm96 0h22.4c6.4 0 12.8-6.4 12.8-12.8V204.8c0-6.4-6.4-12.8-12.8-12.8h-22.4c-6.4 0-12.8 6.4-12.8 12.8v134.4c0 6.4 6.4 12.8 12.8 12.8zM496 400H48V80c0-8.84-7.16-16-16-16H16C7.16 64 0 71.16 0 80v336c0 17.67 14.33 32 32 32h464c8.84 0 16-7.16 16-16v-16c0-8.84-7.16-16-16-16zm-387.2-48h22.4c6.4 0 12.8-6.4 12.8-12.8v-70.4c0-6.4-6.4-12.8-12.8-12.8h-22.4c-6.4 0-12.8 6.4-12.8 12.8v70.4c0 6.4 6.4 12.8 12.8 12.8z\" class=\"\"><\/path><\/svg><\/i> <img loading=\"lazy\" decoding=\"async\" width=\"16\" height=\"16\" alt=\"Loading\" src=\"https:\/\/temucotelevision.cl\/web\/wp-content\/plugins\/page-views-count\/ajax-loader-2x.gif\" border=0 \/><\/p>\n<div class=\"pvc_clear\"><\/div>\n<p>\u201cPerseverat\u00f3n\u201d es denominada la campa\u00f1a de recaudaci\u00f3n de fondos dirigida a empresarios y a toda la sociedad civil. Los datos<\/p>\n","protected":false},"author":1,"featured_media":40050,"comment_status":"open","ping_status":"open","sticky":false,"template":"","format":"standard","meta":{"colormag_page_container_layout":"default_layout","colormag_page_sidebar_layout":"default_layout","footnotes":""},"categories":[15],"tags":[3320,510,3801,6326],"class_list":["post-40049","post","type-post","status-publish","format-standard","has-post-thumbnail","hentry","category-la-araucania","tag-financiamiento","tag-malleco","tag-nins","tag-terapias"],"a3_pvc":{"activated":true,"total_views":117,"today_views":0},"_links":{"self":[{"href":"https:\/\/temucotelevision.cl\/web\/wp-json\/wp\/v2\/posts\/40049","targetHints":{"allow":["GET"]}}],"collection":[{"href":"https:\/\/temucotelevision.cl\/web\/wp-json\/wp\/v2\/posts"}],"about":[{"href":"https:\/\/temucotelevision.cl\/web\/wp-json\/wp\/v2\/types\/post"}],"author":[{"embeddable":true,"href":"https:\/\/temucotelevision.cl\/web\/wp-json\/wp\/v2\/users\/1"}],"replies":[{"embeddable":true,"href":"https:\/\/temucotelevision.cl\/web\/wp-json\/wp\/v2\/comments?post=40049"}],"version-history":[{"count":1,"href":"https:\/\/temucotelevision.cl\/web\/wp-json\/wp\/v2\/posts\/40049\/revisions"}],"predecessor-version":[{"id":40051,"href":"https:\/\/temucotelevision.cl\/web\/wp-json\/wp\/v2\/posts\/40049\/revisions\/40051"}],"wp:featuredmedia":[{"embeddable":true,"href":"https:\/\/temucotelevision.cl\/web\/wp-json\/wp\/v2\/media\/40050"}],"wp:attachment":[{"href":"https:\/\/temucotelevision.cl\/web\/wp-json\/wp\/v2\/media?parent=40049"}],"wp:term":[{"taxonomy":"category","embeddable":true,"href":"https:\/\/temucotelevision.cl\/web\/wp-json\/wp\/v2\/categories?post=40049"},{"taxonomy":"post_tag","embeddable":true,"href":"https:\/\/temucotelevision.cl\/web\/wp-json\/wp\/v2\/tags?post=40049"}],"curies":[{"name":"wp","href":"https:\/\/api.w.org\/{rel}","templated":true}]}}