{"id":40045,"date":"2023-04-05T20:00:04","date_gmt":"2023-04-05T23:00:04","guid":{"rendered":"https:\/\/temucotelevision.cl\/web\/?p=40045"},"modified":"2023-04-05T20:00:05","modified_gmt":"2023-04-05T23:00:05","slug":"araucania-operativo-quirurgico-permitio-reducir-lista-de-espera-con-cirugias-urologicas-en-ninos-y-adolescentes","status":"publish","type":"post","link":"https:\/\/temucotelevision.cl\/web\/2023\/04\/05\/araucania-operativo-quirurgico-permitio-reducir-lista-de-espera-con-cirugias-urologicas-en-ninos-y-adolescentes\/","title":{"rendered":"Araucan\u00eda: Operativo quir\u00fargico permiti\u00f3 reducir lista de espera con cirug\u00edas urol\u00f3gicas en ni\u00f1os y adolescentes"},"content":{"rendered":"<div class=\"pvc_clear\"><\/div><p id=\"pvc_stats_40045\" class=\"pvc_stats total_only  \" data-element-id=\"40045\" style=\"\"><i class=\"pvc-stats-icon large\" aria-hidden=\"true\"><svg aria-hidden=\"true\" focusable=\"false\" data-prefix=\"far\" data-icon=\"chart-bar\" role=\"img\" xmlns=\"http:\/\/www.w3.org\/2000\/svg\" viewBox=\"0 0 512 512\" class=\"svg-inline--fa fa-chart-bar fa-w-16 fa-2x\"><path fill=\"currentColor\" d=\"M396.8 352h22.4c6.4 0 12.8-6.4 12.8-12.8V108.8c0-6.4-6.4-12.8-12.8-12.8h-22.4c-6.4 0-12.8 6.4-12.8 12.8v230.4c0 6.4 6.4 12.8 12.8 12.8zm-192 0h22.4c6.4 0 12.8-6.4 12.8-12.8V140.8c0-6.4-6.4-12.8-12.8-12.8h-22.4c-6.4 0-12.8 6.4-12.8 12.8v198.4c0 6.4 6.4 12.8 12.8 12.8zm96 0h22.4c6.4 0 12.8-6.4 12.8-12.8V204.8c0-6.4-6.4-12.8-12.8-12.8h-22.4c-6.4 0-12.8 6.4-12.8 12.8v134.4c0 6.4 6.4 12.8 12.8 12.8zM496 400H48V80c0-8.84-7.16-16-16-16H16C7.16 64 0 71.16 0 80v336c0 17.67 14.33 32 32 32h464c8.84 0 16-7.16 16-16v-16c0-8.84-7.16-16-16-16zm-387.2-48h22.4c6.4 0 12.8-6.4 12.8-12.8v-70.4c0-6.4-6.4-12.8-12.8-12.8h-22.4c-6.4 0-12.8 6.4-12.8 12.8v70.4c0 6.4 6.4 12.8 12.8 12.8z\" class=\"\"><\/path><\/svg><\/i> <img loading=\"lazy\" decoding=\"async\" width=\"16\" height=\"16\" alt=\"Loading\" src=\"https:\/\/temucotelevision.cl\/web\/wp-content\/plugins\/page-views-count\/ajax-loader-2x.gif\" border=0 \/><\/p><div class=\"pvc_clear\"><\/div>\n<p><em>Por sexta vez, Corporaci\u00f3n Renal Infantil MATER, se traslad\u00f3 a la regi\u00f3n junto a equipo m\u00e9dico voluntario para ayudar a ni\u00f1os que se encontraban en lista de espera para una cirug\u00eda de alta complejidad que permite evitar problemas en sus ri\u00f1ones.&nbsp;<\/em><\/p>\n\n\n\n<p>El d\u00eda jueves 30 y viernes 31 de marzo, pacientes del Hospital Dr. Hern\u00e1n Henr\u00edquez Aravena de Temuco y al Hospital San Jos\u00e9 de Victoria, diagnosticados con hipospadia, pudieron acceder a una operaci\u00f3n para reparar este problema, las cuales siempre deber\u00edan realizarse a temprana edad, aunque en muchos casos por la falta de especialistas termina siendo postergada, pero gracias al apoyo de organizaciones estas pueden ser evitadas, entre ellas la Corporaci\u00f3n Renal Infantil MATER.<\/p>\n\n\n\n<p>De este modo, la Corporaci\u00f3n MATER se dirigi\u00f3 a ambos hospitales junto a un equipo de especialistas voluntarios en urolog\u00eda infantil formado por el Dr. Jos\u00e9 Antonio Sep\u00falveda del Hospital Cl\u00ednico Magallanes de Punta Arenas, Dr. Claudio Nome y Dra. Pilar Echeverr\u00eda del Hospital de Temuco, y Constanza Olivares, enfermera subdirectora de salud de la Corporaci\u00f3n; como tambi\u00e9n equipo de planta, como la Dra. Fernanda Carre\u00f1o, cirujana infantil en el Hospital de Temuco, y la Dra. Andrea Ruiz y Dr. Rodrigo Brunet, ambos cirujanos infantiles del hospital de Victoria.&nbsp;<\/p>\n\n\n\n<p>En cuanto a la hipospadia, es un defecto de nacimiento que consiste en que la abertura de la uretra no se encuentra en la punta del pene, lo que puede generar m\u00faltiples molestias como tener que orinar sentado, mojarse la ropa al orinar, entre otros; afectando directamente en la calidad de vida del paciente. La cirug\u00eda consiste en corregir la malformaci\u00f3n, en una o dos cirug\u00edas, dependiendo el caso, para que el meato se ubique en la punta del pene.&nbsp;<\/p>\n\n\n\n<p><em>\u201cComo Corporaci\u00f3n MATER, nos alegra mucho esta alianza que tenemos con el hospital de Victoria ya hace algunos a\u00f1os donde hemos beneficiado a varios pacientes de la zona, y en esta oportunidad se sum\u00f3 por primera vez el hospital de Temuco, donde esperamos que ambas relaciones perduren a trav\u00e9s del tiempo para que nos permita regresar a beneficiar pacientes en conjunto, d\u00e1ndonos la oportunidad de contribuir a la salud de la zona\u201d,<\/em> destaca Constanza Olivares, enfermera subdirectora de salud de la Corporaci\u00f3n e integrante del equipo voluntario de este operativo.<\/p>\n\n\n\n<p><em>\u201cPara nosotros como hospital esta alianza con la Corporaci\u00f3n MATER es una gran oportunidad que nos permite resolver esta patolog\u00eda muy espec\u00edfica y compleja a ni\u00f1os de la regi\u00f3n, por lo que fue gratificante este primer operativo en beneficio de nuestros pacientes, especialmente cuando parte importante del equipo de cirujanos pertenece nuestro establecimiento asistencial\u201d,<\/em> indic\u00f3 Heber Rickenberg, Director del HHHA de Temuco.<\/p>\n\n\n\n<p>Por su parte, la&nbsp; Dra. Andrea Ruiz, cirujana infantil del Hospital de Victoria, coment\u00f3 que <em>\u201cEste operativo es el sexto que se realiz\u00f3 junto a la Corporaci\u00f3n MATER en nuestro hospital de Victoria, con la finalidad b\u00e1sicamente de darle prioridad y mayor agilidad a lo que es la atenci\u00f3n de nuestros pacientes pedi\u00e1tricos, que efectivamente requieren de cirug\u00edas urol\u00f3gicas, y que si no fuera de esta manera tendr\u00edan no tendr\u00edan soluci\u00f3n en dos o tres a\u00f1os m\u00e1s. Por lo que con este operativo buscamos operar a todos los pacientes de la zona, b\u00e1sicamente de la regi\u00f3n de la Araucan\u00eda Norte antes de tiempo y poder darle de esta manera la forma m\u00e1s prolija, y de mejor manera prioritaria dar soluci\u00f3n a sus problemas\u201d.<\/em><\/p>\n\n\n\n<p>El operativo benefici\u00f3 a 13 ni\u00f1os de la regi\u00f3n entre 1 a 13 a\u00f1os de edad, d\u00e1ndose inicio el d\u00eda jueves 31 de marzo en Temuco operando a tres pacientes, continuando luego el d\u00eda viernes 30 de marzo en Victoria con 10 usuarios, lugar donde contaron con dos pabellones, realizando las operaciones de manera simult\u00e1nea; adem\u00e1s de todo el personal t\u00e9cnico necesario, asegurando de esta manera el \u00e9xito de esta cruzada.<\/p>\n\n\n\n<p>Este es el 59 operativo quir\u00fargico que Corporaci\u00f3n MATER realiza a nivel nacional, y el&nbsp; sexto junto al Hospital de Victoria, los cuales vienen desarroll\u00e1ndose desde 2015, los que a la fecha han facilitado la realizaci\u00f3n de m\u00e1s de 63 cirug\u00edas en ni\u00f1os y adolescentes de la zona, evitando de esta manera prevenir la enfermedad renal. Cabe destacar que para este operativo, el traslado del equipo m\u00e9dico desde Santiago se realiz\u00f3 gracias a la colaboraci\u00f3n con Sky Airline.<\/p>\n\n\n\n<p>Corporaci\u00f3n Renal Infantil MATER, realiza m\u00e1s de 14 mil ex\u00e1menes al a\u00f1o en su Centro de Diagn\u00f3stico ubicado en la Regi\u00f3n Metropolitana en la comuna de San Miguel, entregan m\u00e1s de 3 mil noches cama en su Casa de Acogida y facilitan m\u00e1s de 300 operaciones en Santiago y regiones de todo Chile.\u00a0 Para m\u00e1s informaci\u00f3n en <a rel=\"noreferrer noopener\" href=\"http:\/\/www.corporacionmater.cl\/\" target=\"_blank\">www.corporacionmater.cl<\/a> y en sus redes sociales <a rel=\"noreferrer noopener\" href=\"https:\/\/es-la.facebook.com\/CorporacionMATER\/\" target=\"_blank\">Facebook<\/a> e <a rel=\"noreferrer noopener\" href=\"https:\/\/www.instagram.com\/corporacionmater\/\" target=\"_blank\">Instagram<\/a> @corporacionmater<\/p>\n\n\n\n<figure class=\"wp-block-image size-full\"><img loading=\"lazy\" decoding=\"async\" width=\"1024\" height=\"768\" src=\"https:\/\/temucotelevision.cl\/web\/wp-content\/uploads\/2023\/04\/Operativo-Victoria_Corp.MATER4_.jpeg\" alt=\"\" class=\"wp-image-40047\" srcset=\"https:\/\/temucotelevision.cl\/web\/wp-content\/uploads\/2023\/04\/Operativo-Victoria_Corp.MATER4_.jpeg 1024w, https:\/\/temucotelevision.cl\/web\/wp-content\/uploads\/2023\/04\/Operativo-Victoria_Corp.MATER4_-768x576.jpeg 768w\" sizes=\"auto, (max-width: 1024px) 100vw, 1024px\" \/><\/figure>\n","protected":false},"excerpt":{"rendered":"<div class=\"pvc_clear\"><\/div>\n<p id=\"pvc_stats_40045\" class=\"pvc_stats total_only  \" data-element-id=\"40045\" style=\"\"><i class=\"pvc-stats-icon large\" aria-hidden=\"true\"><svg aria-hidden=\"true\" focusable=\"false\" data-prefix=\"far\" data-icon=\"chart-bar\" role=\"img\" xmlns=\"http:\/\/www.w3.org\/2000\/svg\" viewBox=\"0 0 512 512\" class=\"svg-inline--fa fa-chart-bar fa-w-16 fa-2x\"><path fill=\"currentColor\" d=\"M396.8 352h22.4c6.4 0 12.8-6.4 12.8-12.8V108.8c0-6.4-6.4-12.8-12.8-12.8h-22.4c-6.4 0-12.8 6.4-12.8 12.8v230.4c0 6.4 6.4 12.8 12.8 12.8zm-192 0h22.4c6.4 0 12.8-6.4 12.8-12.8V140.8c0-6.4-6.4-12.8-12.8-12.8h-22.4c-6.4 0-12.8 6.4-12.8 12.8v198.4c0 6.4 6.4 12.8 12.8 12.8zm96 0h22.4c6.4 0 12.8-6.4 12.8-12.8V204.8c0-6.4-6.4-12.8-12.8-12.8h-22.4c-6.4 0-12.8 6.4-12.8 12.8v134.4c0 6.4 6.4 12.8 12.8 12.8zM496 400H48V80c0-8.84-7.16-16-16-16H16C7.16 64 0 71.16 0 80v336c0 17.67 14.33 32 32 32h464c8.84 0 16-7.16 16-16v-16c0-8.84-7.16-16-16-16zm-387.2-48h22.4c6.4 0 12.8-6.4 12.8-12.8v-70.4c0-6.4-6.4-12.8-12.8-12.8h-22.4c-6.4 0-12.8 6.4-12.8 12.8v70.4c0 6.4 6.4 12.8 12.8 12.8z\" class=\"\"><\/path><\/svg><\/i> <img loading=\"lazy\" decoding=\"async\" width=\"16\" height=\"16\" alt=\"Loading\" src=\"https:\/\/temucotelevision.cl\/web\/wp-content\/plugins\/page-views-count\/ajax-loader-2x.gif\" border=0 \/><\/p>\n<div class=\"pvc_clear\"><\/div>\n<p>Por sexta vez, Corporaci\u00f3n Renal Infantil MATER, se traslad\u00f3 a la regi\u00f3n junto a equipo m\u00e9dico voluntario para ayudar a<\/p>\n","protected":false},"author":1,"featured_media":40046,"comment_status":"open","ping_status":"open","sticky":false,"template":"","format":"standard","meta":{"colormag_page_container_layout":"default_layout","colormag_page_sidebar_layout":"default_layout","footnotes":""},"categories":[15],"tags":[885,3801,133],"class_list":["post-40045","post","type-post","status-publish","format-standard","has-post-thumbnail","hentry","category-la-araucania","tag-cirugias","tag-nins","tag-operativo"],"a3_pvc":{"activated":true,"total_views":155,"today_views":0},"_links":{"self":[{"href":"https:\/\/temucotelevision.cl\/web\/wp-json\/wp\/v2\/posts\/40045","targetHints":{"allow":["GET"]}}],"collection":[{"href":"https:\/\/temucotelevision.cl\/web\/wp-json\/wp\/v2\/posts"}],"about":[{"href":"https:\/\/temucotelevision.cl\/web\/wp-json\/wp\/v2\/types\/post"}],"author":[{"embeddable":true,"href":"https:\/\/temucotelevision.cl\/web\/wp-json\/wp\/v2\/users\/1"}],"replies":[{"embeddable":true,"href":"https:\/\/temucotelevision.cl\/web\/wp-json\/wp\/v2\/comments?post=40045"}],"version-history":[{"count":1,"href":"https:\/\/temucotelevision.cl\/web\/wp-json\/wp\/v2\/posts\/40045\/revisions"}],"predecessor-version":[{"id":40048,"href":"https:\/\/temucotelevision.cl\/web\/wp-json\/wp\/v2\/posts\/40045\/revisions\/40048"}],"wp:featuredmedia":[{"embeddable":true,"href":"https:\/\/temucotelevision.cl\/web\/wp-json\/wp\/v2\/media\/40046"}],"wp:attachment":[{"href":"https:\/\/temucotelevision.cl\/web\/wp-json\/wp\/v2\/media?parent=40045"}],"wp:term":[{"taxonomy":"category","embeddable":true,"href":"https:\/\/temucotelevision.cl\/web\/wp-json\/wp\/v2\/categories?post=40045"},{"taxonomy":"post_tag","embeddable":true,"href":"https:\/\/temucotelevision.cl\/web\/wp-json\/wp\/v2\/tags?post=40045"}],"curies":[{"name":"wp","href":"https:\/\/api.w.org\/{rel}","templated":true}]}}